{"id":38916,"date":"2025-07-17T15:34:34","date_gmt":"2025-07-17T18:34:34","guid":{"rendered":"https:\/\/webpe.colegiomayor.cl\/?p=38916"},"modified":"2025-07-17T16:47:01","modified_gmt":"2025-07-17T19:47:01","slug":"amaya-veliz-la-joven-capitana-sub-14-se-corona-campeona-nacional","status":"publish","type":"post","link":"https:\/\/webpe.colegiomayor.cl\/?p=38916","title":{"rendered":"Amaya V\u00e9liz, la joven capitana Sub 14 se corona campeona nacional"},"content":{"rendered":"\n<p>Amaya V\u00e9liz Esc\u00e1rate, estudiante de 7\u00b0 C de nuestro colegio, hizo historia como <strong>capitana del equipo Sub 14 femenino<\/strong> de la Universidad Cat\u00f3lica, que se consagr\u00f3 campe\u00f3n nacional <strong>tras vencer 2-0 <\/strong>a Colo Colo en la gran final. Un logro que refleja su talento, disciplina y liderazgo dentro y fuera de la cancha. \u00a1Felicitaciones, Amaya, por dejar en alto el nombre de nuestra comunidad educativa!<\/p>\n\n\n\n<figure class=\"wp-block-gallery has-nested-images columns-default is-cropped wp-block-gallery-1 is-layout-flex wp-block-gallery-is-layout-flex\">\n<figure class=\"wp-block-image size-large\"><img loading=\"lazy\" decoding=\"async\" width=\"1000\" height=\"666\" data-id=\"38920\" src=\"https:\/\/webpe.colegiomayor.cl\/wp-content\/uploads\/2025\/07\/amaya1.jpg\" alt=\"\" class=\"wp-image-38920\" srcset=\"https:\/\/webpe.colegiomayor.cl\/wp-content\/uploads\/2025\/07\/amaya1.jpg 1000w, https:\/\/webpe.colegiomayor.cl\/wp-content\/uploads\/2025\/07\/amaya1-300x200.jpg 300w, https:\/\/webpe.colegiomayor.cl\/wp-content\/uploads\/2025\/07\/amaya1-768x510.jpg 768w, https:\/\/webpe.colegiomayor.cl\/wp-content\/uploads\/2025\/07\/amaya1-150x100.jpg 150w\" sizes=\"auto, (max-width: 1000px) 100vw, 1000px\" \/><\/figure>\n\n\n\n<figure class=\"wp-block-image size-large\"><img loading=\"lazy\" decoding=\"async\" width=\"1024\" height=\"576\" data-id=\"38919\" src=\"https:\/\/webpe.colegiomayor.cl\/wp-content\/uploads\/2025\/07\/amaya2-2-1024x576.jpg\" alt=\"\" class=\"wp-image-38919\" srcset=\"https:\/\/webpe.colegiomayor.cl\/wp-content\/uploads\/2025\/07\/amaya2-2-1024x576.jpg 1024w, https:\/\/webpe.colegiomayor.cl\/wp-content\/uploads\/2025\/07\/amaya2-2-300x169.jpg 300w, https:\/\/webpe.colegiomayor.cl\/wp-content\/uploads\/2025\/07\/amaya2-2-768x432.jpg 768w, https:\/\/webpe.colegiomayor.cl\/wp-content\/uploads\/2025\/07\/amaya2-2-1536x864.jpg 1536w, https:\/\/webpe.colegiomayor.cl\/wp-content\/uploads\/2025\/07\/amaya2-2-150x84.jpg 150w, https:\/\/webpe.colegiomayor.cl\/wp-content\/uploads\/2025\/07\/amaya2-2.jpg 1920w\" sizes=\"auto, (max-width: 1024px) 100vw, 1024px\" \/><\/figure>\n<\/figure>\n\n\n\n<p class=\"has-text-align-left\" style=\"font-size:10px\"><\/p>\n\n\n\n<p class=\"has-small-font-size\"><\/p>\n\n\n\n<p><\/p>\n","protected":false},"excerpt":{"rendered":"<p>Amaya V\u00e9liz Esc\u00e1rate, estudiante de 7\u00b0 C de nuestro colegio, hizo historia como capitana del equipo Sub 14 femenino de la Universidad Cat\u00f3lica, que se consagr\u00f3 campe\u00f3n nacional tras vencer 2-0 a Colo Colo en la gran final. Un logro que refleja su talento, disciplina&nbsp;<a href=\"https:\/\/webpe.colegiomayor.cl\/?p=38916\">&hellip;<\/a><\/p>\n","protected":false},"author":11,"featured_media":38920,"comment_status":"closed","ping_status":"closed","sticky":false,"template":"","format":"standard","meta":{"content-type":"","footnotes":""},"categories":[24,38,25,44],"tags":[],"class_list":["post-38916","post","type-post","status-publish","format-standard","has-post-thumbnail","hentry","category-comunicaciones","category-comunicaciones-news","category-deportes","category-noticias","odd"],"rttpg_featured_image_url":{"full":["https:\/\/webpe.colegiomayor.cl\/wp-content\/uploads\/2025\/07\/amaya1.jpg",1000,666,false],"landscape":["https:\/\/webpe.colegiomayor.cl\/wp-content\/uploads\/2025\/07\/amaya1.jpg",1000,666,false],"portraits":["https:\/\/webpe.colegiomayor.cl\/wp-content\/uploads\/2025\/07\/amaya1.jpg",1000,666,false],"thumbnail":["https:\/\/webpe.colegiomayor.cl\/wp-content\/uploads\/2025\/07\/amaya1-150x150.jpg",150,150,true],"medium":["https:\/\/webpe.colegiomayor.cl\/wp-content\/uploads\/2025\/07\/amaya1-300x200.jpg",300,200,true],"large":["https:\/\/webpe.colegiomayor.cl\/wp-content\/uploads\/2025\/07\/amaya1-1000x666.jpg",1000,666,true],"1536x1536":["https:\/\/webpe.colegiomayor.cl\/wp-content\/uploads\/2025\/07\/amaya1-1000x666.jpg",1000,666,true],"2048x2048":["https:\/\/webpe.colegiomayor.cl\/wp-content\/uploads\/2025\/07\/amaya1-1000x666.jpg",1000,666,true],"post-thumbnail":["https:\/\/webpe.colegiomayor.cl\/wp-content\/uploads\/2025\/07\/amaya1-150x100.jpg",150,100,true],"ed-school-featured-image":["https:\/\/webpe.colegiomayor.cl\/wp-content\/uploads\/2025\/07\/amaya1-990x500.jpg",990,500,true],"ed-school-medium":["https:\/\/webpe.colegiomayor.cl\/wp-content\/uploads\/2025\/07\/amaya1-768x510.jpg",768,510,true],"ed-school-medium-alt":["https:\/\/webpe.colegiomayor.cl\/wp-content\/uploads\/2025\/07\/amaya1-768x410.jpg",768,410,true],"ed-school-square":["https:\/\/webpe.colegiomayor.cl\/wp-content\/uploads\/2025\/07\/amaya1-768x666.jpg",768,666,true],"ed-school-square-small":["https:\/\/webpe.colegiomayor.cl\/wp-content\/uploads\/2025\/07\/amaya1-420x420.jpg",420,420,true]},"rttpg_author":{"display_name":"Francisco Arriagada","author_link":"https:\/\/webpe.colegiomayor.cl\/?author=11"},"rttpg_comment":0,"rttpg_category":"<a href=\"https:\/\/webpe.colegiomayor.cl\/?cat=24\" rel=\"category\">COMUNICACIONES<\/a> <a href=\"https:\/\/webpe.colegiomayor.cl\/?cat=38\" rel=\"category\">Comunicaciones-NEWS<\/a> <a href=\"https:\/\/webpe.colegiomayor.cl\/?cat=25\" rel=\"category\">DEPORTES<\/a> <a href=\"https:\/\/webpe.colegiomayor.cl\/?cat=44\" rel=\"category\">NOTICIAS<\/a>","rttpg_excerpt":"Amaya V\u00e9liz Esc\u00e1rate, estudiante de 7\u00b0 C de nuestro colegio, hizo historia como capitana del equipo Sub 14 femenino de la Universidad Cat\u00f3lica, que se consagr\u00f3 campe\u00f3n nacional tras vencer 2-0 a Colo Colo en la gran final. Un logro que refleja su talento, disciplina&nbsp;&hellip;","_links":{"self":[{"href":"https:\/\/webpe.colegiomayor.cl\/index.php?rest_route=\/wp\/v2\/posts\/38916","targetHints":{"allow":["GET"]}}],"collection":[{"href":"https:\/\/webpe.colegiomayor.cl\/index.php?rest_route=\/wp\/v2\/posts"}],"about":[{"href":"https:\/\/webpe.colegiomayor.cl\/index.php?rest_route=\/wp\/v2\/types\/post"}],"author":[{"embeddable":true,"href":"https:\/\/webpe.colegiomayor.cl\/index.php?rest_route=\/wp\/v2\/users\/11"}],"replies":[{"embeddable":true,"href":"https:\/\/webpe.colegiomayor.cl\/index.php?rest_route=%2Fwp%2Fv2%2Fcomments&post=38916"}],"version-history":[{"count":1,"href":"https:\/\/webpe.colegiomayor.cl\/index.php?rest_route=\/wp\/v2\/posts\/38916\/revisions"}],"predecessor-version":[{"id":38921,"href":"https:\/\/webpe.colegiomayor.cl\/index.php?rest_route=\/wp\/v2\/posts\/38916\/revisions\/38921"}],"wp:featuredmedia":[{"embeddable":true,"href":"https:\/\/webpe.colegiomayor.cl\/index.php?rest_route=\/wp\/v2\/media\/38920"}],"wp:attachment":[{"href":"https:\/\/webpe.colegiomayor.cl\/index.php?rest_route=%2Fwp%2Fv2%2Fmedia&parent=38916"}],"wp:term":[{"taxonomy":"category","embeddable":true,"href":"https:\/\/webpe.colegiomayor.cl\/index.php?rest_route=%2Fwp%2Fv2%2Fcategories&post=38916"},{"taxonomy":"post_tag","embeddable":true,"href":"https:\/\/webpe.colegiomayor.cl\/index.php?rest_route=%2Fwp%2Fv2%2Ftags&post=38916"}],"curies":[{"name":"wp","href":"https:\/\/api.w.org\/{rel}","templated":true}]}}