{"id":38818,"date":"2025-07-11T08:02:19","date_gmt":"2025-07-11T11:02:19","guid":{"rendered":"https:\/\/webpe.colegiomayor.cl\/?p=38818"},"modified":"2025-07-11T12:14:13","modified_gmt":"2025-07-11T15:14:13","slug":"selecciones-deportivas-sabado-12-de-julio","status":"publish","type":"post","link":"https:\/\/webpe.colegiomayor.cl\/?p=38818","title":{"rendered":"Selecciones Deportivas &#8211; S\u00e1bado 12 de julio"},"content":{"rendered":"\n<hr class=\"wp-block-separator has-alpha-channel-opacity\"\/>\n\n\n\n<h2 class=\"wp-block-heading has-cyan-bluish-gray-background-color has-background\">Atletismo<\/h2>\n\n\n\n<p><strong>Entrenamiento<\/strong><br>09.00 a 10.30 horas categor\u00eda preparatoria e infantil.<br>10.30 a 12.00 horas categor\u00eda intermedia y superior.<br>Lugar: Pista Estadio Mayor<\/p>\n\n\n\n<p><br><strong>Profesores a cargo:<\/strong><br><em>\u00darsula Rebolledo<br>Carlos Soto<br>Mario G\u00f3mez<br>Claudio Ulloa<\/em><\/p>\n\n\n\n<hr class=\"wp-block-separator has-alpha-channel-opacity\"\/>\n\n\n\n<h2 class=\"wp-block-heading has-cyan-bluish-gray-background-color has-background\">B\u00e1squetbol<\/h2>\n\n\n\n<p><strong>Torneo UC<\/strong><br>Intermedia 09:00 hrs.<br>Rival: San Francisco Javier de Huechuraba.<br>Superior 10:00 hrs.<br>Rival: Polit\u00e9cnico Andes<br>Citaci\u00f3n ambas categor\u00edas 08:30 hrs.<br>Lugar: Carpeta Estadio Mayor<br><\/p>\n\n\n\n<p><strong>Partido Amistoso<\/strong><br>Rival: Pedro de Valdivia Pe\u00f1alol\u00e9n.<br>Horario citaci\u00f3n: 40 minutos antes de la hora del partido.<br>Horario de partidos:<br>Mini 11:30 hrs.<br>Infantil 12:30 hrs.<\/p>\n\n\n\n<p>Lugar: Carpeta Estadio Mayor<br><em>Profesores:<br>Carlos Cerecera<br>Nicol\u00e1s Ortiz<\/em><\/p>\n\n\n\n<hr class=\"wp-block-separator has-alpha-channel-opacity\"\/>\n\n\n\n<h2 class=\"wp-block-heading has-cyan-bluish-gray-background-color has-background\">Gimnasia Art\u00edstica<\/h2>\n\n\n\n<p><strong>Entrenamiento<\/strong><br>09:00 a 10:30 nivel 0<br>Lugar: Sector casino<br>Profesora a cargo:<br><em>Loreto Erazo<\/em><\/p>\n\n\n\n<p><br><strong>Entrenamiento<\/strong><br>10:30 a 12:00 niveles 1 2 3<br>Lugar: Sector casino<br>Profesores a cargo:<br><em>Millaray Albornoz<br>Yabhet Oblitas<\/em><\/p>\n\n\n\n<hr class=\"wp-block-separator has-alpha-channel-opacity\"\/>\n\n\n\n<h2 class=\"wp-block-heading has-cyan-bluish-gray-background-color has-background\">Nataci\u00f3n<\/h2>\n\n\n\n<p><strong>Entrenamiento<\/strong><br>09:00 a 11:00 hrs. Grupo competencia<br>11:00 a 12:00 hrs. Grupo 1ro a 5to b\u00e1sico<br>Lugar: Piscina Estadio Mayor<br>Profesores:<br><em>Katalina Bravo<br>Mat\u00edas jaque<\/em><\/p>\n\n\n\n<hr class=\"wp-block-separator has-alpha-channel-opacity\"\/>\n\n\n\n<h2 class=\"wp-block-heading has-cyan-bluish-gray-background-color has-background\">Tenis<\/h2>\n\n\n\n<p><strong>Entrenamiento<\/strong><br>Primer grupo infantil de 09:00 a 10:30 hrs.<br>Segundo grupo Intermedia de 10:30 a 12:00 hrs.<br>Lugar: Canchas de tenis Estadio Mayor<br>Profesor a cargo:<br><em>Hernan P\u00e9rez<\/em><\/p>\n\n\n\n<hr class=\"wp-block-separator has-alpha-channel-opacity\"\/>\n\n\n\n<h2 class=\"wp-block-heading has-cyan-bluish-gray-background-color has-background\">Cheerleader<\/h2>\n\n\n\n<p><strong>Entrenamiento<\/strong><br>09:00 a 10:45 hrs. categor\u00eda Junior<br>10:45 a 12:30 hrs. categor\u00eda Senior<br>Lugar: Foro<br>Profesores a cargo:<br><em>Daniela Acu\u00f1a<br>Ricardo Vergara<\/em><\/p>\n\n\n\n<hr class=\"wp-block-separator has-alpha-channel-opacity\"\/>\n\n\n\n<h2 class=\"wp-block-heading has-cyan-bluish-gray-background-color has-background\">Voleibol Masculino<\/h2>\n\n\n\n<p><strong>Desayuno y entrenamiento<\/strong><br>Hora: 09:00 a 11:00 hrs.<br>Lugar: Casino colegio y foro<br>Profesor a cargo:<br><em>Valent\u00edn Tamayo<br>\u2060Joaquin M\u00e9ndez<\/em><\/p>\n\n\n\n<hr class=\"wp-block-separator has-alpha-channel-opacity\"\/>\n\n\n\n<h2 class=\"wp-block-heading has-cyan-bluish-gray-background-color has-background\">Voleibol Femenino<\/h2>\n\n\n\n<p><strong>Partido Amistoso<\/strong><br>Categor\u00eda mini: citaci\u00f3n 08:15 hrs.<br>Categor\u00eda infantil: citaci\u00f3n 09:15 hrs.<br>Lugar: Colegio Santa Ursulina.<br>Direcci\u00f3n: Av. Nueva Costanera 4190, Vitacura.<br>Profesores a cargo:<br><em>\u2060Pablo Beltr\u00e1n<br>Fernanda Montoya<\/em><\/p>\n\n\n\n<hr class=\"wp-block-separator has-alpha-channel-opacity\"\/>\n\n\n\n<h2 class=\"wp-block-heading has-cyan-bluish-gray-background-color has-background\">F\u00fatbol<\/h2>\n\n\n\n<p><strong>Torneo AFUTCOP<\/strong><br>Rival: Colegio SSCC Manquehue<br>Direcci\u00f3n: Padre Dami\u00e1n de Veuster #2215, Comuna de Vitacura.<br><\/p>\n\n\n\n<p>Serie Infantil<br>citaci\u00f3n 09:30 hrs.<br>Partido 10:15 hrs.<br><\/p>\n\n\n\n<p>Serie Mini<br>Partido amistoso<br>Lugar: Estadio Mayor<br>Citaci\u00f3n: 09:00 hrs.<br>Profesores a cargo:<br><em>Pablo S\u00e1nchez<br>Edgard Vargas<\/em><\/p>\n","protected":false},"excerpt":{"rendered":"<p>Atletismo Entrenamiento09.00 a 10.30 horas categor\u00eda preparatoria e infantil.10.30 a 12.00 horas categor\u00eda intermedia y superior.Lugar: Pista Estadio Mayor Profesores a cargo:\u00darsula RebolledoCarlos SotoMario G\u00f3mezClaudio Ulloa B\u00e1squetbol Torneo UCIntermedia 09:00 hrs.Rival: San Francisco Javier de Huechuraba.Superior 10:00 hrs.Rival: Polit\u00e9cnico AndesCitaci\u00f3n ambas categor\u00edas 08:30 hrs.Lugar: Carpeta&nbsp;<a href=\"https:\/\/webpe.colegiomayor.cl\/?p=38818\">&hellip;<\/a><\/p>\n","protected":false},"author":11,"featured_media":38821,"comment_status":"closed","ping_status":"closed","sticky":false,"template":"","format":"standard","meta":{"content-type":"","footnotes":""},"categories":[25,44],"tags":[],"class_list":["post-38818","post","type-post","status-publish","format-standard","has-post-thumbnail","hentry","category-deportes","category-noticias","odd"],"rttpg_featured_image_url":{"full":["https:\/\/webpe.colegiomayor.cl\/wp-content\/uploads\/2025\/07\/deportes.jpg",1440,810,false],"landscape":["https:\/\/webpe.colegiomayor.cl\/wp-content\/uploads\/2025\/07\/deportes.jpg",1440,810,false],"portraits":["https:\/\/webpe.colegiomayor.cl\/wp-content\/uploads\/2025\/07\/deportes.jpg",1440,810,false],"thumbnail":["https:\/\/webpe.colegiomayor.cl\/wp-content\/uploads\/2025\/07\/deportes-150x150.jpg",150,150,true],"medium":["https:\/\/webpe.colegiomayor.cl\/wp-content\/uploads\/2025\/07\/deportes-300x169.jpg",300,169,true],"large":["https:\/\/webpe.colegiomayor.cl\/wp-content\/uploads\/2025\/07\/deportes-1024x576.jpg",1024,576,true],"1536x1536":["https:\/\/webpe.colegiomayor.cl\/wp-content\/uploads\/2025\/07\/deportes-1440x810.jpg",1440,810,true],"2048x2048":["https:\/\/webpe.colegiomayor.cl\/wp-content\/uploads\/2025\/07\/deportes-1440x810.jpg",1440,810,true],"post-thumbnail":["https:\/\/webpe.colegiomayor.cl\/wp-content\/uploads\/2025\/07\/deportes-150x84.jpg",150,84,true],"ed-school-featured-image":["https:\/\/webpe.colegiomayor.cl\/wp-content\/uploads\/2025\/07\/deportes-990x500.jpg",990,500,true],"ed-school-medium":["https:\/\/webpe.colegiomayor.cl\/wp-content\/uploads\/2025\/07\/deportes-768x510.jpg",768,510,true],"ed-school-medium-alt":["https:\/\/webpe.colegiomayor.cl\/wp-content\/uploads\/2025\/07\/deportes-768x410.jpg",768,410,true],"ed-school-square":["https:\/\/webpe.colegiomayor.cl\/wp-content\/uploads\/2025\/07\/deportes-768x768.jpg",768,768,true],"ed-school-square-small":["https:\/\/webpe.colegiomayor.cl\/wp-content\/uploads\/2025\/07\/deportes-420x420.jpg",420,420,true]},"rttpg_author":{"display_name":"Francisco Arriagada","author_link":"https:\/\/webpe.colegiomayor.cl\/?author=11"},"rttpg_comment":0,"rttpg_category":"<a href=\"https:\/\/webpe.colegiomayor.cl\/?cat=25\" rel=\"category\">DEPORTES<\/a> <a href=\"https:\/\/webpe.colegiomayor.cl\/?cat=44\" rel=\"category\">NOTICIAS<\/a>","rttpg_excerpt":"Atletismo Entrenamiento09.00 a 10.30 horas categor\u00eda preparatoria e infantil.10.30 a 12.00 horas categor\u00eda intermedia y superior.Lugar: Pista Estadio Mayor Profesores a cargo:\u00darsula RebolledoCarlos SotoMario G\u00f3mezClaudio Ulloa B\u00e1squetbol Torneo UCIntermedia 09:00 hrs.Rival: San Francisco Javier de Huechuraba.Superior 10:00 hrs.Rival: Polit\u00e9cnico AndesCitaci\u00f3n ambas categor\u00edas 08:30 hrs.Lugar: Carpeta&nbsp;&hellip;","_links":{"self":[{"href":"https:\/\/webpe.colegiomayor.cl\/index.php?rest_route=\/wp\/v2\/posts\/38818","targetHints":{"allow":["GET"]}}],"collection":[{"href":"https:\/\/webpe.colegiomayor.cl\/index.php?rest_route=\/wp\/v2\/posts"}],"about":[{"href":"https:\/\/webpe.colegiomayor.cl\/index.php?rest_route=\/wp\/v2\/types\/post"}],"author":[{"embeddable":true,"href":"https:\/\/webpe.colegiomayor.cl\/index.php?rest_route=\/wp\/v2\/users\/11"}],"replies":[{"embeddable":true,"href":"https:\/\/webpe.colegiomayor.cl\/index.php?rest_route=%2Fwp%2Fv2%2Fcomments&post=38818"}],"version-history":[{"count":2,"href":"https:\/\/webpe.colegiomayor.cl\/index.php?rest_route=\/wp\/v2\/posts\/38818\/revisions"}],"predecessor-version":[{"id":38820,"href":"https:\/\/webpe.colegiomayor.cl\/index.php?rest_route=\/wp\/v2\/posts\/38818\/revisions\/38820"}],"wp:featuredmedia":[{"embeddable":true,"href":"https:\/\/webpe.colegiomayor.cl\/index.php?rest_route=\/wp\/v2\/media\/38821"}],"wp:attachment":[{"href":"https:\/\/webpe.colegiomayor.cl\/index.php?rest_route=%2Fwp%2Fv2%2Fmedia&parent=38818"}],"wp:term":[{"taxonomy":"category","embeddable":true,"href":"https:\/\/webpe.colegiomayor.cl\/index.php?rest_route=%2Fwp%2Fv2%2Fcategories&post=38818"},{"taxonomy":"post_tag","embeddable":true,"href":"https:\/\/webpe.colegiomayor.cl\/index.php?rest_route=%2Fwp%2Fv2%2Ftags&post=38818"}],"curies":[{"name":"wp","href":"https:\/\/api.w.org\/{rel}","templated":true}]}}