{"id":38801,"date":"2025-07-10T07:47:13","date_gmt":"2025-07-10T10:47:13","guid":{"rendered":"https:\/\/webpe.colegiomayor.cl\/?p=38801"},"modified":"2025-07-10T12:12:12","modified_gmt":"2025-07-10T15:12:12","slug":"camila-perez-alumna-de-5o-basico-competira-en-campeonato-mundial-de-artes-marciales-en-estados-unidos","status":"publish","type":"post","link":"https:\/\/webpe.colegiomayor.cl\/?p=38801","title":{"rendered":"Camila P\u00e9rez, alumna de 5\u00ba B\u00e1sico, competir\u00e1 en campeonato mundial de artes marciales en Estados Unidos"},"content":{"rendered":"\n<p><strong><em>La estudiante del Colegio Mayor de Pe\u00f1alol\u00e9n participar\u00e1 del Campeonato Mundial USKA 2025, que se realizar\u00e1 entre el 10 y el 12 de julio en Phoenix, Arizona (EE. UU.).<\/em><\/strong><\/p>\n\n\n\n<p>Con solo 10 a\u00f1os, Camila P\u00e9rez, alumna de 5\u00ba B\u00e1sico de nuestro Colegio Mayor de Pe\u00f1alol\u00e9n, representar\u00e1 a Chile en el Campeonato Mundial USKA 2025, que se realizar\u00e1 entre el 10 y el 12 de julio en Phoenix, Arizona (EE.UU.). La estudiante competir\u00e1 en m\u00faltiples categor\u00edas: combate, formas manos libres, formas con armas, defensa personal y formas por equipo.<\/p>\n\n\n\n<blockquote class=\"wp-block-quote is-layout-flow wp-block-quote-is-layout-flow\">\n<p>\u201cA los nueve dije: \u2018voy a ir al mundial a los diez, s\u00ed o s\u00ed\u2019. Y aqu\u00ed estoy, yendo para all\u00e1\u201d, cuenta Camila, quien entrena en la escuela Wai Kung Pa\u2019i desde 2020 y actualmente es cintur\u00f3n verde en Kung Fu.<\/p>\n<\/blockquote>\n\n\n\n<blockquote class=\"wp-block-quote is-layout-flow wp-block-quote-is-layout-flow\">\n<p>En su trayectoria, ya ha alcanzado importantes logros: en mayo pasado obtuvo el primer lugar en combate en el campeonato abierto \u201cTournament Pro point\u201d. Pero m\u00e1s all\u00e1 de las medallas, Camila destaca lo que el Kung Fu ha significado para ella: \u201cEs una disciplina muy unida, donde nunca te sientes solo. Siempre hay alguien que te apoya o te ayuda a mejorar. Me ha ense\u00f1ado a no rendirme y a pelear por lo que quiero\u201d.<\/p>\n<\/blockquote>\n\n\n\n<p>En paralelo, Camila forma parte de la selecci\u00f3n de atletismo del colegio y ha practicado v\u00f3leibol. Sin embargo, su enfoque actual est\u00e1 plenamente en las artes marciales, con entrenamientos tres veces a la semana entre las 19:30 y 22:30 horas.<\/p>\n\n\n\n<blockquote class=\"wp-block-quote is-layout-flow wp-block-quote-is-layout-flow\">\n<p>Su madre, Edith Barra, destaca su alegr\u00eda, energ\u00eda y compromiso: \u201cEs una ni\u00f1a muy din\u00e1mica, le encantan los animales y quiere ser veterinaria cuando grande. Como familia, estamos muy orgullosos de lo que ha logrado. Es la primera vez que compite fuera de Chile y confiamos en que har\u00e1 un gran papel\u201d.<\/p>\n<\/blockquote>\n\n\n\n<blockquote class=\"wp-block-quote is-layout-flow wp-block-quote-is-layout-flow\">\n<p>La comunidad escolar ha presenciado este proceso con especial entusiasmo. \u201cEl colegio ha sido un tremendo apoyo. Tiene un enfoque deportivo importante, y eso ha facilitado que podamos participar en este campeonato internacional sin complicaciones acad\u00e9micas\u201d, se\u00f1ala su mam\u00e1.<\/p>\n<\/blockquote>\n\n\n\n<p>Desde nuestro colegio celebramos este importante paso de Camila, reconociendo en ella el esfuerzo, la pasi\u00f3n y la constancia que buscamos fomentar en todos nuestros estudiantes.<\/p>\n\n\n\n<blockquote class=\"wp-block-quote is-layout-flow wp-block-quote-is-layout-flow\">\n<p>\u201cQuiero ganar en formas y combate, y llegar al \u2018champion\u2019, que es el campe\u00f3n de campeones. Tambi\u00e9n me gustar\u00eda ganar en defensa personal y formas por equipo. S\u00e9 que puedo lograrlo si doy lo mejor de m\u00ed\u201d, afirma Camila.<\/p>\n<\/blockquote>\n\n\n\n<p>Le deseamos mucho \u00e9xito en esta nueva etapa. \u00a1Felicitaciones, Camila!<\/p>\n\n\n<style>.uid-bfcd4f2768deff6c  .gt3pg-isotope-item {\n\tpadding-right: 30px;\n\tpadding-bottom: 30px;\n}\n.uid-bfcd4f2768deff6c  .gallery-isotope-wrapper {\n\tmargin-right: -30px;\n\tmargin-bottom: -30px;\n}\n<\/style><div id=\"uid-bfcd4f2768deff6c\" data-gt3pg-block=\"masonry\" data-index=\"1\" class=\"gt3-photo-gallery-pro--isotope_gallery uid-bfcd4f2768deff6c gt3pg-pro--wrapper gt3pg-pro--masonry \">\t\t<div data-cols=\"3\" data-cols-tablet=\"3\" data-cols-mobile=\"2\" class=\"gt3pg-isotope-gallery columns-3 hover-default gallery-masonry corner-standard\" data-settings=\"{&quot;lightbox&quot;:{&quot;enable&quot;:true,&quot;options&quot;:{&quot;instance&quot;:1}},&quot;id&quot;:1,&quot;uid&quot;:&quot;uid-bfcd4f2768deff6c&quot;,&quot;modules&quot;:[&quot;Lightbox&quot;],&quot;lightboxArray&quot;:[{&quot;href&quot;:&quot;https:\\\/\\\/webpe.colegiomayor.cl\\\/wp-content\\\/uploads\\\/2025\\\/07\\\/Tras-ganar-un-campeonato.jpg&quot;,&quot;title&quot;:&quot;Tras ganar un campeonato&quot;,&quot;thumbnail&quot;:&quot;https:\\\/\\\/webpe.colegiomayor.cl\\\/wp-content\\\/uploads\\\/2025\\\/07\\\/Tras-ganar-un-campeonato-150x150.jpg&quot;,&quot;description&quot;:&quot;&quot;,&quot;is_video&quot;:0,&quot;image_id&quot;:38811,&quot;width&quot;:1536,&quot;height&quot;:2048},{&quot;href&quot;:&quot;https:\\\/\\\/webpe.colegiomayor.cl\\\/wp-content\\\/uploads\\\/2025\\\/07\\\/image.webp&quot;,&quot;title&quot;:&quot;camila&quot;,&quot;thumbnail&quot;:&quot;https:\\\/\\\/webpe.colegiomayor.cl\\\/wp-content\\\/uploads\\\/2025\\\/07\\\/image-150x150.webp&quot;,&quot;description&quot;:&quot;&quot;,&quot;is_video&quot;:0,&quot;image_id&quot;:38804,&quot;width&quot;:740,&quot;height&quot;:416},{&quot;href&quot;:&quot;https:\\\/\\\/webpe.colegiomayor.cl\\\/wp-content\\\/uploads\\\/2025\\\/07\\\/image3.webp&quot;,&quot;title&quot;:&quot;image3&quot;,&quot;thumbnail&quot;:&quot;https:\\\/\\\/webpe.colegiomayor.cl\\\/wp-content\\\/uploads\\\/2025\\\/07\\\/image3-150x150.webp&quot;,&quot;description&quot;:&quot;&quot;,&quot;is_video&quot;:0,&quot;image_id&quot;:38803,&quot;width&quot;:768,&quot;height&quot;:1024},{&quot;href&quot;:&quot;https:\\\/\\\/webpe.colegiomayor.cl\\\/wp-content\\\/uploads\\\/2025\\\/07\\\/image2.webp&quot;,&quot;title&quot;:&quot;image2&quot;,&quot;thumbnail&quot;:&quot;https:\\\/\\\/webpe.colegiomayor.cl\\\/wp-content\\\/uploads\\\/2025\\\/07\\\/image2-150x150.webp&quot;,&quot;description&quot;:&quot;&quot;,&quot;is_video&quot;:0,&quot;image_id&quot;:38802,&quot;width&quot;:918,&quot;height&quot;:1024}],&quot;items&quot;:[{&quot;href&quot;:&quot;https:\\\/\\\/webpe.colegiomayor.cl\\\/wp-content\\\/uploads\\\/2025\\\/07\\\/Tras-ganar-un-campeonato.jpg&quot;,&quot;title&quot;:&quot;Tras ganar un campeonato&quot;,&quot;thumbnail&quot;:&quot;https:\\\/\\\/webpe.colegiomayor.cl\\\/wp-content\\\/uploads\\\/2025\\\/07\\\/Tras-ganar-un-campeonato-150x150.jpg&quot;,&quot;description&quot;:&quot;&quot;,&quot;is_video&quot;:0,&quot;image_id&quot;:38811,&quot;width&quot;:1536,&quot;height&quot;:2048},{&quot;href&quot;:&quot;https:\\\/\\\/webpe.colegiomayor.cl\\\/wp-content\\\/uploads\\\/2025\\\/07\\\/image.webp&quot;,&quot;title&quot;:&quot;camila&quot;,&quot;thumbnail&quot;:&quot;https:\\\/\\\/webpe.colegiomayor.cl\\\/wp-content\\\/uploads\\\/2025\\\/07\\\/image-150x150.webp&quot;,&quot;description&quot;:&quot;&quot;,&quot;is_video&quot;:0,&quot;image_id&quot;:38804,&quot;width&quot;:740,&quot;height&quot;:416},{&quot;href&quot;:&quot;https:\\\/\\\/webpe.colegiomayor.cl\\\/wp-content\\\/uploads\\\/2025\\\/07\\\/image3.webp&quot;,&quot;title&quot;:&quot;image3&quot;,&quot;thumbnail&quot;:&quot;https:\\\/\\\/webpe.colegiomayor.cl\\\/wp-content\\\/uploads\\\/2025\\\/07\\\/image3-150x150.webp&quot;,&quot;description&quot;:&quot;&quot;,&quot;is_video&quot;:0,&quot;image_id&quot;:38803,&quot;width&quot;:768,&quot;height&quot;:1024},{&quot;href&quot;:&quot;https:\\\/\\\/webpe.colegiomayor.cl\\\/wp-content\\\/uploads\\\/2025\\\/07\\\/image2.webp&quot;,&quot;title&quot;:&quot;image2&quot;,&quot;thumbnail&quot;:&quot;https:\\\/\\\/webpe.colegiomayor.cl\\\/wp-content\\\/uploads\\\/2025\\\/07\\\/image2-150x150.webp&quot;,&quot;description&quot;:&quot;&quot;,&quot;is_video&quot;:0,&quot;image_id&quot;:38802,&quot;width&quot;:918,&quot;height&quot;:1024}]}\">\r\n\t\t\t<div class=\"gallery-isotope-wrapper\">\r\n\t\t\t\t<div class=\"gt3pg-isotope-item loading \" ><div class=\"isotope_item-wrapper\"><a href=\"https:\/\/webpe.colegiomayor.cl\/wp-content\/uploads\/2025\/07\/Tras-ganar-un-campeonato-768x1024.jpg\" class=\"gt3pg-lightbox\" data-elementor-open-lightbox=\"no\"><div class=\"img-wrapper \"><img loading=\"lazy\" decoding=\"async\" width=\"768\" height=\"1024\" src=\"https:\/\/webpe.colegiomayor.cl\/wp-content\/uploads\/2025\/07\/Tras-ganar-un-campeonato-768x1024.jpg\" class=\"skip-lazy gt3-lazy-image\" alt=\"\" data-lazy-srcset=\"https:\/\/webpe.colegiomayor.cl\/wp-content\/uploads\/2025\/07\/Tras-ganar-un-campeonato-768x1024.jpg 768w, https:\/\/webpe.colegiomayor.cl\/wp-content\/uploads\/2025\/07\/Tras-ganar-un-campeonato-225x300.jpg 225w, https:\/\/webpe.colegiomayor.cl\/wp-content\/uploads\/2025\/07\/Tras-ganar-un-campeonato-113x150.jpg 113w\" data-lazy-sizes=\"(max-width: 768px) 100vw, 768px\" data-lazy-src=\"https:\/\/webpe.colegiomayor.cl\/wp-content\/uploads\/2025\/07\/Tras-ganar-un-campeonato-768x1024.jpg?is-pending-load=1\" srcset=\"data:image\/png;base64,iVBORw0KGgoAAAANSUhEUgAAAE0AAABmCAYAAACOYhxFAAAACXBIWXMAAA7EAAAOxAGVKw4bAAAANUlEQVR42u3BgQAAAADDoPlTX+EAVQEAAAAAAAAAAAAAAAAAAAAAAAAAAAAAAAAAAAAAAMBrex4AARQEIPwAAAAASUVORK5CYII=\" \/><\/div><\/a><\/div><\/div><div class=\"gt3pg-isotope-item loading \" ><div class=\"isotope_item-wrapper\"><a href=\"https:\/\/webpe.colegiomayor.cl\/wp-content\/uploads\/2025\/07\/image.webp\" class=\"gt3pg-lightbox\" data-elementor-open-lightbox=\"no\"><div class=\"img-wrapper \"><img loading=\"lazy\" decoding=\"async\" width=\"740\" height=\"416\" src=\"https:\/\/webpe.colegiomayor.cl\/wp-content\/uploads\/2025\/07\/image.webp\" class=\"skip-lazy gt3-lazy-image\" alt=\"\" data-lazy-srcset=\"https:\/\/webpe.colegiomayor.cl\/wp-content\/uploads\/2025\/07\/image.webp 740w, https:\/\/webpe.colegiomayor.cl\/wp-content\/uploads\/2025\/07\/image-300x169.webp 300w, https:\/\/webpe.colegiomayor.cl\/wp-content\/uploads\/2025\/07\/image-150x84.webp 150w\" data-lazy-sizes=\"(max-width: 740px) 100vw, 740px\" data-lazy-src=\"https:\/\/webpe.colegiomayor.cl\/wp-content\/uploads\/2025\/07\/image.webp?is-pending-load=1\" srcset=\"data:image\/png;base64,iVBORw0KGgoAAAANSUhEUgAAAEoAAAApCAYAAACSsL+FAAAACXBIWXMAAA7EAAAOxAGVKw4bAAAAI0lEQVRo3u3BMQEAAADCoPVPbQZ\/oAAAAAAAAAAAAAAAgNsAL5EAAcACho4AAAAASUVORK5CYII=\" \/><\/div><\/a><\/div><\/div><div class=\"gt3pg-isotope-item loading \" ><div class=\"isotope_item-wrapper\"><a href=\"https:\/\/webpe.colegiomayor.cl\/wp-content\/uploads\/2025\/07\/image3.webp\" class=\"gt3pg-lightbox\" data-elementor-open-lightbox=\"no\"><div class=\"img-wrapper \"><img loading=\"lazy\" decoding=\"async\" width=\"768\" height=\"1024\" src=\"https:\/\/webpe.colegiomayor.cl\/wp-content\/uploads\/2025\/07\/image3.webp\" class=\"skip-lazy gt3-lazy-image\" alt=\"\" data-lazy-srcset=\"https:\/\/webpe.colegiomayor.cl\/wp-content\/uploads\/2025\/07\/image3.webp 768w, https:\/\/webpe.colegiomayor.cl\/wp-content\/uploads\/2025\/07\/image3-225x300.webp 225w, https:\/\/webpe.colegiomayor.cl\/wp-content\/uploads\/2025\/07\/image3-113x150.webp 113w\" data-lazy-sizes=\"(max-width: 768px) 100vw, 768px\" data-lazy-src=\"https:\/\/webpe.colegiomayor.cl\/wp-content\/uploads\/2025\/07\/image3.webp?is-pending-load=1\" srcset=\"data:image\/png;base64,iVBORw0KGgoAAAANSUhEUgAAAE0AAABmCAYAAACOYhxFAAAACXBIWXMAAA7EAAAOxAGVKw4bAAAANUlEQVR42u3BgQAAAADDoPlTX+EAVQEAAAAAAAAAAAAAAAAAAAAAAAAAAAAAAAAAAAAAAMBrex4AARQEIPwAAAAASUVORK5CYII=\" \/><\/div><\/a><\/div><\/div><div class=\"gt3pg-isotope-item loading \" ><div class=\"isotope_item-wrapper\"><a href=\"https:\/\/webpe.colegiomayor.cl\/wp-content\/uploads\/2025\/07\/image2-768x857.webp\" class=\"gt3pg-lightbox\" data-elementor-open-lightbox=\"no\"><div class=\"img-wrapper \"><img loading=\"lazy\" decoding=\"async\" width=\"768\" height=\"857\" src=\"https:\/\/webpe.colegiomayor.cl\/wp-content\/uploads\/2025\/07\/image2-768x857.webp\" class=\"skip-lazy gt3-lazy-image\" alt=\"\" data-lazy-srcset=\"https:\/\/webpe.colegiomayor.cl\/wp-content\/uploads\/2025\/07\/image2-768x857.webp 768w, https:\/\/webpe.colegiomayor.cl\/wp-content\/uploads\/2025\/07\/image2-269x300.webp 269w, https:\/\/webpe.colegiomayor.cl\/wp-content\/uploads\/2025\/07\/image2-134x150.webp 134w\" data-lazy-sizes=\"(max-width: 768px) 100vw, 768px\" data-lazy-src=\"https:\/\/webpe.colegiomayor.cl\/wp-content\/uploads\/2025\/07\/image2-768x857.webp?is-pending-load=1\" srcset=\"data:image\/png;base64,iVBORw0KGgoAAAANSUhEUgAAAE0AAABVCAYAAAAMjGlGAAAACXBIWXMAAA7EAAAOxAGVKw4bAAAAMElEQVR42u3BAQ0AAADCoPdPbQ8HFAAAAAAAAAAAAAAAAAAAAAAAAAAAAAAAAABXBmaZAAEhlQLsAAAAAElFTkSuQmCC\" \/><\/div><\/a><\/div><\/div>\t\t\t<\/div>\r\n\t\t<\/div>\r\n\t\t<script type=\"application\/json\" id=\"settings--uid-bfcd4f2768deff6c\">{\"lightbox\":{\"enable\":true,\"options\":{\"instance\":1}},\"id\":1,\"uid\":\"uid-bfcd4f2768deff6c\",\"modules\":[\"Lightbox\"],\"lightboxArray\":[{\"href\":\"https:\\\/\\\/webpe.colegiomayor.cl\\\/wp-content\\\/uploads\\\/2025\\\/07\\\/Tras-ganar-un-campeonato.jpg\",\"title\":\"Tras ganar un campeonato\",\"thumbnail\":\"https:\\\/\\\/webpe.colegiomayor.cl\\\/wp-content\\\/uploads\\\/2025\\\/07\\\/Tras-ganar-un-campeonato-150x150.jpg\",\"description\":\"\",\"is_video\":0,\"image_id\":38811,\"width\":1536,\"height\":2048},{\"href\":\"https:\\\/\\\/webpe.colegiomayor.cl\\\/wp-content\\\/uploads\\\/2025\\\/07\\\/image.webp\",\"title\":\"camila\",\"thumbnail\":\"https:\\\/\\\/webpe.colegiomayor.cl\\\/wp-content\\\/uploads\\\/2025\\\/07\\\/image-150x150.webp\",\"description\":\"\",\"is_video\":0,\"image_id\":38804,\"width\":740,\"height\":416},{\"href\":\"https:\\\/\\\/webpe.colegiomayor.cl\\\/wp-content\\\/uploads\\\/2025\\\/07\\\/image3.webp\",\"title\":\"image3\",\"thumbnail\":\"https:\\\/\\\/webpe.colegiomayor.cl\\\/wp-content\\\/uploads\\\/2025\\\/07\\\/image3-150x150.webp\",\"description\":\"\",\"is_video\":0,\"image_id\":38803,\"width\":768,\"height\":1024},{\"href\":\"https:\\\/\\\/webpe.colegiomayor.cl\\\/wp-content\\\/uploads\\\/2025\\\/07\\\/image2.webp\",\"title\":\"image2\",\"thumbnail\":\"https:\\\/\\\/webpe.colegiomayor.cl\\\/wp-content\\\/uploads\\\/2025\\\/07\\\/image2-150x150.webp\",\"description\":\"\",\"is_video\":0,\"image_id\":38802,\"width\":918,\"height\":1024}],\"items\":[{\"href\":\"https:\\\/\\\/webpe.colegiomayor.cl\\\/wp-content\\\/uploads\\\/2025\\\/07\\\/Tras-ganar-un-campeonato.jpg\",\"title\":\"Tras ganar un campeonato\",\"thumbnail\":\"https:\\\/\\\/webpe.colegiomayor.cl\\\/wp-content\\\/uploads\\\/2025\\\/07\\\/Tras-ganar-un-campeonato-150x150.jpg\",\"description\":\"\",\"is_video\":0,\"image_id\":38811,\"width\":1536,\"height\":2048},{\"href\":\"https:\\\/\\\/webpe.colegiomayor.cl\\\/wp-content\\\/uploads\\\/2025\\\/07\\\/image.webp\",\"title\":\"camila\",\"thumbnail\":\"https:\\\/\\\/webpe.colegiomayor.cl\\\/wp-content\\\/uploads\\\/2025\\\/07\\\/image-150x150.webp\",\"description\":\"\",\"is_video\":0,\"image_id\":38804,\"width\":740,\"height\":416},{\"href\":\"https:\\\/\\\/webpe.colegiomayor.cl\\\/wp-content\\\/uploads\\\/2025\\\/07\\\/image3.webp\",\"title\":\"image3\",\"thumbnail\":\"https:\\\/\\\/webpe.colegiomayor.cl\\\/wp-content\\\/uploads\\\/2025\\\/07\\\/image3-150x150.webp\",\"description\":\"\",\"is_video\":0,\"image_id\":38803,\"width\":768,\"height\":1024},{\"href\":\"https:\\\/\\\/webpe.colegiomayor.cl\\\/wp-content\\\/uploads\\\/2025\\\/07\\\/image2.webp\",\"title\":\"image2\",\"thumbnail\":\"https:\\\/\\\/webpe.colegiomayor.cl\\\/wp-content\\\/uploads\\\/2025\\\/07\\\/image2-150x150.webp\",\"description\":\"\",\"is_video\":0,\"image_id\":38802,\"width\":918,\"height\":1024}]}<\/script>\r\n\t\t<\/div>\n\n\n<p class=\"has-text-align-left\" style=\"font-size:10px\"><\/p>\n\n\n\n<p class=\"has-small-font-size\"><\/p>\n\n\n\n<p><\/p>\n","protected":false},"excerpt":{"rendered":"<p>La estudiante del Colegio Mayor de Pe\u00f1alol\u00e9n participar\u00e1 del Campeonato Mundial USKA 2025, que se realizar\u00e1 entre el 10 y el 12 de julio en Phoenix, Arizona (EE. UU.). Con solo 10 a\u00f1os, Camila P\u00e9rez, alumna de 5\u00ba B\u00e1sico de nuestro Colegio Mayor de Pe\u00f1alol\u00e9n,&nbsp;<a href=\"https:\/\/webpe.colegiomayor.cl\/?p=38801\">&hellip;<\/a><\/p>\n","protected":false},"author":11,"featured_media":38804,"comment_status":"closed","ping_status":"closed","sticky":false,"template":"","format":"standard","meta":{"content-type":"","footnotes":""},"categories":[24,38,25,44],"tags":[],"class_list":["post-38801","post","type-post","status-publish","format-standard","has-post-thumbnail","hentry","category-comunicaciones","category-comunicaciones-news","category-deportes","category-noticias","odd"],"rttpg_featured_image_url":{"full":["https:\/\/webpe.colegiomayor.cl\/wp-content\/uploads\/2025\/07\/image.webp",740,416,false],"landscape":["https:\/\/webpe.colegiomayor.cl\/wp-content\/uploads\/2025\/07\/image.webp",740,416,false],"portraits":["https:\/\/webpe.colegiomayor.cl\/wp-content\/uploads\/2025\/07\/image.webp",740,416,false],"thumbnail":["https:\/\/webpe.colegiomayor.cl\/wp-content\/uploads\/2025\/07\/image-150x150.webp",150,150,true],"medium":["https:\/\/webpe.colegiomayor.cl\/wp-content\/uploads\/2025\/07\/image-300x169.webp",300,169,true],"large":["https:\/\/webpe.colegiomayor.cl\/wp-content\/uploads\/2025\/07\/image-740x416.webp",740,416,true],"1536x1536":["https:\/\/webpe.colegiomayor.cl\/wp-content\/uploads\/2025\/07\/image-740x416.webp",740,416,true],"2048x2048":["https:\/\/webpe.colegiomayor.cl\/wp-content\/uploads\/2025\/07\/image-740x416.webp",740,416,true],"post-thumbnail":["https:\/\/webpe.colegiomayor.cl\/wp-content\/uploads\/2025\/07\/image-150x84.webp",150,84,true],"ed-school-featured-image":["https:\/\/webpe.colegiomayor.cl\/wp-content\/uploads\/2025\/07\/image-740x416.webp",740,416,true],"ed-school-medium":["https:\/\/webpe.colegiomayor.cl\/wp-content\/uploads\/2025\/07\/image-740x416.webp",740,416,true],"ed-school-medium-alt":["https:\/\/webpe.colegiomayor.cl\/wp-content\/uploads\/2025\/07\/image-740x410.webp",740,410,true],"ed-school-square":["https:\/\/webpe.colegiomayor.cl\/wp-content\/uploads\/2025\/07\/image-740x416.webp",740,416,true],"ed-school-square-small":["https:\/\/webpe.colegiomayor.cl\/wp-content\/uploads\/2025\/07\/image-420x416.webp",420,416,true]},"rttpg_author":{"display_name":"Francisco Arriagada","author_link":"https:\/\/webpe.colegiomayor.cl\/?author=11"},"rttpg_comment":0,"rttpg_category":"<a href=\"https:\/\/webpe.colegiomayor.cl\/?cat=24\" rel=\"category\">COMUNICACIONES<\/a> <a href=\"https:\/\/webpe.colegiomayor.cl\/?cat=38\" rel=\"category\">Comunicaciones-NEWS<\/a> <a href=\"https:\/\/webpe.colegiomayor.cl\/?cat=25\" rel=\"category\">DEPORTES<\/a> <a href=\"https:\/\/webpe.colegiomayor.cl\/?cat=44\" rel=\"category\">NOTICIAS<\/a>","rttpg_excerpt":"La estudiante del Colegio Mayor de Pe\u00f1alol\u00e9n participar\u00e1 del Campeonato Mundial USKA 2025, que se realizar\u00e1 entre el 10 y el 12 de julio en Phoenix, Arizona (EE. UU.). Con solo 10 a\u00f1os, Camila P\u00e9rez, alumna de 5\u00ba B\u00e1sico de nuestro Colegio Mayor de Pe\u00f1alol\u00e9n,&nbsp;&hellip;","_links":{"self":[{"href":"https:\/\/webpe.colegiomayor.cl\/index.php?rest_route=\/wp\/v2\/posts\/38801","targetHints":{"allow":["GET"]}}],"collection":[{"href":"https:\/\/webpe.colegiomayor.cl\/index.php?rest_route=\/wp\/v2\/posts"}],"about":[{"href":"https:\/\/webpe.colegiomayor.cl\/index.php?rest_route=\/wp\/v2\/types\/post"}],"author":[{"embeddable":true,"href":"https:\/\/webpe.colegiomayor.cl\/index.php?rest_route=\/wp\/v2\/users\/11"}],"replies":[{"embeddable":true,"href":"https:\/\/webpe.colegiomayor.cl\/index.php?rest_route=%2Fwp%2Fv2%2Fcomments&post=38801"}],"version-history":[{"count":8,"href":"https:\/\/webpe.colegiomayor.cl\/index.php?rest_route=\/wp\/v2\/posts\/38801\/revisions"}],"predecessor-version":[{"id":38817,"href":"https:\/\/webpe.colegiomayor.cl\/index.php?rest_route=\/wp\/v2\/posts\/38801\/revisions\/38817"}],"wp:featuredmedia":[{"embeddable":true,"href":"https:\/\/webpe.colegiomayor.cl\/index.php?rest_route=\/wp\/v2\/media\/38804"}],"wp:attachment":[{"href":"https:\/\/webpe.colegiomayor.cl\/index.php?rest_route=%2Fwp%2Fv2%2Fmedia&parent=38801"}],"wp:term":[{"taxonomy":"category","embeddable":true,"href":"https:\/\/webpe.colegiomayor.cl\/index.php?rest_route=%2Fwp%2Fv2%2Fcategories&post=38801"},{"taxonomy":"post_tag","embeddable":true,"href":"https:\/\/webpe.colegiomayor.cl\/index.php?rest_route=%2Fwp%2Fv2%2Ftags&post=38801"}],"curies":[{"name":"wp","href":"https:\/\/api.w.org\/{rel}","templated":true}]}}