{"id":38797,"date":"2025-07-08T14:44:55","date_gmt":"2025-07-08T17:44:55","guid":{"rendered":"https:\/\/webpe.colegiomayor.cl\/?p=38797"},"modified":"2025-07-08T20:06:52","modified_gmt":"2025-07-08T23:06:52","slug":"orgullo-escolar-marcelo-meneses-representara-a-la-rm-en-los-juegos-deportivos-nacionales","status":"publish","type":"post","link":"https:\/\/webpe.colegiomayor.cl\/?p=38797","title":{"rendered":"Orgullo Escolar: Marcelo Meneses representar\u00e1 a la RM en los Juegos Deportivos Nacionales"},"content":{"rendered":"\n<p>La Comunidad Educativa del Colegio Mayor Pe\u00f1alol\u00e9n se siente orgullosa del estudiante <strong>Marcelo Meneses Tobar<\/strong>, del 8\u00b0 B\u00e1sico E, por haber sido seleccionado para integrar la <strong>Selecci\u00f3n de Atletismo de la Regi\u00f3n Metropolitana<\/strong>. Marcelo representar\u00e1 a nuestra regi\u00f3n en las pruebas de <strong>80 metros planos, salto largo y relevo 8&#215;50 metros<\/strong> en los <strong>Juegos Deportivos Escolares Nacionales<\/strong>.<\/p>\n\n\n\n<p>Este importante evento, los <strong>Juegos Deportivos Escolares Nacionales (JDE Nacional)<\/strong>, se llevar\u00e1 a cabo en nuestra regi\u00f3n entre los d\u00edas <strong>30 de agosto y 2 de septiembre<\/strong>.<\/p>\n","protected":false},"excerpt":{"rendered":"<p>La Comunidad Educativa del Colegio Mayor Pe\u00f1alol\u00e9n se siente orgullosa del estudiante Marcelo Meneses Tobar, del 8\u00b0 B\u00e1sico E, por haber sido seleccionado para integrar la Selecci\u00f3n de Atletismo de la Regi\u00f3n Metropolitana. Marcelo representar\u00e1 a nuestra regi\u00f3n en las pruebas de 80 metros planos,&nbsp;<a href=\"https:\/\/webpe.colegiomayor.cl\/?p=38797\">&hellip;<\/a><\/p>\n","protected":false},"author":11,"featured_media":38798,"comment_status":"closed","ping_status":"closed","sticky":false,"template":"","format":"standard","meta":{"content-type":"","footnotes":""},"categories":[24,38,25,44],"tags":[],"class_list":["post-38797","post","type-post","status-publish","format-standard","has-post-thumbnail","hentry","category-comunicaciones","category-comunicaciones-news","category-deportes","category-noticias","odd"],"rttpg_featured_image_url":{"full":["https:\/\/webpe.colegiomayor.cl\/wp-content\/uploads\/2025\/07\/ChatGPT-Image-8-jul-2025-07_01_20-p.m.png",1536,1024,false],"landscape":["https:\/\/webpe.colegiomayor.cl\/wp-content\/uploads\/2025\/07\/ChatGPT-Image-8-jul-2025-07_01_20-p.m.png",1536,1024,false],"portraits":["https:\/\/webpe.colegiomayor.cl\/wp-content\/uploads\/2025\/07\/ChatGPT-Image-8-jul-2025-07_01_20-p.m.png",1536,1024,false],"thumbnail":["https:\/\/webpe.colegiomayor.cl\/wp-content\/uploads\/2025\/07\/ChatGPT-Image-8-jul-2025-07_01_20-p.m-150x150.png",150,150,true],"medium":["https:\/\/webpe.colegiomayor.cl\/wp-content\/uploads\/2025\/07\/ChatGPT-Image-8-jul-2025-07_01_20-p.m-300x200.png",300,200,true],"large":["https:\/\/webpe.colegiomayor.cl\/wp-content\/uploads\/2025\/07\/ChatGPT-Image-8-jul-2025-07_01_20-p.m-1024x683.png",1024,683,true],"1536x1536":["https:\/\/webpe.colegiomayor.cl\/wp-content\/uploads\/2025\/07\/ChatGPT-Image-8-jul-2025-07_01_20-p.m-1536x1024.png",1536,1024,true],"2048x2048":["https:\/\/webpe.colegiomayor.cl\/wp-content\/uploads\/2025\/07\/ChatGPT-Image-8-jul-2025-07_01_20-p.m-1536x1024.png",1536,1024,true],"post-thumbnail":["https:\/\/webpe.colegiomayor.cl\/wp-content\/uploads\/2025\/07\/ChatGPT-Image-8-jul-2025-07_01_20-p.m-150x100.png",150,100,true],"ed-school-featured-image":["https:\/\/webpe.colegiomayor.cl\/wp-content\/uploads\/2025\/07\/ChatGPT-Image-8-jul-2025-07_01_20-p.m-990x500.png",990,500,true],"ed-school-medium":["https:\/\/webpe.colegiomayor.cl\/wp-content\/uploads\/2025\/07\/ChatGPT-Image-8-jul-2025-07_01_20-p.m-768x510.png",768,510,true],"ed-school-medium-alt":["https:\/\/webpe.colegiomayor.cl\/wp-content\/uploads\/2025\/07\/ChatGPT-Image-8-jul-2025-07_01_20-p.m-768x410.png",768,410,true],"ed-school-square":["https:\/\/webpe.colegiomayor.cl\/wp-content\/uploads\/2025\/07\/ChatGPT-Image-8-jul-2025-07_01_20-p.m-768x768.png",768,768,true],"ed-school-square-small":["https:\/\/webpe.colegiomayor.cl\/wp-content\/uploads\/2025\/07\/ChatGPT-Image-8-jul-2025-07_01_20-p.m-420x420.png",420,420,true]},"rttpg_author":{"display_name":"Francisco Arriagada","author_link":"https:\/\/webpe.colegiomayor.cl\/?author=11"},"rttpg_comment":0,"rttpg_category":"<a href=\"https:\/\/webpe.colegiomayor.cl\/?cat=24\" rel=\"category\">COMUNICACIONES<\/a> <a href=\"https:\/\/webpe.colegiomayor.cl\/?cat=38\" rel=\"category\">Comunicaciones-NEWS<\/a> <a href=\"https:\/\/webpe.colegiomayor.cl\/?cat=25\" rel=\"category\">DEPORTES<\/a> <a href=\"https:\/\/webpe.colegiomayor.cl\/?cat=44\" rel=\"category\">NOTICIAS<\/a>","rttpg_excerpt":"La Comunidad Educativa del Colegio Mayor Pe\u00f1alol\u00e9n se siente orgullosa del estudiante Marcelo Meneses Tobar, del 8\u00b0 B\u00e1sico E, por haber sido seleccionado para integrar la Selecci\u00f3n de Atletismo de la Regi\u00f3n Metropolitana. Marcelo representar\u00e1 a nuestra regi\u00f3n en las pruebas de 80 metros planos,&nbsp;&hellip;","_links":{"self":[{"href":"https:\/\/webpe.colegiomayor.cl\/index.php?rest_route=\/wp\/v2\/posts\/38797","targetHints":{"allow":["GET"]}}],"collection":[{"href":"https:\/\/webpe.colegiomayor.cl\/index.php?rest_route=\/wp\/v2\/posts"}],"about":[{"href":"https:\/\/webpe.colegiomayor.cl\/index.php?rest_route=\/wp\/v2\/types\/post"}],"author":[{"embeddable":true,"href":"https:\/\/webpe.colegiomayor.cl\/index.php?rest_route=\/wp\/v2\/users\/11"}],"replies":[{"embeddable":true,"href":"https:\/\/webpe.colegiomayor.cl\/index.php?rest_route=%2Fwp%2Fv2%2Fcomments&post=38797"}],"version-history":[{"count":1,"href":"https:\/\/webpe.colegiomayor.cl\/index.php?rest_route=\/wp\/v2\/posts\/38797\/revisions"}],"predecessor-version":[{"id":38799,"href":"https:\/\/webpe.colegiomayor.cl\/index.php?rest_route=\/wp\/v2\/posts\/38797\/revisions\/38799"}],"wp:featuredmedia":[{"embeddable":true,"href":"https:\/\/webpe.colegiomayor.cl\/index.php?rest_route=\/wp\/v2\/media\/38798"}],"wp:attachment":[{"href":"https:\/\/webpe.colegiomayor.cl\/index.php?rest_route=%2Fwp%2Fv2%2Fmedia&parent=38797"}],"wp:term":[{"taxonomy":"category","embeddable":true,"href":"https:\/\/webpe.colegiomayor.cl\/index.php?rest_route=%2Fwp%2Fv2%2Fcategories&post=38797"},{"taxonomy":"post_tag","embeddable":true,"href":"https:\/\/webpe.colegiomayor.cl\/index.php?rest_route=%2Fwp%2Fv2%2Ftags&post=38797"}],"curies":[{"name":"wp","href":"https:\/\/api.w.org\/{rel}","templated":true}]}}