{"id":38781,"date":"2025-06-20T14:18:33","date_gmt":"2025-06-20T17:18:33","guid":{"rendered":"https:\/\/webpe.colegiomayor.cl\/?p=38781"},"modified":"2025-06-20T18:29:26","modified_gmt":"2025-06-20T21:29:26","slug":"logro-mayor-nuestras-alumnas-emilia-y-renata-garrido-se-coronan-campeonas-nacionales-de-natacion-artistica","status":"publish","type":"post","link":"https:\/\/webpe.colegiomayor.cl\/?p=38781","title":{"rendered":"Logro Mayor: nuestras alumnas Emilia y Renata Garrido se coronan campeonas nacionales de nataci\u00f3n art\u00edstica"},"content":{"rendered":"\n<p>Las estudiantes de 1\u00b0 Medio del Colegio Mayor de Pe\u00f1alol\u00e9n triunfaron en el Campeonato Nacional de Invierno de Nataci\u00f3n Art\u00edstica, organizado por la Federaci\u00f3n Chilena de Deportes Acu\u00e1ticos (FECHIDA). Lograron el primer lugar en la categor\u00eda dueto juvenil.<\/p>\n\n\n\n<p>Con una historia marcada por la constancia, la disciplina y un temple admirable,<strong> Emilia y Renata Garrido, estudiantes de 1\u00b0 Medio del Colegio Mayor de Pe\u00f1alol\u00e9n,<\/strong> se consagraron recientemente campeonas nacionales en la categor\u00eda dueto juvenil del Campeonato Nacional de Invierno de Nataci\u00f3n Art\u00edstica, organizado por la Federaci\u00f3n Chilena de Deportes Acu\u00e1ticos (FECHIDA).<\/p>\n\n\n\n<p>La competencia, realizada en el Centro Acu\u00e1tico Kristel K\u00f6brich, fue particularmente emotiva para nuestras estudiantes, quienes \u2014pese a haber sido v\u00edctimas de una encerrona la noche anterior\u2014 decidieron mantenerse firmes en su compromiso y presentarse en las pruebas individuales, por duetos y por equipos. El esfuerzo tuvo recompensa: subieron a lo m\u00e1s alto del podio representando al Club Acuavita.<\/p>\n\n\n\n<p><em>\u201cEl impacto emocional fue muy fuerte\u201d<\/em>, se\u00f1ala su madre, Lorena Osorio, quien destaca la resiliencia de sus hijas. \u201cAun as\u00ed, decidieron competir. Estaban comprometidas con su equipo, con su grupo y con ellas mismas. Nos sentimos profundamente orgullosos\u201d.<\/p>\n\n\n\n<p>Emilia y Renata entrenan desde los cinco a\u00f1os, inspiradas por su hermana mayor, Theodora Garrido, seleccionada nacional, participante de los Juegos Panamericanos de 2023 y ex alumna de nuestro colegio. En el camino, pasaron por otras disciplinas como gimnasia art\u00edstica y atletismo, hasta que encontraron en el agua su espacio natural.<\/p>\n\n\n\n<p><em>\u201cSiempre nos apoyamos. Si una est\u00e1 cansada, la otra la anima. Competir juntas nos hace sentir m\u00e1s fuertes y seguras\u201d<\/em>, afirman las mellizas, quienes entrenan seis d\u00edas a la semana, incluso en vacaciones, con sesiones de hasta cuatro horas diarias.<\/p>\n\n\n\n<p>Adem\u00e1s del orgullo deportivo, sus padres valoran el desarrollo integral que han demostrado: <em>\u201cSon organizadas, compa\u00f1eras, resilientes. Han aprendido a equilibrar estudios, deporte y vida personal de manera admirable\u201d<\/em>, comentan.<\/p>\n\n\n\n<p>En ese sentido, destacan el acompa\u00f1amiento que han recibido del colegio, el cual ha sido clave para brindarles la flexibilidad necesaria en su exigente rutina formativa y deportiva. <em>\u201cEl colegio les ha dado la holgura y tiempo que han ido necesitando, lo que ha contribuido a que fueran desarrollando su disciplina deportiva. Sin el apoyo del colegio no lo podr\u00edan haber logrado\u201d,<\/em> asegura su mam\u00e1.<\/p>\n\n\n\n<h3 class=\"wp-block-heading\"><strong>PR\u00d3XIMA META: REPRESENTAR A CHILE EN BRASIL<\/strong><\/h3>\n\n\n\n<p>Con su primer lugar a\u00fan fresco, Renata y Emilia ya sue\u00f1an con su pr\u00f3ximo desaf\u00edo internacional: clasificar al Sudamericano Juvenil de Nataci\u00f3n Art\u00edstica, que se realizar\u00e1 en septiembre en Brasil. Actualmente forman parte de la preselecci\u00f3n nacional y esperan representar a Chile con la misma entrega que las llev\u00f3 a este reciente t\u00edtulo.<\/p>\n\n\n\n<p>Desde la comunidad del Colegio Mayor de Pe\u00f1alol\u00e9n felicitamos a nuestras estudiantes y a su familia por este enorme logro, y les deseamos el mayor de los \u00e9xitos en los desaf\u00edos que vendr\u00e1n. Su historia nos inspira a seguir cultivando con entusiasmo el esp\u00edritu deportivo, la perseverancia y el trabajo en equipo.<\/p>\n\n\n<div id=\"gt3pg_gallery1\" class=\"gt3pg_galleryid-38781 gt3pg_gallery-columns-3 gt3pg_photo_gallery gt3pg-corner-type-standard gt3pg_hover-default gt3pg-type-rectangle\" data-size=\"thumbnail\" data-type=\"rectangle\" data-corner=\"standard\" data-link=\"lightbox\" data-margin=\"30\" data-instance=\"1\"><dl class=\"gt3pg_gallery-item gt3pg_element\"><div class=\"gt3pg_item_main_wrapper\"><div class=\"gt3pg_item-wrapper\"><a href=\"https:\/\/webpe.colegiomayor.cl\/wp-content\/uploads\/2025\/06\/Mellizas-2.jpg\" class=\"gt3pg_swipebox \" data-description=\"\"><div class=\"gt3pg_img_wrap landscape\" style=\"background-image: url(https:\/\/webpe.colegiomayor.cl\/wp-content\/uploads\/2025\/06\/Mellizas-2.jpg);\" data-width=\"1336\" data-height=\"892\" data-i=\"1\" >\r\n<img decoding=\"async\" src=\"https:\/\/webpe.colegiomayor.cl\/wp-content\/uploads\/2025\/06\/Mellizas-2.jpg\" title=\"Mellizas 2\" alt=\"\" \/>\r\n<\/div><\/a>\n<\/div>\n <\/div><\/dl>\n<dl class=\"gt3pg_gallery-item gt3pg_element\"><div class=\"gt3pg_item_main_wrapper\"><div class=\"gt3pg_item-wrapper\"><a href=\"https:\/\/webpe.colegiomayor.cl\/wp-content\/uploads\/2025\/06\/Mellizas-1-1.jpg\" class=\"gt3pg_swipebox \" data-description=\"\"><div class=\"gt3pg_img_wrap landscape\" style=\"background-image: url(https:\/\/webpe.colegiomayor.cl\/wp-content\/uploads\/2025\/06\/Mellizas-1-1.jpg);\" data-width=\"1341\" data-height=\"887\" data-i=\"2\" >\r\n<img decoding=\"async\" src=\"https:\/\/webpe.colegiomayor.cl\/wp-content\/uploads\/2025\/06\/Mellizas-1-1.jpg\" title=\"Mellizas 1\" alt=\"\" \/>\r\n<\/div><\/a>\n<\/div>\n <\/div><\/dl>\n<dl class=\"gt3pg_gallery-item gt3pg_element\"><div class=\"gt3pg_item_main_wrapper\"><div class=\"gt3pg_item-wrapper\"><a href=\"https:\/\/webpe.colegiomayor.cl\/wp-content\/uploads\/2025\/06\/Mellizas-3.jpg\" class=\"gt3pg_swipebox \" data-description=\"\"><div class=\"gt3pg_img_wrap landscape\" style=\"background-image: url(https:\/\/webpe.colegiomayor.cl\/wp-content\/uploads\/2025\/06\/Mellizas-3.jpg);\" data-width=\"1337\" data-height=\"881\" data-i=\"3\" >\r\n<img decoding=\"async\" src=\"https:\/\/webpe.colegiomayor.cl\/wp-content\/uploads\/2025\/06\/Mellizas-3.jpg\" title=\"Mellizas 3\" alt=\"\" \/>\r\n<\/div><\/a>\n<\/div>\n <\/div><\/dl>\n<\/div>\n <style type='text\/css'>\r\n\t\t\t#gt3pg_gallery1 .gt3pg_item_main_wrapper {\r\n\t\t\t\tpadding: 15px\r\n\t\t\t}\r\n\t\t\t<\/style>\n\t\t","protected":false},"excerpt":{"rendered":"<p>Las estudiantes de 1\u00b0 Medio del Colegio Mayor de Pe\u00f1alol\u00e9n triunfaron en el Campeonato Nacional de Invierno de Nataci\u00f3n Art\u00edstica, organizado por la Federaci\u00f3n Chilena de Deportes Acu\u00e1ticos (FECHIDA). Lograron el primer lugar en la categor\u00eda dueto juvenil. Con una historia marcada por la constancia,&nbsp;<a href=\"https:\/\/webpe.colegiomayor.cl\/?p=38781\">&hellip;<\/a><\/p>\n","protected":false},"author":11,"featured_media":38782,"comment_status":"closed","ping_status":"closed","sticky":false,"template":"","format":"standard","meta":{"content-type":"","footnotes":""},"categories":[24,38,25,44],"tags":[],"class_list":["post-38781","post","type-post","status-publish","format-standard","has-post-thumbnail","hentry","category-comunicaciones","category-comunicaciones-news","category-deportes","category-noticias","odd"],"rttpg_featured_image_url":{"full":["https:\/\/webpe.colegiomayor.cl\/wp-content\/uploads\/2025\/06\/Mellizas-1.jpg",1341,887,false],"landscape":["https:\/\/webpe.colegiomayor.cl\/wp-content\/uploads\/2025\/06\/Mellizas-1.jpg",1341,887,false],"portraits":["https:\/\/webpe.colegiomayor.cl\/wp-content\/uploads\/2025\/06\/Mellizas-1.jpg",1341,887,false],"thumbnail":["https:\/\/webpe.colegiomayor.cl\/wp-content\/uploads\/2025\/06\/Mellizas-1-150x150.jpg",150,150,true],"medium":["https:\/\/webpe.colegiomayor.cl\/wp-content\/uploads\/2025\/06\/Mellizas-1-300x198.jpg",300,198,true],"large":["https:\/\/webpe.colegiomayor.cl\/wp-content\/uploads\/2025\/06\/Mellizas-1-1024x677.jpg",1024,677,true],"1536x1536":["https:\/\/webpe.colegiomayor.cl\/wp-content\/uploads\/2025\/06\/Mellizas-1-1341x887.jpg",1341,887,true],"2048x2048":["https:\/\/webpe.colegiomayor.cl\/wp-content\/uploads\/2025\/06\/Mellizas-1-1341x887.jpg",1341,887,true],"post-thumbnail":["https:\/\/webpe.colegiomayor.cl\/wp-content\/uploads\/2025\/06\/Mellizas-1-150x99.jpg",150,99,true],"ed-school-featured-image":["https:\/\/webpe.colegiomayor.cl\/wp-content\/uploads\/2025\/06\/Mellizas-1-990x500.jpg",990,500,true],"ed-school-medium":["https:\/\/webpe.colegiomayor.cl\/wp-content\/uploads\/2025\/06\/Mellizas-1-768x510.jpg",768,510,true],"ed-school-medium-alt":["https:\/\/webpe.colegiomayor.cl\/wp-content\/uploads\/2025\/06\/Mellizas-1-768x410.jpg",768,410,true],"ed-school-square":["https:\/\/webpe.colegiomayor.cl\/wp-content\/uploads\/2025\/06\/Mellizas-1-768x768.jpg",768,768,true],"ed-school-square-small":["https:\/\/webpe.colegiomayor.cl\/wp-content\/uploads\/2025\/06\/Mellizas-1-420x420.jpg",420,420,true]},"rttpg_author":{"display_name":"Francisco Arriagada","author_link":"https:\/\/webpe.colegiomayor.cl\/?author=11"},"rttpg_comment":0,"rttpg_category":"<a href=\"https:\/\/webpe.colegiomayor.cl\/?cat=24\" rel=\"category\">COMUNICACIONES<\/a> <a href=\"https:\/\/webpe.colegiomayor.cl\/?cat=38\" rel=\"category\">Comunicaciones-NEWS<\/a> <a href=\"https:\/\/webpe.colegiomayor.cl\/?cat=25\" rel=\"category\">DEPORTES<\/a> <a href=\"https:\/\/webpe.colegiomayor.cl\/?cat=44\" rel=\"category\">NOTICIAS<\/a>","rttpg_excerpt":"Las estudiantes de 1\u00b0 Medio del Colegio Mayor de Pe\u00f1alol\u00e9n triunfaron en el Campeonato Nacional de Invierno de Nataci\u00f3n Art\u00edstica, organizado por la Federaci\u00f3n Chilena de Deportes Acu\u00e1ticos (FECHIDA). Lograron el primer lugar en la categor\u00eda dueto juvenil. Con una historia marcada por la constancia,&nbsp;&hellip;","_links":{"self":[{"href":"https:\/\/webpe.colegiomayor.cl\/index.php?rest_route=\/wp\/v2\/posts\/38781","targetHints":{"allow":["GET"]}}],"collection":[{"href":"https:\/\/webpe.colegiomayor.cl\/index.php?rest_route=\/wp\/v2\/posts"}],"about":[{"href":"https:\/\/webpe.colegiomayor.cl\/index.php?rest_route=\/wp\/v2\/types\/post"}],"author":[{"embeddable":true,"href":"https:\/\/webpe.colegiomayor.cl\/index.php?rest_route=\/wp\/v2\/users\/11"}],"replies":[{"embeddable":true,"href":"https:\/\/webpe.colegiomayor.cl\/index.php?rest_route=%2Fwp%2Fv2%2Fcomments&post=38781"}],"version-history":[{"count":1,"href":"https:\/\/webpe.colegiomayor.cl\/index.php?rest_route=\/wp\/v2\/posts\/38781\/revisions"}],"predecessor-version":[{"id":38786,"href":"https:\/\/webpe.colegiomayor.cl\/index.php?rest_route=\/wp\/v2\/posts\/38781\/revisions\/38786"}],"wp:featuredmedia":[{"embeddable":true,"href":"https:\/\/webpe.colegiomayor.cl\/index.php?rest_route=\/wp\/v2\/media\/38782"}],"wp:attachment":[{"href":"https:\/\/webpe.colegiomayor.cl\/index.php?rest_route=%2Fwp%2Fv2%2Fmedia&parent=38781"}],"wp:term":[{"taxonomy":"category","embeddable":true,"href":"https:\/\/webpe.colegiomayor.cl\/index.php?rest_route=%2Fwp%2Fv2%2Fcategories&post=38781"},{"taxonomy":"post_tag","embeddable":true,"href":"https:\/\/webpe.colegiomayor.cl\/index.php?rest_route=%2Fwp%2Fv2%2Ftags&post=38781"}],"curies":[{"name":"wp","href":"https:\/\/api.w.org\/{rel}","templated":true}]}}