{"id":38760,"date":"2025-06-17T08:07:58","date_gmt":"2025-06-17T11:07:58","guid":{"rendered":"https:\/\/webpe.colegiomayor.cl\/?p=38760"},"modified":"2025-06-18T19:02:19","modified_gmt":"2025-06-18T22:02:19","slug":"conoce-a-los-clasificados-para-la-gran-final-de-las-olimpiadas-de-matematica","status":"publish","type":"post","link":"https:\/\/webpe.colegiomayor.cl\/?p=38760","title":{"rendered":"\u00a1Conoce a los clasificados para la gran final de las Olimpiadas de Matem\u00e1tica!"},"content":{"rendered":"\n<p>El Colegio Mayor Pe\u00f1alol\u00e9n se complace en anunciar a los estudiantes que han destacado en las pruebas eliminatorias de las <strong>Olimpiadas de Matem\u00e1tica Internas<\/strong> y que avanzaron a la \u00faltima etapa, que se realizar\u00e1 el <strong>mi\u00e9rcoles 16 de julio<\/strong>.<\/p>\n\n\n\n<h3 class=\"wp-block-heading\"><strong>Lista de Clasificados<\/strong><\/h3>\n\n\n\n<h4 class=\"wp-block-heading\"><strong>Categor\u00eda 5\u00b0 &#8211; 6\u00b0<\/strong><\/h4>\n\n\n\n<ul class=\"wp-block-list\">\n<li><strong>6B<\/strong>: Emilia Gonz\u00e1lez<\/li>\n\n\n\n<li><strong>6D<\/strong>: Luciano Schneider<\/li>\n\n\n\n<li><strong>6E<\/strong>: Tahiel Gonz\u00e1lez<\/li>\n\n\n\n<li><strong>6E<\/strong>: Jos\u00e9 Tom\u00e1s<\/li>\n<\/ul>\n\n\n\n<h4 class=\"wp-block-heading\"><strong>Categor\u00eda 7\u00b0 &#8211; 8\u00b0<\/strong><\/h4>\n\n\n\n<ul class=\"wp-block-list\">\n<li><strong>7B<\/strong>: Bruno Silva<\/li>\n\n\n\n<li><strong>8D<\/strong>: Crist\u00f3bal Flores<\/li>\n\n\n\n<li><strong>8C<\/strong>: Mat\u00edas Mora<\/li>\n\n\n\n<li><strong>8E<\/strong>: Jorge Aguilar<\/li>\n<\/ul>\n\n\n\n<h4 class=\"wp-block-heading\"><strong>Categor\u00eda I &#8211; II<\/strong><\/h4>\n\n\n\n<ul class=\"wp-block-list\">\n<li><strong>IC<\/strong>: Mart\u00edn Garc\u00e9s<\/li>\n\n\n\n<li><strong>IC<\/strong>: Mat\u00edas Mansilla<\/li>\n\n\n\n<li><strong>IC<\/strong>: Fernanda Aguilera<\/li>\n\n\n\n<li><strong>IE<\/strong>: Paula Iturra<\/li>\n<\/ul>\n\n\n\n<h4 class=\"wp-block-heading\"><strong>Categor\u00eda III &#8211; IV<\/strong><\/h4>\n\n\n\n<ul class=\"wp-block-list\">\n<li><strong>IIIA<\/strong>: Emilia Concha<\/li>\n\n\n\n<li><strong>IVA<\/strong>: Santiago Ahumada<\/li>\n\n\n\n<li><strong>IVC<\/strong>: Sof\u00eda Avil\u00e9s<\/li>\n<\/ul>\n\n\n\n<p>Felicitamos a todos los clasificados por su esfuerzo y dedicaci\u00f3n en esta competencia acad\u00e9mica. \u00a1Les deseamos mucho \u00e9xito en la gran final!<\/p>\n\n\n\n<hr class=\"wp-block-separator has-alpha-channel-opacity\"\/>\n\n\n\n<h3 class=\"wp-block-heading\"><strong>Pr\u00f3ximos Eventos: Semana Matem\u00e1tica<\/strong><\/h3>\n\n\n\n<p>Adem\u00e1s, del <strong>14 al 18 de julio<\/strong>, se llevar\u00e1 a cabo la <strong>Semana Matem\u00e1tica<\/strong>, un espacio lleno de actividades interactivas, desaf\u00edos y aprendizaje para toda la comunidad escolar. Pr\u00f3ximamente compartiremos m\u00e1s detalles sobre la programaci\u00f3n.<\/p>\n\n\n\n<p><br><\/p>\n","protected":false},"excerpt":{"rendered":"<p>El Colegio Mayor Pe\u00f1alol\u00e9n se complace en anunciar a los estudiantes que han destacado en las pruebas eliminatorias de las Olimpiadas de Matem\u00e1tica Internas y que avanzaron a la \u00faltima etapa, que se realizar\u00e1 el mi\u00e9rcoles 16 de julio. Lista de Clasificados Categor\u00eda 5\u00b0 &#8211;&nbsp;<a href=\"https:\/\/webpe.colegiomayor.cl\/?p=38760\">&hellip;<\/a><\/p>\n","protected":false},"author":11,"featured_media":38777,"comment_status":"closed","ping_status":"closed","sticky":false,"template":"","format":"standard","meta":{"content-type":"","footnotes":""},"categories":[24,44],"tags":[],"class_list":["post-38760","post","type-post","status-publish","format-standard","has-post-thumbnail","hentry","category-comunicaciones","category-noticias","odd"],"rttpg_featured_image_url":{"full":["https:\/\/webpe.colegiomayor.cl\/wp-content\/uploads\/2025\/06\/Diseno-sin-titulo2.png",1472,832,false],"landscape":["https:\/\/webpe.colegiomayor.cl\/wp-content\/uploads\/2025\/06\/Diseno-sin-titulo2.png",1472,832,false],"portraits":["https:\/\/webpe.colegiomayor.cl\/wp-content\/uploads\/2025\/06\/Diseno-sin-titulo2.png",1472,832,false],"thumbnail":["https:\/\/webpe.colegiomayor.cl\/wp-content\/uploads\/2025\/06\/Diseno-sin-titulo2-150x150.png",150,150,true],"medium":["https:\/\/webpe.colegiomayor.cl\/wp-content\/uploads\/2025\/06\/Diseno-sin-titulo2-300x170.png",300,170,true],"large":["https:\/\/webpe.colegiomayor.cl\/wp-content\/uploads\/2025\/06\/Diseno-sin-titulo2-1024x579.png",1024,579,true],"1536x1536":["https:\/\/webpe.colegiomayor.cl\/wp-content\/uploads\/2025\/06\/Diseno-sin-titulo2-1472x832.png",1472,832,true],"2048x2048":["https:\/\/webpe.colegiomayor.cl\/wp-content\/uploads\/2025\/06\/Diseno-sin-titulo2-1472x832.png",1472,832,true],"post-thumbnail":["https:\/\/webpe.colegiomayor.cl\/wp-content\/uploads\/2025\/06\/Diseno-sin-titulo2-150x85.png",150,85,true],"ed-school-featured-image":["https:\/\/webpe.colegiomayor.cl\/wp-content\/uploads\/2025\/06\/Diseno-sin-titulo2-990x500.png",990,500,true],"ed-school-medium":["https:\/\/webpe.colegiomayor.cl\/wp-content\/uploads\/2025\/06\/Diseno-sin-titulo2-768x510.png",768,510,true],"ed-school-medium-alt":["https:\/\/webpe.colegiomayor.cl\/wp-content\/uploads\/2025\/06\/Diseno-sin-titulo2-768x410.png",768,410,true],"ed-school-square":["https:\/\/webpe.colegiomayor.cl\/wp-content\/uploads\/2025\/06\/Diseno-sin-titulo2-768x768.png",768,768,true],"ed-school-square-small":["https:\/\/webpe.colegiomayor.cl\/wp-content\/uploads\/2025\/06\/Diseno-sin-titulo2-420x420.png",420,420,true]},"rttpg_author":{"display_name":"Francisco Arriagada","author_link":"https:\/\/webpe.colegiomayor.cl\/?author=11"},"rttpg_comment":0,"rttpg_category":"<a href=\"https:\/\/webpe.colegiomayor.cl\/?cat=24\" rel=\"category\">COMUNICACIONES<\/a> <a href=\"https:\/\/webpe.colegiomayor.cl\/?cat=44\" rel=\"category\">NOTICIAS<\/a>","rttpg_excerpt":"El Colegio Mayor Pe\u00f1alol\u00e9n se complace en anunciar a los estudiantes que han destacado en las pruebas eliminatorias de las Olimpiadas de Matem\u00e1tica Internas y que avanzaron a la \u00faltima etapa, que se realizar\u00e1 el mi\u00e9rcoles 16 de julio. Lista de Clasificados Categor\u00eda 5\u00b0 &#8211;&nbsp;&hellip;","_links":{"self":[{"href":"https:\/\/webpe.colegiomayor.cl\/index.php?rest_route=\/wp\/v2\/posts\/38760","targetHints":{"allow":["GET"]}}],"collection":[{"href":"https:\/\/webpe.colegiomayor.cl\/index.php?rest_route=\/wp\/v2\/posts"}],"about":[{"href":"https:\/\/webpe.colegiomayor.cl\/index.php?rest_route=\/wp\/v2\/types\/post"}],"author":[{"embeddable":true,"href":"https:\/\/webpe.colegiomayor.cl\/index.php?rest_route=\/wp\/v2\/users\/11"}],"replies":[{"embeddable":true,"href":"https:\/\/webpe.colegiomayor.cl\/index.php?rest_route=%2Fwp%2Fv2%2Fcomments&post=38760"}],"version-history":[{"count":2,"href":"https:\/\/webpe.colegiomayor.cl\/index.php?rest_route=\/wp\/v2\/posts\/38760\/revisions"}],"predecessor-version":[{"id":38770,"href":"https:\/\/webpe.colegiomayor.cl\/index.php?rest_route=\/wp\/v2\/posts\/38760\/revisions\/38770"}],"wp:featuredmedia":[{"embeddable":true,"href":"https:\/\/webpe.colegiomayor.cl\/index.php?rest_route=\/wp\/v2\/media\/38777"}],"wp:attachment":[{"href":"https:\/\/webpe.colegiomayor.cl\/index.php?rest_route=%2Fwp%2Fv2%2Fmedia&parent=38760"}],"wp:term":[{"taxonomy":"category","embeddable":true,"href":"https:\/\/webpe.colegiomayor.cl\/index.php?rest_route=%2Fwp%2Fv2%2Fcategories&post=38760"},{"taxonomy":"post_tag","embeddable":true,"href":"https:\/\/webpe.colegiomayor.cl\/index.php?rest_route=%2Fwp%2Fv2%2Ftags&post=38760"}],"curies":[{"name":"wp","href":"https:\/\/api.w.org\/{rel}","templated":true}]}}