{"id":38749,"date":"2025-06-16T23:52:02","date_gmt":"2025-06-17T02:52:02","guid":{"rendered":"https:\/\/webpe.colegiomayor.cl\/?p=38749"},"modified":"2025-06-17T00:10:11","modified_gmt":"2025-06-17T03:10:11","slug":"destacada-participacion-de-colegio-mayor-penalolen-en-juegos-deportivos-escolares-con-14-records-y-clasificacion-nacional","status":"publish","type":"post","link":"https:\/\/webpe.colegiomayor.cl\/?p=38749","title":{"rendered":"Destacada participaci\u00f3n de Colegio Mayor Pe\u00f1alol\u00e9n en Juegos Deportivos Escolares con 14 r\u00e9cords y clasificaci\u00f3n nacional"},"content":{"rendered":"\n<p>Los d\u00edas 13 y 14 de junio se llevaron a cabo los Juegos Deportivos Escolares, las competencias Binacionales y de inclusi\u00f3n de la Regi\u00f3n Metropolitana, eventos clasificatorios para el Nacional Escolar Sub-15 y para conformar la selecci\u00f3n que participar\u00e1 en los Juegos Binacionales.<\/p>\n\n\n\n<p>Nuestro colegio estuvo representado por <strong>51 estudiantes<\/strong> en todas las categor\u00edas, obteniendo los siguientes destacados resultados:<\/p>\n\n\n\n<ul class=\"wp-block-list\">\n<li>Lucas Olgu\u00edn Rueda obtuvo el primer lugar en los 3000 metros (categor\u00eda Sub-18).<\/li>\n\n\n\n<li>Marcelo Meneses Tobar logr\u00f3 el tercer lugar en 80-150 metros y el segundo lugar en salto largo, estableciendo nuevos r\u00e9cords institucionales en las tres pruebas.<\/li>\n\n\n\n<li>Renato Gonz\u00e1lez Ord\u00f3\u00f1ez alcanz\u00f3 el cuarto lugar en lanzamiento de disco, con nuevo r\u00e9cord del colegio.<\/li>\n\n\n\n<li>Montserrat Flores Montoya consigui\u00f3 el cuarto lugar en 1500 metros, con nuevo r\u00e9cord del colegio.<\/li>\n\n\n\n<li>Florencia Badilla P\u00e9rez obtuvo el quinto lugar en salto largo, con nuevo r\u00e9cord del colegio.<\/li>\n<\/ul>\n\n\n\n<p>Felicitamos a todos nuestros estudiantes por alcanzar 14 nuevos r\u00e9cords institucionales en esta competencia. Un reconocimiento especial para Marcelo Meneses Tobar, quien clasific\u00f3 a los Juegos Deportivos Escolares Nacionales.<\/p>\n\n\n\n<p><em>&#8220;Seguiremos trabajando para mantener este alto nivel y proyectar el talento de nuestro equipo deportivo&#8221;<\/em>.<\/p>\n\n\n<div id=\"gt3pg_gallery1\" class=\"gt3pg_galleryid-38749 gt3pg_gallery-columns-3 gt3pg_photo_gallery gt3pg-corner-type-standard gt3pg_hover-default gt3pg-type-rectangle\" data-size=\"thumbnail\" data-type=\"rectangle\" data-corner=\"standard\" data-link=\"lightbox\" data-margin=\"30\" data-instance=\"1\"><dl class=\"gt3pg_gallery-item gt3pg_element\"><div class=\"gt3pg_item_main_wrapper\"><div class=\"gt3pg_item-wrapper\"><a href=\"https:\/\/webpe.colegiomayor.cl\/wp-content\/uploads\/2025\/06\/WhatsApp-Image-2025-06-14-at-7.44.23-PM-1.jpeg\" class=\"gt3pg_swipebox \" data-description=\"\"><div class=\"gt3pg_img_wrap landscape\" style=\"background-image: url(https:\/\/webpe.colegiomayor.cl\/wp-content\/uploads\/2025\/06\/WhatsApp-Image-2025-06-14-at-7.44.23-PM-1.jpeg);\" data-width=\"1280\" data-height=\"960\" data-i=\"1\" >\r\n<img decoding=\"async\" src=\"https:\/\/webpe.colegiomayor.cl\/wp-content\/uploads\/2025\/06\/WhatsApp-Image-2025-06-14-at-7.44.23-PM-1.jpeg\" title=\"WhatsApp Image 2025-06-14 at 7.44.23 PM\" alt=\"\" \/>\r\n<\/div><\/a>\n<\/div>\n <\/div><\/dl>\n<dl class=\"gt3pg_gallery-item gt3pg_element\"><div class=\"gt3pg_item_main_wrapper\"><div class=\"gt3pg_item-wrapper\"><a href=\"https:\/\/webpe.colegiomayor.cl\/wp-content\/uploads\/2025\/06\/WhatsApp-Image-2025-06-14-at-11.48.02-AM-1.jpeg\" class=\"gt3pg_swipebox \" data-description=\"\"><div class=\"gt3pg_img_wrap landscape\" style=\"background-image: url(https:\/\/webpe.colegiomayor.cl\/wp-content\/uploads\/2025\/06\/WhatsApp-Image-2025-06-14-at-11.48.02-AM-1.jpeg);\" data-width=\"1600\" data-height=\"720\" data-i=\"2\" >\r\n<img decoding=\"async\" src=\"https:\/\/webpe.colegiomayor.cl\/wp-content\/uploads\/2025\/06\/WhatsApp-Image-2025-06-14-at-11.48.02-AM-1.jpeg\" title=\"WhatsApp Image 2025-06-14 at 11.48.02 AM\" alt=\"\" \/>\r\n<\/div><\/a>\n<\/div>\n <\/div><\/dl>\n<dl class=\"gt3pg_gallery-item gt3pg_element\"><div class=\"gt3pg_item_main_wrapper\"><div class=\"gt3pg_item-wrapper\"><a href=\"https:\/\/webpe.colegiomayor.cl\/wp-content\/uploads\/2025\/06\/WhatsApp-Image-2025-06-14-at-5.41.00-PM-1.jpeg\" class=\"gt3pg_swipebox \" data-description=\"\"><div class=\"gt3pg_img_wrap portrait\" style=\"background-image: url(https:\/\/webpe.colegiomayor.cl\/wp-content\/uploads\/2025\/06\/WhatsApp-Image-2025-06-14-at-5.41.00-PM-1.jpeg);\" data-width=\"720\" data-height=\"1280\" data-i=\"3\" >\r\n<img decoding=\"async\" src=\"https:\/\/webpe.colegiomayor.cl\/wp-content\/uploads\/2025\/06\/WhatsApp-Image-2025-06-14-at-5.41.00-PM-1.jpeg\" title=\"WhatsApp Image 2025-06-14 at 5.41.00 PM\" alt=\"\" \/>\r\n<\/div><\/a>\n<\/div>\n <\/div><\/dl>\n<\/div>\n <style type='text\/css'>\r\n\t\t\t#gt3pg_gallery1 .gt3pg_item_main_wrapper {\r\n\t\t\t\tpadding: 15px\r\n\t\t\t}\r\n\t\t\t<\/style>\n\t\t","protected":false},"excerpt":{"rendered":"<p>Los d\u00edas 13 y 14 de junio se llevaron a cabo los Juegos Deportivos Escolares, las competencias Binacionales y de inclusi\u00f3n de la Regi\u00f3n Metropolitana, eventos clasificatorios para el Nacional Escolar Sub-15 y para conformar la selecci\u00f3n que participar\u00e1 en los Juegos Binacionales. Nuestro colegio&nbsp;<a href=\"https:\/\/webpe.colegiomayor.cl\/?p=38749\">&hellip;<\/a><\/p>\n","protected":false},"author":11,"featured_media":38751,"comment_status":"closed","ping_status":"closed","sticky":false,"template":"","format":"standard","meta":{"content-type":"","footnotes":""},"categories":[25,44],"tags":[],"class_list":["post-38749","post","type-post","status-publish","format-standard","has-post-thumbnail","hentry","category-deportes","category-noticias","odd"],"rttpg_featured_image_url":{"full":["https:\/\/webpe.colegiomayor.cl\/wp-content\/uploads\/2025\/06\/WhatsApp-Image-2025-06-14-at-11.48.02-AM.jpeg",1600,720,false],"landscape":["https:\/\/webpe.colegiomayor.cl\/wp-content\/uploads\/2025\/06\/WhatsApp-Image-2025-06-14-at-11.48.02-AM.jpeg",1600,720,false],"portraits":["https:\/\/webpe.colegiomayor.cl\/wp-content\/uploads\/2025\/06\/WhatsApp-Image-2025-06-14-at-11.48.02-AM.jpeg",1600,720,false],"thumbnail":["https:\/\/webpe.colegiomayor.cl\/wp-content\/uploads\/2025\/06\/WhatsApp-Image-2025-06-14-at-11.48.02-AM-150x150.jpeg",150,150,true],"medium":["https:\/\/webpe.colegiomayor.cl\/wp-content\/uploads\/2025\/06\/WhatsApp-Image-2025-06-14-at-11.48.02-AM-300x135.jpeg",300,135,true],"large":["https:\/\/webpe.colegiomayor.cl\/wp-content\/uploads\/2025\/06\/WhatsApp-Image-2025-06-14-at-11.48.02-AM-1024x461.jpeg",1024,461,true],"1536x1536":["https:\/\/webpe.colegiomayor.cl\/wp-content\/uploads\/2025\/06\/WhatsApp-Image-2025-06-14-at-11.48.02-AM-1536x691.jpeg",1536,691,true],"2048x2048":["https:\/\/webpe.colegiomayor.cl\/wp-content\/uploads\/2025\/06\/WhatsApp-Image-2025-06-14-at-11.48.02-AM-1600x720.jpeg",1600,720,true],"post-thumbnail":["https:\/\/webpe.colegiomayor.cl\/wp-content\/uploads\/2025\/06\/WhatsApp-Image-2025-06-14-at-11.48.02-AM-150x68.jpeg",150,68,true],"ed-school-featured-image":["https:\/\/webpe.colegiomayor.cl\/wp-content\/uploads\/2025\/06\/WhatsApp-Image-2025-06-14-at-11.48.02-AM-990x500.jpeg",990,500,true],"ed-school-medium":["https:\/\/webpe.colegiomayor.cl\/wp-content\/uploads\/2025\/06\/WhatsApp-Image-2025-06-14-at-11.48.02-AM-768x510.jpeg",768,510,true],"ed-school-medium-alt":["https:\/\/webpe.colegiomayor.cl\/wp-content\/uploads\/2025\/06\/WhatsApp-Image-2025-06-14-at-11.48.02-AM-768x410.jpeg",768,410,true],"ed-school-square":["https:\/\/webpe.colegiomayor.cl\/wp-content\/uploads\/2025\/06\/WhatsApp-Image-2025-06-14-at-11.48.02-AM-768x720.jpeg",768,720,true],"ed-school-square-small":["https:\/\/webpe.colegiomayor.cl\/wp-content\/uploads\/2025\/06\/WhatsApp-Image-2025-06-14-at-11.48.02-AM-420x420.jpeg",420,420,true]},"rttpg_author":{"display_name":"Francisco Arriagada","author_link":"https:\/\/webpe.colegiomayor.cl\/?author=11"},"rttpg_comment":0,"rttpg_category":"<a href=\"https:\/\/webpe.colegiomayor.cl\/?cat=25\" rel=\"category\">DEPORTES<\/a> <a href=\"https:\/\/webpe.colegiomayor.cl\/?cat=44\" rel=\"category\">NOTICIAS<\/a>","rttpg_excerpt":"Los d\u00edas 13 y 14 de junio se llevaron a cabo los Juegos Deportivos Escolares, las competencias Binacionales y de inclusi\u00f3n de la Regi\u00f3n Metropolitana, eventos clasificatorios para el Nacional Escolar Sub-15 y para conformar la selecci\u00f3n que participar\u00e1 en los Juegos Binacionales. Nuestro colegio&nbsp;&hellip;","_links":{"self":[{"href":"https:\/\/webpe.colegiomayor.cl\/index.php?rest_route=\/wp\/v2\/posts\/38749","targetHints":{"allow":["GET"]}}],"collection":[{"href":"https:\/\/webpe.colegiomayor.cl\/index.php?rest_route=\/wp\/v2\/posts"}],"about":[{"href":"https:\/\/webpe.colegiomayor.cl\/index.php?rest_route=\/wp\/v2\/types\/post"}],"author":[{"embeddable":true,"href":"https:\/\/webpe.colegiomayor.cl\/index.php?rest_route=\/wp\/v2\/users\/11"}],"replies":[{"embeddable":true,"href":"https:\/\/webpe.colegiomayor.cl\/index.php?rest_route=%2Fwp%2Fv2%2Fcomments&post=38749"}],"version-history":[{"count":2,"href":"https:\/\/webpe.colegiomayor.cl\/index.php?rest_route=\/wp\/v2\/posts\/38749\/revisions"}],"predecessor-version":[{"id":38759,"href":"https:\/\/webpe.colegiomayor.cl\/index.php?rest_route=\/wp\/v2\/posts\/38749\/revisions\/38759"}],"wp:featuredmedia":[{"embeddable":true,"href":"https:\/\/webpe.colegiomayor.cl\/index.php?rest_route=\/wp\/v2\/media\/38751"}],"wp:attachment":[{"href":"https:\/\/webpe.colegiomayor.cl\/index.php?rest_route=%2Fwp%2Fv2%2Fmedia&parent=38749"}],"wp:term":[{"taxonomy":"category","embeddable":true,"href":"https:\/\/webpe.colegiomayor.cl\/index.php?rest_route=%2Fwp%2Fv2%2Fcategories&post=38749"},{"taxonomy":"post_tag","embeddable":true,"href":"https:\/\/webpe.colegiomayor.cl\/index.php?rest_route=%2Fwp%2Fv2%2Ftags&post=38749"}],"curies":[{"name":"wp","href":"https:\/\/api.w.org\/{rel}","templated":true}]}}