{"id":38592,"date":"2025-06-09T22:45:07","date_gmt":"2025-06-10T01:45:07","guid":{"rendered":"https:\/\/webpe.colegiomayor.cl\/?p=38592"},"modified":"2025-06-16T22:50:51","modified_gmt":"2025-06-17T01:50:51","slug":"el-mayor-en-el-tour-milo","status":"publish","type":"post","link":"https:\/\/webpe.colegiomayor.cl\/?p=38592","title":{"rendered":"El Mayor en el Tour Milo"},"content":{"rendered":"\n<p>El d\u00eda 8 de junio se vivi\u00f3 el cierre de la decimoquinta edici\u00f3n del Tour Corridas Milo, actividad<br>enfocada en fomentar el deporte y la vida sana.<\/p>\n\n\n\n<p><br>Nuestra capital recibi\u00f3 a deportistas y a sus familias en este evento que ya se ha consolidado como<br>una de las iniciativas escolares deportivas m\u00e1s importantes del pa\u00eds y nuestro Colegio Mayor<br>estuvo presente una vez m\u00e1s.<\/p>\n\n\n\n<p><br>Y este a\u00f1o por primera vez se realiz\u00f3 en el Parque Estadio Nacional, recinto especialmente<br>acondicionado para actividades ciudadanas y deportivas, y que este fin de semana recibi\u00f3 a miles<br>de ni\u00f1os que dieron vida a la denominada \u201cmarea verde\u201d.<\/p>\n\n\n\n<p><br>Durante el Tour 2025 la gran novedad fue la instauraci\u00f3n del Milo Day. Es as\u00ed como el s\u00e1bado 7 en<br>el Parque Estadio Nacional se realiz\u00f3 una jornada llena de entretenci\u00f3n a trav\u00e9s de ejercicios,<br>bailes, visores de realidad virtual y talleres de nutrici\u00f3n, entre otras sorpresas.<\/p>\n\n\n\n<p><br>Nuestro colegio participo con 178 estudiantes en todas las categor\u00edas. Y destacados a:<br>a) Ronald Vera, 7mo lugar en la categor\u00eda 10 y 11 a\u00f1os.<br>b) Aline De Almeida, en los 3KM 10 lugar en la categor\u00eda 10 y 11 a\u00f1os.<br>c) Salvador Mu\u00f1oz, 14 lugar en la categor\u00eda 12 y 13 a\u00f1os.<br>d) Montserrat Flores, 5to lugar en la categor\u00eda 14 y 15 a\u00f1os.<\/p>\n\n\n\n<p><br><strong><em>\u201cA seguir en la senda del alto vuelo, buscando proyectar a este maravilloso equipo\u201d<\/em><\/strong><\/p>\n\n\n<div id=\"gt3pg_gallery1\" class=\"gt3pg_galleryid-38592 gt3pg_gallery-columns-3 gt3pg_photo_gallery gt3pg-corner-type-standard gt3pg_hover-default gt3pg-type-rectangle\" data-size=\"thumbnail\" data-type=\"rectangle\" data-corner=\"standard\" data-link=\"lightbox\" data-margin=\"30\" data-instance=\"1\"><dl class=\"gt3pg_gallery-item gt3pg_element\"><div class=\"gt3pg_item_main_wrapper\"><div class=\"gt3pg_item-wrapper\"><a href=\"https:\/\/webpe.colegiomayor.cl\/wp-content\/uploads\/2025\/06\/WhatsApp-Image-2025-06-08-at-7.35.49-PM.jpeg\" class=\"gt3pg_swipebox \" data-description=\"\"><div class=\"gt3pg_img_wrap landscape\" style=\"background-image: url(https:\/\/webpe.colegiomayor.cl\/wp-content\/uploads\/2025\/06\/WhatsApp-Image-2025-06-08-at-7.35.49-PM.jpeg);\" data-width=\"1600\" data-height=\"1200\" data-i=\"1\" >\r\n<img decoding=\"async\" src=\"https:\/\/webpe.colegiomayor.cl\/wp-content\/uploads\/2025\/06\/WhatsApp-Image-2025-06-08-at-7.35.49-PM.jpeg\" title=\"WhatsApp Image 2025-06-08 at 7.35.49 PM\" alt=\"\" \/>\r\n<\/div><\/a>\n<\/div>\n <\/div><\/dl>\n<dl class=\"gt3pg_gallery-item gt3pg_element\"><div class=\"gt3pg_item_main_wrapper\"><div class=\"gt3pg_item-wrapper\"><a href=\"https:\/\/webpe.colegiomayor.cl\/wp-content\/uploads\/2025\/06\/WhatsApp-Image-2025-06-08-at-9.12.19-PM.jpeg\" class=\"gt3pg_swipebox \" data-description=\"\"><div class=\"gt3pg_img_wrap landscape\" style=\"background-image: url(https:\/\/webpe.colegiomayor.cl\/wp-content\/uploads\/2025\/06\/WhatsApp-Image-2025-06-08-at-9.12.19-PM.jpeg);\" data-width=\"1407\" data-height=\"875\" data-i=\"2\" >\r\n<img decoding=\"async\" src=\"https:\/\/webpe.colegiomayor.cl\/wp-content\/uploads\/2025\/06\/WhatsApp-Image-2025-06-08-at-9.12.19-PM.jpeg\" title=\"WhatsApp Image 2025-06-08 at 9.12.19 PM\" alt=\"\" \/>\r\n<\/div><\/a>\n<\/div>\n <\/div><\/dl>\n<dl class=\"gt3pg_gallery-item gt3pg_element\"><div class=\"gt3pg_item_main_wrapper\"><div class=\"gt3pg_item-wrapper\"><a href=\"https:\/\/webpe.colegiomayor.cl\/wp-content\/uploads\/2025\/06\/WhatsApp-Image-2025-06-08-at-9.22.21-AM.jpeg\" class=\"gt3pg_swipebox \" data-description=\"\"><div class=\"gt3pg_img_wrap portrait\" style=\"background-image: url(https:\/\/webpe.colegiomayor.cl\/wp-content\/uploads\/2025\/06\/WhatsApp-Image-2025-06-08-at-9.22.21-AM.jpeg);\" data-width=\"900\" data-height=\"1600\" data-i=\"3\" >\r\n<img decoding=\"async\" src=\"https:\/\/webpe.colegiomayor.cl\/wp-content\/uploads\/2025\/06\/WhatsApp-Image-2025-06-08-at-9.22.21-AM.jpeg\" title=\"WhatsApp Image 2025-06-08 at 9.22.21 AM\" alt=\"\" \/>\r\n<\/div><\/a>\n<\/div>\n <\/div><\/dl>\n<\/div>\n <style type='text\/css'>\r\n\t\t\t#gt3pg_gallery1 .gt3pg_item_main_wrapper {\r\n\t\t\t\tpadding: 15px\r\n\t\t\t}\r\n\t\t\t<\/style>\n\t\t","protected":false},"excerpt":{"rendered":"<p>El d\u00eda 8 de junio se vivi\u00f3 el cierre de la decimoquinta edici\u00f3n del Tour Corridas Milo, actividadenfocada en fomentar el deporte y la vida sana. Nuestra capital recibi\u00f3 a deportistas y a sus familias en este evento que ya se ha consolidado comouna de&nbsp;<a href=\"https:\/\/webpe.colegiomayor.cl\/?p=38592\">&hellip;<\/a><\/p>\n","protected":false},"author":11,"featured_media":38595,"comment_status":"closed","ping_status":"closed","sticky":false,"template":"","format":"standard","meta":{"content-type":"","footnotes":""},"categories":[25,44],"tags":[],"class_list":["post-38592","post","type-post","status-publish","format-standard","has-post-thumbnail","hentry","category-deportes","category-noticias","odd"],"rttpg_featured_image_url":{"full":["https:\/\/webpe.colegiomayor.cl\/wp-content\/uploads\/2025\/06\/WhatsApp-Image-2025-06-08-at-7.35.49-PM.jpeg",1600,1200,false],"landscape":["https:\/\/webpe.colegiomayor.cl\/wp-content\/uploads\/2025\/06\/WhatsApp-Image-2025-06-08-at-7.35.49-PM.jpeg",1600,1200,false],"portraits":["https:\/\/webpe.colegiomayor.cl\/wp-content\/uploads\/2025\/06\/WhatsApp-Image-2025-06-08-at-7.35.49-PM.jpeg",1600,1200,false],"thumbnail":["https:\/\/webpe.colegiomayor.cl\/wp-content\/uploads\/2025\/06\/WhatsApp-Image-2025-06-08-at-7.35.49-PM-150x150.jpeg",150,150,true],"medium":["https:\/\/webpe.colegiomayor.cl\/wp-content\/uploads\/2025\/06\/WhatsApp-Image-2025-06-08-at-7.35.49-PM-300x225.jpeg",300,225,true],"large":["https:\/\/webpe.colegiomayor.cl\/wp-content\/uploads\/2025\/06\/WhatsApp-Image-2025-06-08-at-7.35.49-PM-1024x768.jpeg",1024,768,true],"1536x1536":["https:\/\/webpe.colegiomayor.cl\/wp-content\/uploads\/2025\/06\/WhatsApp-Image-2025-06-08-at-7.35.49-PM-1536x1152.jpeg",1536,1152,true],"2048x2048":["https:\/\/webpe.colegiomayor.cl\/wp-content\/uploads\/2025\/06\/WhatsApp-Image-2025-06-08-at-7.35.49-PM-1600x1200.jpeg",1600,1200,true],"post-thumbnail":["https:\/\/webpe.colegiomayor.cl\/wp-content\/uploads\/2025\/06\/WhatsApp-Image-2025-06-08-at-7.35.49-PM-150x113.jpeg",150,113,true],"ed-school-featured-image":["https:\/\/webpe.colegiomayor.cl\/wp-content\/uploads\/2025\/06\/WhatsApp-Image-2025-06-08-at-7.35.49-PM-990x500.jpeg",990,500,true],"ed-school-medium":["https:\/\/webpe.colegiomayor.cl\/wp-content\/uploads\/2025\/06\/WhatsApp-Image-2025-06-08-at-7.35.49-PM-768x510.jpeg",768,510,true],"ed-school-medium-alt":["https:\/\/webpe.colegiomayor.cl\/wp-content\/uploads\/2025\/06\/WhatsApp-Image-2025-06-08-at-7.35.49-PM-768x410.jpeg",768,410,true],"ed-school-square":["https:\/\/webpe.colegiomayor.cl\/wp-content\/uploads\/2025\/06\/WhatsApp-Image-2025-06-08-at-7.35.49-PM-768x768.jpeg",768,768,true],"ed-school-square-small":["https:\/\/webpe.colegiomayor.cl\/wp-content\/uploads\/2025\/06\/WhatsApp-Image-2025-06-08-at-7.35.49-PM-420x420.jpeg",420,420,true]},"rttpg_author":{"display_name":"Francisco Arriagada","author_link":"https:\/\/webpe.colegiomayor.cl\/?author=11"},"rttpg_comment":0,"rttpg_category":"<a href=\"https:\/\/webpe.colegiomayor.cl\/?cat=25\" rel=\"category\">DEPORTES<\/a> <a href=\"https:\/\/webpe.colegiomayor.cl\/?cat=44\" rel=\"category\">NOTICIAS<\/a>","rttpg_excerpt":"El d\u00eda 8 de junio se vivi\u00f3 el cierre de la decimoquinta edici\u00f3n del Tour Corridas Milo, actividadenfocada en fomentar el deporte y la vida sana. Nuestra capital recibi\u00f3 a deportistas y a sus familias en este evento que ya se ha consolidado comouna de&nbsp;&hellip;","_links":{"self":[{"href":"https:\/\/webpe.colegiomayor.cl\/index.php?rest_route=\/wp\/v2\/posts\/38592","targetHints":{"allow":["GET"]}}],"collection":[{"href":"https:\/\/webpe.colegiomayor.cl\/index.php?rest_route=\/wp\/v2\/posts"}],"about":[{"href":"https:\/\/webpe.colegiomayor.cl\/index.php?rest_route=\/wp\/v2\/types\/post"}],"author":[{"embeddable":true,"href":"https:\/\/webpe.colegiomayor.cl\/index.php?rest_route=\/wp\/v2\/users\/11"}],"replies":[{"embeddable":true,"href":"https:\/\/webpe.colegiomayor.cl\/index.php?rest_route=%2Fwp%2Fv2%2Fcomments&post=38592"}],"version-history":[{"count":2,"href":"https:\/\/webpe.colegiomayor.cl\/index.php?rest_route=\/wp\/v2\/posts\/38592\/revisions"}],"predecessor-version":[{"id":38598,"href":"https:\/\/webpe.colegiomayor.cl\/index.php?rest_route=\/wp\/v2\/posts\/38592\/revisions\/38598"}],"wp:featuredmedia":[{"embeddable":true,"href":"https:\/\/webpe.colegiomayor.cl\/index.php?rest_route=\/wp\/v2\/media\/38595"}],"wp:attachment":[{"href":"https:\/\/webpe.colegiomayor.cl\/index.php?rest_route=%2Fwp%2Fv2%2Fmedia&parent=38592"}],"wp:term":[{"taxonomy":"category","embeddable":true,"href":"https:\/\/webpe.colegiomayor.cl\/index.php?rest_route=%2Fwp%2Fv2%2Fcategories&post=38592"},{"taxonomy":"post_tag","embeddable":true,"href":"https:\/\/webpe.colegiomayor.cl\/index.php?rest_route=%2Fwp%2Fv2%2Ftags&post=38592"}],"curies":[{"name":"wp","href":"https:\/\/api.w.org\/{rel}","templated":true}]}}