{"id":37868,"date":"2025-06-11T22:42:31","date_gmt":"2025-06-12T01:42:31","guid":{"rendered":"https:\/\/webpe.colegiomayor.cl\/?p=37868"},"modified":"2025-06-11T22:58:11","modified_gmt":"2025-06-12T01:58:11","slug":"gimnastas-del-colegio-mayor-penalolen-destacan-en-la-liga-escolar-de-gimnasia-artistica","status":"publish","type":"post","link":"https:\/\/webpe.colegiomayor.cl\/?p=37868","title":{"rendered":"Gimnastas del Colegio Mayor Pe\u00f1alol\u00e9n destacan en la Liga Escolar de Gimnasia Art\u00edstica"},"content":{"rendered":"\n<p>El pasado s\u00e1bado 24 de mayo, el Colegio Mayor Pe\u00f1alol\u00e9n particip\u00f3 con entusiasmo en la competencia de nivel inicial de la <strong>Liga Escolar de Gimnasia Art\u00edstica (L.E.G.A.)<\/strong>, realizada en el Colegio Carmen Teresiano de La Reina.<\/p>\n\n\n\n<p>Con un excelente desempe\u00f1o, nuestra delegaci\u00f3n obtuvo el <strong>segundo lugar en la premiaci\u00f3n general<\/strong>, destacando entre los colegios y clubes participantes. De las 10 gimnastas que representaron al colegio, 8 recibieron medallas en la premiaci\u00f3n individual, reflejo del compromiso, talento y esfuerzo de nuestras estudiantes.<\/p>\n\n\n\n<p>Adem\u00e1s, cuatro de ellas lograron avanzar a <strong>nivel 1<\/strong>, marcando un importante paso en su formaci\u00f3n deportiva. Felicitamos especialmente a <strong>M\u00eda Sandoval, Renata Navarro, Isidora Vergara y Julieta Madariaga<\/strong> por este logro.<\/p>\n\n\n\n<p><strong>Gimnastas participantes:<\/strong><\/p>\n\n\n\n<ul class=\"wp-block-list\">\n<li>M\u00eda Sandoval \u2013 3\u00b0D<\/li>\n\n\n\n<li>Renata Navarro \u2013 3\u00b0B<\/li>\n\n\n\n<li>Julieta Madariaga \u2013 6\u00b0B<\/li>\n\n\n\n<li>Sara Fuentes \u2013 5\u00b0E<\/li>\n\n\n\n<li>Isidora Ramos \u2013 6\u00b0D<\/li>\n\n\n\n<li>Rafaela Abarca \u2013 2\u00b0B<\/li>\n\n\n\n<li>Trinidad Mart\u00ednez \u2013 2\u00b0A<\/li>\n\n\n\n<li>Emilia Villavicencio \u2013 2\u00b0D<\/li>\n\n\n\n<li>Thiare Labbe \u2013 2\u00b0C<\/li>\n<\/ul>\n\n\n\n<p>Queremos destacar el esfuerzo y la dedicaci\u00f3n de todas las gimnastas, muchas de las cuales participaron por primera vez en una competencia. Su entusiasmo y perseverancia son motivo de orgullo para toda nuestra comunidad educativa.<\/p>\n\n\n\n<p>Agradecemos tambi\u00e9n el constante apoyo de las familias, que ha sido fundamental para alcanzar estos resultados.<\/p>\n\n\n\n<p class=\"has-text-align-center\">Como colegio, seguiremos impulsando la formaci\u00f3n integral de nuestras estudiantes, promoviendo el desarrollo deportivo y el esp\u00edritu de superaci\u00f3n.<br><strong>Felicitaciones a todas las participantes y gracias por representar tan bien al Colegio Mayor Pe\u00f1alol\u00e9n<\/strong>.<\/p>\n\n\n\n<figure class=\"wp-block-gallery has-nested-images columns-default is-cropped wp-block-gallery-1 is-layout-flex wp-block-gallery-is-layout-flex\">\n<figure class=\"wp-block-image size-large\"><img loading=\"lazy\" decoding=\"async\" width=\"1024\" height=\"768\" data-id=\"37873\" src=\"https:\/\/webpe.colegiomayor.cl\/wp-content\/uploads\/2025\/06\/WhatsApp-Image-2025-05-26-at-08.27.23-1-1-1024x768.jpeg\" alt=\"\" class=\"wp-image-37873\" srcset=\"https:\/\/webpe.colegiomayor.cl\/wp-content\/uploads\/2025\/06\/WhatsApp-Image-2025-05-26-at-08.27.23-1-1-1024x768.jpeg 1024w, https:\/\/webpe.colegiomayor.cl\/wp-content\/uploads\/2025\/06\/WhatsApp-Image-2025-05-26-at-08.27.23-1-1-300x225.jpeg 300w, https:\/\/webpe.colegiomayor.cl\/wp-content\/uploads\/2025\/06\/WhatsApp-Image-2025-05-26-at-08.27.23-1-1-768x576.jpeg 768w, https:\/\/webpe.colegiomayor.cl\/wp-content\/uploads\/2025\/06\/WhatsApp-Image-2025-05-26-at-08.27.23-1-1-1536x1152.jpeg 1536w, https:\/\/webpe.colegiomayor.cl\/wp-content\/uploads\/2025\/06\/WhatsApp-Image-2025-05-26-at-08.27.23-1-1-150x113.jpeg 150w, https:\/\/webpe.colegiomayor.cl\/wp-content\/uploads\/2025\/06\/WhatsApp-Image-2025-05-26-at-08.27.23-1-1.jpeg 1600w\" sizes=\"auto, (max-width: 1024px) 100vw, 1024px\" \/><\/figure>\n\n\n\n<figure class=\"wp-block-image size-large\"><img loading=\"lazy\" decoding=\"async\" width=\"1024\" height=\"768\" data-id=\"37875\" src=\"https:\/\/webpe.colegiomayor.cl\/wp-content\/uploads\/2025\/06\/WhatsApp-Image-2025-05-26-at-08.27.23-2-1024x768.jpeg\" alt=\"\" class=\"wp-image-37875\" srcset=\"https:\/\/webpe.colegiomayor.cl\/wp-content\/uploads\/2025\/06\/WhatsApp-Image-2025-05-26-at-08.27.23-2-1024x768.jpeg 1024w, https:\/\/webpe.colegiomayor.cl\/wp-content\/uploads\/2025\/06\/WhatsApp-Image-2025-05-26-at-08.27.23-2-300x225.jpeg 300w, https:\/\/webpe.colegiomayor.cl\/wp-content\/uploads\/2025\/06\/WhatsApp-Image-2025-05-26-at-08.27.23-2-768x576.jpeg 768w, https:\/\/webpe.colegiomayor.cl\/wp-content\/uploads\/2025\/06\/WhatsApp-Image-2025-05-26-at-08.27.23-2-1536x1152.jpeg 1536w, https:\/\/webpe.colegiomayor.cl\/wp-content\/uploads\/2025\/06\/WhatsApp-Image-2025-05-26-at-08.27.23-2-150x113.jpeg 150w, https:\/\/webpe.colegiomayor.cl\/wp-content\/uploads\/2025\/06\/WhatsApp-Image-2025-05-26-at-08.27.23-2.jpeg 1600w\" sizes=\"auto, (max-width: 1024px) 100vw, 1024px\" \/><\/figure>\n\n\n\n<figure class=\"wp-block-image size-large\"><img loading=\"lazy\" decoding=\"async\" width=\"768\" height=\"1024\" data-id=\"37874\" src=\"https:\/\/webpe.colegiomayor.cl\/wp-content\/uploads\/2025\/06\/WhatsApp-Image-2025-05-26-at-08.27.23-3-768x1024.jpeg\" alt=\"\" class=\"wp-image-37874\" srcset=\"https:\/\/webpe.colegiomayor.cl\/wp-content\/uploads\/2025\/06\/WhatsApp-Image-2025-05-26-at-08.27.23-3-768x1024.jpeg 768w, https:\/\/webpe.colegiomayor.cl\/wp-content\/uploads\/2025\/06\/WhatsApp-Image-2025-05-26-at-08.27.23-3-225x300.jpeg 225w, https:\/\/webpe.colegiomayor.cl\/wp-content\/uploads\/2025\/06\/WhatsApp-Image-2025-05-26-at-08.27.23-3-1152x1536.jpeg 1152w, https:\/\/webpe.colegiomayor.cl\/wp-content\/uploads\/2025\/06\/WhatsApp-Image-2025-05-26-at-08.27.23-3-113x150.jpeg 113w, https:\/\/webpe.colegiomayor.cl\/wp-content\/uploads\/2025\/06\/WhatsApp-Image-2025-05-26-at-08.27.23-3.jpeg 1200w\" sizes=\"auto, (max-width: 768px) 100vw, 768px\" \/><\/figure>\n\n\n\n<figure class=\"wp-block-image size-large\"><img loading=\"lazy\" decoding=\"async\" width=\"1024\" height=\"768\" data-id=\"37876\" src=\"https:\/\/webpe.colegiomayor.cl\/wp-content\/uploads\/2025\/06\/WhatsApp-Image-2025-05-26-at-08.27.23-1024x768.jpeg\" alt=\"\" class=\"wp-image-37876\" srcset=\"https:\/\/webpe.colegiomayor.cl\/wp-content\/uploads\/2025\/06\/WhatsApp-Image-2025-05-26-at-08.27.23-1024x768.jpeg 1024w, https:\/\/webpe.colegiomayor.cl\/wp-content\/uploads\/2025\/06\/WhatsApp-Image-2025-05-26-at-08.27.23-300x225.jpeg 300w, https:\/\/webpe.colegiomayor.cl\/wp-content\/uploads\/2025\/06\/WhatsApp-Image-2025-05-26-at-08.27.23-768x576.jpeg 768w, https:\/\/webpe.colegiomayor.cl\/wp-content\/uploads\/2025\/06\/WhatsApp-Image-2025-05-26-at-08.27.23-1536x1152.jpeg 1536w, https:\/\/webpe.colegiomayor.cl\/wp-content\/uploads\/2025\/06\/WhatsApp-Image-2025-05-26-at-08.27.23-150x113.jpeg 150w, https:\/\/webpe.colegiomayor.cl\/wp-content\/uploads\/2025\/06\/WhatsApp-Image-2025-05-26-at-08.27.23.jpeg 1600w\" sizes=\"auto, (max-width: 1024px) 100vw, 1024px\" \/><\/figure>\n\n\n\n<figure class=\"wp-block-image size-large\"><img loading=\"lazy\" decoding=\"async\" width=\"1024\" height=\"768\" data-id=\"37878\" src=\"https:\/\/webpe.colegiomayor.cl\/wp-content\/uploads\/2025\/06\/WhatsApp-Image-2025-05-26-at-09.19.53-1024x768.jpeg\" alt=\"\" class=\"wp-image-37878\" srcset=\"https:\/\/webpe.colegiomayor.cl\/wp-content\/uploads\/2025\/06\/WhatsApp-Image-2025-05-26-at-09.19.53-1024x768.jpeg 1024w, https:\/\/webpe.colegiomayor.cl\/wp-content\/uploads\/2025\/06\/WhatsApp-Image-2025-05-26-at-09.19.53-300x225.jpeg 300w, https:\/\/webpe.colegiomayor.cl\/wp-content\/uploads\/2025\/06\/WhatsApp-Image-2025-05-26-at-09.19.53-768x576.jpeg 768w, https:\/\/webpe.colegiomayor.cl\/wp-content\/uploads\/2025\/06\/WhatsApp-Image-2025-05-26-at-09.19.53-1536x1152.jpeg 1536w, https:\/\/webpe.colegiomayor.cl\/wp-content\/uploads\/2025\/06\/WhatsApp-Image-2025-05-26-at-09.19.53-2048x1536.jpeg 2048w, https:\/\/webpe.colegiomayor.cl\/wp-content\/uploads\/2025\/06\/WhatsApp-Image-2025-05-26-at-09.19.53-150x113.jpeg 150w\" sizes=\"auto, (max-width: 1024px) 100vw, 1024px\" \/><\/figure>\n\n\n\n<figure class=\"wp-block-image size-large\"><img loading=\"lazy\" decoding=\"async\" width=\"1024\" height=\"768\" data-id=\"37877\" src=\"https:\/\/webpe.colegiomayor.cl\/wp-content\/uploads\/2025\/06\/WhatsApp-Image-2025-05-26-at-09.19.55-2-1024x768.jpeg\" alt=\"\" class=\"wp-image-37877\" srcset=\"https:\/\/webpe.colegiomayor.cl\/wp-content\/uploads\/2025\/06\/WhatsApp-Image-2025-05-26-at-09.19.55-2-1024x768.jpeg 1024w, https:\/\/webpe.colegiomayor.cl\/wp-content\/uploads\/2025\/06\/WhatsApp-Image-2025-05-26-at-09.19.55-2-300x225.jpeg 300w, https:\/\/webpe.colegiomayor.cl\/wp-content\/uploads\/2025\/06\/WhatsApp-Image-2025-05-26-at-09.19.55-2-768x576.jpeg 768w, https:\/\/webpe.colegiomayor.cl\/wp-content\/uploads\/2025\/06\/WhatsApp-Image-2025-05-26-at-09.19.55-2-1536x1152.jpeg 1536w, https:\/\/webpe.colegiomayor.cl\/wp-content\/uploads\/2025\/06\/WhatsApp-Image-2025-05-26-at-09.19.55-2-2048x1536.jpeg 2048w, https:\/\/webpe.colegiomayor.cl\/wp-content\/uploads\/2025\/06\/WhatsApp-Image-2025-05-26-at-09.19.55-2-150x113.jpeg 150w\" sizes=\"auto, (max-width: 1024px) 100vw, 1024px\" \/><\/figure>\n\n\n\n<figure class=\"wp-block-image size-large\"><img loading=\"lazy\" decoding=\"async\" width=\"576\" height=\"1024\" data-id=\"37881\" src=\"https:\/\/webpe.colegiomayor.cl\/wp-content\/uploads\/2025\/06\/WhatsApp-Image-2025-05-26-at-09.19.54-576x1024.jpeg\" alt=\"\" class=\"wp-image-37881\" srcset=\"https:\/\/webpe.colegiomayor.cl\/wp-content\/uploads\/2025\/06\/WhatsApp-Image-2025-05-26-at-09.19.54-576x1024.jpeg 576w, https:\/\/webpe.colegiomayor.cl\/wp-content\/uploads\/2025\/06\/WhatsApp-Image-2025-05-26-at-09.19.54-169x300.jpeg 169w, https:\/\/webpe.colegiomayor.cl\/wp-content\/uploads\/2025\/06\/WhatsApp-Image-2025-05-26-at-09.19.54-768x1365.jpeg 768w, https:\/\/webpe.colegiomayor.cl\/wp-content\/uploads\/2025\/06\/WhatsApp-Image-2025-05-26-at-09.19.54-864x1536.jpeg 864w, https:\/\/webpe.colegiomayor.cl\/wp-content\/uploads\/2025\/06\/WhatsApp-Image-2025-05-26-at-09.19.54-1152x2048.jpeg 1152w, https:\/\/webpe.colegiomayor.cl\/wp-content\/uploads\/2025\/06\/WhatsApp-Image-2025-05-26-at-09.19.54-84x150.jpeg 84w, https:\/\/webpe.colegiomayor.cl\/wp-content\/uploads\/2025\/06\/WhatsApp-Image-2025-05-26-at-09.19.54.jpeg 1290w\" sizes=\"auto, (max-width: 576px) 100vw, 576px\" \/><\/figure>\n\n\n\n<figure class=\"wp-block-image size-large\"><img loading=\"lazy\" decoding=\"async\" width=\"1024\" height=\"768\" data-id=\"37879\" src=\"https:\/\/webpe.colegiomayor.cl\/wp-content\/uploads\/2025\/06\/WhatsApp-Image-2025-05-26-at-09.19.55-1-1024x768.jpeg\" alt=\"\" class=\"wp-image-37879\" srcset=\"https:\/\/webpe.colegiomayor.cl\/wp-content\/uploads\/2025\/06\/WhatsApp-Image-2025-05-26-at-09.19.55-1-1024x768.jpeg 1024w, https:\/\/webpe.colegiomayor.cl\/wp-content\/uploads\/2025\/06\/WhatsApp-Image-2025-05-26-at-09.19.55-1-300x225.jpeg 300w, https:\/\/webpe.colegiomayor.cl\/wp-content\/uploads\/2025\/06\/WhatsApp-Image-2025-05-26-at-09.19.55-1-768x576.jpeg 768w, https:\/\/webpe.colegiomayor.cl\/wp-content\/uploads\/2025\/06\/WhatsApp-Image-2025-05-26-at-09.19.55-1-1536x1152.jpeg 1536w, https:\/\/webpe.colegiomayor.cl\/wp-content\/uploads\/2025\/06\/WhatsApp-Image-2025-05-26-at-09.19.55-1-2048x1536.jpeg 2048w, https:\/\/webpe.colegiomayor.cl\/wp-content\/uploads\/2025\/06\/WhatsApp-Image-2025-05-26-at-09.19.55-1-150x113.jpeg 150w\" sizes=\"auto, (max-width: 1024px) 100vw, 1024px\" \/><\/figure>\n\n\n\n<figure class=\"wp-block-image size-large\"><img loading=\"lazy\" decoding=\"async\" width=\"1024\" height=\"768\" data-id=\"37880\" src=\"https:\/\/webpe.colegiomayor.cl\/wp-content\/uploads\/2025\/06\/WhatsApp-Image-2025-05-26-at-09.19.55-1024x768.jpeg\" alt=\"\" class=\"wp-image-37880\" srcset=\"https:\/\/webpe.colegiomayor.cl\/wp-content\/uploads\/2025\/06\/WhatsApp-Image-2025-05-26-at-09.19.55-1024x768.jpeg 1024w, https:\/\/webpe.colegiomayor.cl\/wp-content\/uploads\/2025\/06\/WhatsApp-Image-2025-05-26-at-09.19.55-300x225.jpeg 300w, https:\/\/webpe.colegiomayor.cl\/wp-content\/uploads\/2025\/06\/WhatsApp-Image-2025-05-26-at-09.19.55-768x576.jpeg 768w, https:\/\/webpe.colegiomayor.cl\/wp-content\/uploads\/2025\/06\/WhatsApp-Image-2025-05-26-at-09.19.55-1536x1152.jpeg 1536w, https:\/\/webpe.colegiomayor.cl\/wp-content\/uploads\/2025\/06\/WhatsApp-Image-2025-05-26-at-09.19.55-2048x1536.jpeg 2048w, https:\/\/webpe.colegiomayor.cl\/wp-content\/uploads\/2025\/06\/WhatsApp-Image-2025-05-26-at-09.19.55-150x113.jpeg 150w\" sizes=\"auto, (max-width: 1024px) 100vw, 1024px\" \/><\/figure>\n<\/figure>\n","protected":false},"excerpt":{"rendered":"<p>El pasado s\u00e1bado 24 de mayo, el Colegio Mayor Pe\u00f1alol\u00e9n particip\u00f3 con entusiasmo en la competencia de nivel inicial de la Liga Escolar de Gimnasia Art\u00edstica (L.E.G.A.), realizada en el Colegio Carmen Teresiano de La Reina. Con un excelente desempe\u00f1o, nuestra delegaci\u00f3n obtuvo el segundo&nbsp;<a href=\"https:\/\/webpe.colegiomayor.cl\/?p=37868\">&hellip;<\/a><\/p>\n","protected":false},"author":11,"featured_media":37871,"comment_status":"closed","ping_status":"closed","sticky":false,"template":"","format":"standard","meta":{"content-type":"","footnotes":""},"categories":[25,44],"tags":[],"class_list":["post-37868","post","type-post","status-publish","format-standard","has-post-thumbnail","hentry","category-deportes","category-noticias","odd"],"rttpg_featured_image_url":{"full":["https:\/\/webpe.colegiomayor.cl\/wp-content\/uploads\/2025\/06\/WhatsApp-Image-2025-05-26-at-08.27.23-1.jpeg",1600,1200,false],"landscape":["https:\/\/webpe.colegiomayor.cl\/wp-content\/uploads\/2025\/06\/WhatsApp-Image-2025-05-26-at-08.27.23-1.jpeg",1600,1200,false],"portraits":["https:\/\/webpe.colegiomayor.cl\/wp-content\/uploads\/2025\/06\/WhatsApp-Image-2025-05-26-at-08.27.23-1.jpeg",1600,1200,false],"thumbnail":["https:\/\/webpe.colegiomayor.cl\/wp-content\/uploads\/2025\/06\/WhatsApp-Image-2025-05-26-at-08.27.23-1-150x150.jpeg",150,150,true],"medium":["https:\/\/webpe.colegiomayor.cl\/wp-content\/uploads\/2025\/06\/WhatsApp-Image-2025-05-26-at-08.27.23-1-300x225.jpeg",300,225,true],"large":["https:\/\/webpe.colegiomayor.cl\/wp-content\/uploads\/2025\/06\/WhatsApp-Image-2025-05-26-at-08.27.23-1-1024x768.jpeg",1024,768,true],"1536x1536":["https:\/\/webpe.colegiomayor.cl\/wp-content\/uploads\/2025\/06\/WhatsApp-Image-2025-05-26-at-08.27.23-1-1536x1152.jpeg",1536,1152,true],"2048x2048":["https:\/\/webpe.colegiomayor.cl\/wp-content\/uploads\/2025\/06\/WhatsApp-Image-2025-05-26-at-08.27.23-1-1600x1200.jpeg",1600,1200,true],"post-thumbnail":["https:\/\/webpe.colegiomayor.cl\/wp-content\/uploads\/2025\/06\/WhatsApp-Image-2025-05-26-at-08.27.23-1-150x113.jpeg",150,113,true],"ed-school-featured-image":["https:\/\/webpe.colegiomayor.cl\/wp-content\/uploads\/2025\/06\/WhatsApp-Image-2025-05-26-at-08.27.23-1-990x500.jpeg",990,500,true],"ed-school-medium":["https:\/\/webpe.colegiomayor.cl\/wp-content\/uploads\/2025\/06\/WhatsApp-Image-2025-05-26-at-08.27.23-1-768x510.jpeg",768,510,true],"ed-school-medium-alt":["https:\/\/webpe.colegiomayor.cl\/wp-content\/uploads\/2025\/06\/WhatsApp-Image-2025-05-26-at-08.27.23-1-768x410.jpeg",768,410,true],"ed-school-square":["https:\/\/webpe.colegiomayor.cl\/wp-content\/uploads\/2025\/06\/WhatsApp-Image-2025-05-26-at-08.27.23-1-768x768.jpeg",768,768,true],"ed-school-square-small":["https:\/\/webpe.colegiomayor.cl\/wp-content\/uploads\/2025\/06\/WhatsApp-Image-2025-05-26-at-08.27.23-1-420x420.jpeg",420,420,true]},"rttpg_author":{"display_name":"Francisco Arriagada","author_link":"https:\/\/webpe.colegiomayor.cl\/?author=11"},"rttpg_comment":0,"rttpg_category":"<a href=\"https:\/\/webpe.colegiomayor.cl\/?cat=25\" rel=\"category\">DEPORTES<\/a> <a href=\"https:\/\/webpe.colegiomayor.cl\/?cat=44\" rel=\"category\">NOTICIAS<\/a>","rttpg_excerpt":"El pasado s\u00e1bado 24 de mayo, el Colegio Mayor Pe\u00f1alol\u00e9n particip\u00f3 con entusiasmo en la competencia de nivel inicial de la Liga Escolar de Gimnasia Art\u00edstica (L.E.G.A.), realizada en el Colegio Carmen Teresiano de La Reina. Con un excelente desempe\u00f1o, nuestra delegaci\u00f3n obtuvo el segundo&nbsp;&hellip;","_links":{"self":[{"href":"https:\/\/webpe.colegiomayor.cl\/index.php?rest_route=\/wp\/v2\/posts\/37868","targetHints":{"allow":["GET"]}}],"collection":[{"href":"https:\/\/webpe.colegiomayor.cl\/index.php?rest_route=\/wp\/v2\/posts"}],"about":[{"href":"https:\/\/webpe.colegiomayor.cl\/index.php?rest_route=\/wp\/v2\/types\/post"}],"author":[{"embeddable":true,"href":"https:\/\/webpe.colegiomayor.cl\/index.php?rest_route=\/wp\/v2\/users\/11"}],"replies":[{"embeddable":true,"href":"https:\/\/webpe.colegiomayor.cl\/index.php?rest_route=%2Fwp%2Fv2%2Fcomments&post=37868"}],"version-history":[{"count":3,"href":"https:\/\/webpe.colegiomayor.cl\/index.php?rest_route=\/wp\/v2\/posts\/37868\/revisions"}],"predecessor-version":[{"id":37882,"href":"https:\/\/webpe.colegiomayor.cl\/index.php?rest_route=\/wp\/v2\/posts\/37868\/revisions\/37882"}],"wp:featuredmedia":[{"embeddable":true,"href":"https:\/\/webpe.colegiomayor.cl\/index.php?rest_route=\/wp\/v2\/media\/37871"}],"wp:attachment":[{"href":"https:\/\/webpe.colegiomayor.cl\/index.php?rest_route=%2Fwp%2Fv2%2Fmedia&parent=37868"}],"wp:term":[{"taxonomy":"category","embeddable":true,"href":"https:\/\/webpe.colegiomayor.cl\/index.php?rest_route=%2Fwp%2Fv2%2Fcategories&post=37868"},{"taxonomy":"post_tag","embeddable":true,"href":"https:\/\/webpe.colegiomayor.cl\/index.php?rest_route=%2Fwp%2Fv2%2Ftags&post=37868"}],"curies":[{"name":"wp","href":"https:\/\/api.w.org\/{rel}","templated":true}]}}