{"id":37859,"date":"2025-06-05T17:01:07","date_gmt":"2025-06-05T20:01:07","guid":{"rendered":"https:\/\/webpe.colegiomayor.cl\/?p=37859"},"modified":"2025-06-06T15:14:40","modified_gmt":"2025-06-06T18:14:40","slug":"actividades-deportivas-sabado-7-de-junio","status":"publish","type":"post","link":"https:\/\/webpe.colegiomayor.cl\/?p=37859","title":{"rendered":"Selecciones Deportivas &#8211; S\u00e1bado 7 de junio"},"content":{"rendered":"\n<hr class=\"wp-block-separator has-alpha-channel-opacity\"\/>\n\n\n\n<h2 class=\"wp-block-heading has-cyan-bluish-gray-background-color has-background\"><strong>Atletismo<\/strong><\/h2>\n\n\n\n<h3 class=\"wp-block-heading\"><strong>Viernes 6 de junio<\/strong><\/h3>\n\n\n\n<p><strong>Evento:<\/strong> Grand Prix Atletismo Escolar UC<br><strong>Lugar:<\/strong> Pista atl\u00e9tica de San Carlos de Apoquindo (UC)<br><strong>Direcci\u00f3n:<\/strong> Avda. Las Flores #13000, Las Condes<br><strong>Horario:<\/strong> 14:00 a 19:00 hrs.<br><strong>Profesor a cargo:<\/strong> Carlos Soto<\/p>\n\n\n\n<h3 class=\"wp-block-heading\"><strong>S\u00e1bado 7 de junio<\/strong><\/h3>\n\n\n\n<p><strong>Entrenamiento suspendido para todas las categor\u00edas.<\/strong><\/p>\n\n\n\n<h3 class=\"wp-block-heading\"><strong>Domingo 8 de junio<\/strong><\/h3>\n\n\n\n<p><strong>Evento:<\/strong> Corrida Escolar MILO<br><strong>Lugar:<\/strong> Parque Estadio Nacional, \u00d1u\u00f1oa<br><strong>Hora:<\/strong> 08:45 hrs.<br><strong>Profesores a cargo:<\/strong><\/p>\n\n\n\n<ul class=\"wp-block-list\">\n<li>\u00darsula Rebolledo<\/li>\n\n\n\n<li>Mario G\u00f3mez<\/li>\n\n\n\n<li>Carlos Soto<\/li>\n\n\n\n<li>Claudio Ulloa<\/li>\n<\/ul>\n\n\n\n<hr class=\"wp-block-separator has-alpha-channel-opacity\"\/>\n\n\n\n<h2 class=\"wp-block-heading has-cyan-bluish-gray-background-color has-background\"><strong>B\u00e1squetbol<\/strong><\/h2>\n\n\n\n<h3 class=\"wp-block-heading\"><strong>Torneo UC<\/strong><\/h3>\n\n\n\n<p><strong>Rival:<\/strong> Palmar\u00e9s Oriente<br><strong>Lugar:<\/strong> Gimnasio Don Orione, Av. Pedro Aguirre Cerda #7335<\/p>\n\n\n\n<ul class=\"wp-block-list\">\n<li><strong>Serie Intermedia:<\/strong>\n<ul class=\"wp-block-list\">\n<li>Partido: 10:15 hrs.<\/li>\n\n\n\n<li>Citaci\u00f3n: 09:30 hrs.<\/li>\n<\/ul>\n<\/li>\n\n\n\n<li><strong>Serie Superior:<\/strong>\n<ul class=\"wp-block-list\">\n<li>Partido: 11:30 hrs.<\/li>\n\n\n\n<li>Citaci\u00f3n: 10:30 hrs.<\/li>\n<\/ul>\n<\/li>\n<\/ul>\n\n\n\n<p><strong>Profesor a cargo:<\/strong> Nicol\u00e1s Ortiz<\/p>\n\n\n\n<h3 class=\"wp-block-heading\"><strong>Final de B\u00e1squetbol \u2013 Selecci\u00f3n Mini<\/strong><\/h3>\n\n\n\n<p><strong>Torneo:<\/strong> Libascopar<br><strong>Rival:<\/strong> Instituci\u00f3n Teresiana<br><strong>Lugar:<\/strong> Carpeta Colegio Mayor<\/p>\n\n\n\n<ul class=\"wp-block-list\">\n<li><strong>Horario del partido:<\/strong> 16:30 hrs.<\/li>\n\n\n\n<li><strong>Citaci\u00f3n:<\/strong> 15:00 hrs.<\/li>\n<\/ul>\n\n\n\n<p><strong>Profesor a cargo:<\/strong> Carlos Cerecera<\/p>\n\n\n\n<hr class=\"wp-block-separator has-alpha-channel-opacity\"\/>\n\n\n\n<h2 class=\"wp-block-heading has-cyan-bluish-gray-background-color has-background\"><strong>Gimnasia Art\u00edstica<\/strong><\/h2>\n\n\n\n<h3 class=\"wp-block-heading\"><strong>Competencia Nivel 2<\/strong><\/h3>\n\n\n\n<p><strong>Lugar:<\/strong> Carpeta, Estadio Mayor<br><strong>Hora de citaci\u00f3n:<\/strong> 10:50 hrs.<\/p>\n\n\n\n<h3 class=\"wp-block-heading\"><strong>Entrenamiento suspendido<\/strong><\/h3>\n\n\n\n<p><strong>Profesoras a cargo:<\/strong><\/p>\n\n\n\n<ul class=\"wp-block-list\">\n<li>Yabet Oblitas<\/li>\n\n\n\n<li>Millaray Albornoz<\/li>\n\n\n\n<li>Loreto Erazo<\/li>\n<\/ul>\n\n\n\n<hr class=\"wp-block-separator has-alpha-channel-opacity\"\/>\n\n\n\n<h2 class=\"wp-block-heading has-cyan-bluish-gray-background-color has-background\"><strong>Nataci\u00f3n<\/strong><\/h2>\n\n\n\n<p><strong>Entrenamiento:<\/strong><\/p>\n\n\n\n<ul class=\"wp-block-list\">\n<li><strong>Grupo competencia:<\/strong> 09:00 a 11:00 hrs.<\/li>\n\n\n\n<li><strong>Grupo 1\u00ba a 5\u00ba b\u00e1sico:<\/strong> 11:00 a 12:00 hrs.<\/li>\n<\/ul>\n\n\n\n<p><strong>Lugar:<\/strong> Piscina Estadio Mayor<\/p>\n\n\n\n<p><strong>Profesores a cargo:<\/strong><\/p>\n\n\n\n<ul class=\"wp-block-list\">\n<li>Katalina Bravo<\/li>\n\n\n\n<li>Sim\u00f3n Fern\u00e1ndez<\/li>\n\n\n\n<li>Mat\u00edas Jaque<\/li>\n<\/ul>\n\n\n\n<hr class=\"wp-block-separator has-alpha-channel-opacity\"\/>\n\n\n\n<h2 class=\"wp-block-heading has-cyan-bluish-gray-background-color has-background\"><strong>Tenis<\/strong><\/h2>\n\n\n\n<p><strong>Entrenamiento:<\/strong><br><strong>Lugar:<\/strong> Canchas de Tenis<\/p>\n\n\n\n<ul class=\"wp-block-list\">\n<li><strong>Primer grupo infantil:<\/strong> 09:00 a 10:30 hrs.<\/li>\n\n\n\n<li><strong>Segundo grupo intermedia:<\/strong> 10:30 a 12:00 hrs.<\/li>\n<\/ul>\n\n\n\n<p><strong>Profesor a cargo:<\/strong> Hern\u00e1n P\u00e9rez<\/p>\n\n\n\n<hr class=\"wp-block-separator has-alpha-channel-opacity\"\/>\n\n\n\n<h2 class=\"wp-block-heading has-cyan-bluish-gray-background-color has-background\"><strong>Cheerleader<\/strong><\/h2>\n\n\n\n<p><strong>Entrenamiento<\/strong><br><strong>Lugar:<\/strong> Foro, Colegio Mayor Pe\u00f1alol\u00e9n<\/p>\n\n\n\n<ul class=\"wp-block-list\">\n<li><strong>Categor\u00eda Junior:<\/strong> 09:00 a 10:45 hrs.<\/li>\n\n\n\n<li><strong>Categor\u00eda Senior:<\/strong> 10:45 a 12:30 hrs.<\/li>\n<\/ul>\n\n\n\n<p><strong>Profesores:<\/strong><\/p>\n\n\n\n<ul class=\"wp-block-list\">\n<li>Daniela Acu\u00f1a<\/li>\n\n\n\n<li>Ricardo Vergara<\/li>\n<\/ul>\n\n\n\n<hr class=\"wp-block-separator has-alpha-channel-opacity\"\/>\n\n\n\n<h2 class=\"wp-block-heading has-cyan-bluish-gray-background-color has-background\"><strong>Volleyball varones <\/strong><\/h2>\n\n\n\n<p><strong><u>Categor\u00eda Superior:<\/u><\/strong><br><strong>Partido vs Colegio SSCC Alameda<br>citaci\u00f3n: 08:15 horas<br>LUGAR: Colegio De la Salle La Reina\u00a0<\/strong><\/p>\n\n\n\n<p><strong>Av. Ossa 1349<\/strong><\/p>\n\n\n\n<p>Citados:<\/p>\n\n\n\n<p>1. Joaqu\u00edn Mayor&nbsp;<\/p>\n\n\n\n<p>2. Bruno Maul\u00e9n<\/p>\n\n\n\n<p>3. Diego Arellano&nbsp;<\/p>\n\n\n\n<p>4. Mateo Mu\u00f1oz<\/p>\n\n\n\n<p>5. Juan Tapia<\/p>\n\n\n\n<p>6. Lorenzo Parodi<\/p>\n\n\n\n<p>7. Ren\u00e9 Ureta<\/p>\n\n\n\n<p>8. Felipe Avenda\u00f1o<\/p>\n\n\n\n<p><strong><u>Categor\u00eda infantil (Sub 15) entrenamiento<\/u><\/strong><br><strong>Entrenamiento\u00a0<br>citaci\u00f3n: 10:30 a 12:00<br>LUGAR: Colegio Mayor Pe\u00f1alol\u00e9n, Foro<br>Valle del Aconcagua 8031.<\/strong><\/p>\n\n\n\n<p>Citados:<\/p>\n\n\n\n<p>1. Gaspar Peralta&nbsp;<\/p>\n\n\n\n<p>2. Lorenzo Varas<\/p>\n\n\n\n<p>3. Crist\u00f3bal Gallay<\/p>\n\n\n\n<p>4. Tom\u00e1s Reyes<\/p>\n\n\n\n<p>5. Samuel \u00c1guila<\/p>\n\n\n\n<p>6. Lucas Carroza<\/p>\n\n\n\n<p>7. Crist\u00f3bal Medina&nbsp;<\/p>\n\n\n\n<p>8. Benjam\u00edn Olave&nbsp;<\/p>\n\n\n\n<p>9. Mat\u00edas Jofr\u00e9<\/p>\n\n\n\n<p>10. Gonzalo Olgu\u00edn<\/p>\n\n\n\n<p>11. Luciano Candia<\/p>\n\n\n\n<p>12. Crist\u00f3bal Flores<\/p>\n\n\n\n<p>13. Maximiliano P\u00e1vez<\/p>\n\n\n\n<p><strong><u>Categor\u00eda Mini<\/u><\/strong><br><strong>Partidos amistosos<\/strong><strong><br>Citaci\u00f3n: 08:20 horas a 13:00.<br>LUGAR: Colegio Verbo Divino\u00a0<br>Presidente Erraz\u00fariz 4055, Las\u00a0Condes.\u00a0<\/strong><\/p>\n\n\n\n<p>Citados:<\/p>\n\n\n\n<p>1. Sebasti\u00e1n Mayor&nbsp;<\/p>\n\n\n\n<p>2. Franco Araya&nbsp;<\/p>\n\n\n\n<p>3. Diego Rivas&nbsp;<\/p>\n\n\n\n<p>4. Santiago Parodi<\/p>\n\n\n\n<p>5. Sebasti\u00e1n Caro<\/p>\n\n\n\n<p>6. Lorenzo Nova<\/p>\n\n\n\n<p>7. Luciano Nova&nbsp;<\/p>\n\n\n\n<p>8. Agust\u00edn Schneider<\/p>\n\n\n\n<p>9. Agust\u00edn Ziegler<\/p>\n\n\n\n<p>10. Emilio Gonz\u00e1lez<\/p>\n\n\n\n<p>11. Crist\u00f3bal Maul\u00e9n&nbsp;<\/p>\n\n\n\n<p>12. Andr\u00e9s Fuentes<\/p>\n\n\n\n<p><em><u>Los estudiantes que tienen jornada familiar de 5to b\u00e1sico, deben asistir a dicha actividad.<\/u><\/em><\/p>\n\n\n\n<p><strong><u>Profesores a cargo.<\/u><\/strong><\/p>\n\n\n\n<p>\u2022\u2060 &nbsp;\u2060Valent\u00edn Tamayo&nbsp;<br>\u2022\u2060 &nbsp;\u2060Joaquin M\u00e9ndez<\/p>\n\n\n\n<hr class=\"wp-block-separator has-alpha-channel-opacity\"\/>\n\n\n\n<h2 class=\"wp-block-heading has-cyan-bluish-gray-background-color has-background\"><strong>Volleyball Damas<\/strong><\/h2>\n\n\n\n<p><strong>Categor\u00eda Superior:<\/strong><\/p>\n\n\n\n<ul class=\"wp-block-list\">\n<li>UC Soprole<\/li>\n\n\n\n<li>Citaci\u00f3n: 9:00<\/li>\n\n\n\n<li>Rival: San Anselmo (10:00)<\/li>\n\n\n\n<li>Lugar: Instituto Hebreo<\/li>\n\n\n\n<li>Direcci\u00f3n: Av. Las Condes 13450<\/li>\n<\/ul>\n\n\n\n<p><strong>Categor\u00eda Infantil:<\/strong><\/p>\n\n\n\n<ul class=\"wp-block-list\">\n<li>Actividad familiar<\/li>\n\n\n\n<li>Citaci\u00f3n: 9:00<\/li>\n\n\n\n<li>Rival: \u2014<\/li>\n\n\n\n<li>Lugar: Colegio Mayor Pe\u00f1alol\u00e9n, FORO<\/li>\n\n\n\n<li>Direcci\u00f3n: \u2014<\/li>\n<\/ul>\n\n\n\n<p><strong>Categor\u00eda Mini:<\/strong><\/p>\n\n\n\n<ul class=\"wp-block-list\">\n<li>Actividad familiar<\/li>\n\n\n\n<li>Citaci\u00f3n: 9:00<\/li>\n\n\n\n<li>Rival: \u2014<\/li>\n\n\n\n<li>Lugar: Colegio Mayor Pe\u00f1alol\u00e9n, FORO<\/li>\n\n\n\n<li>Direcci\u00f3n: \u2014<\/li>\n<\/ul>\n\n\n\n<p><strong>Profesores a cargo:<\/strong><\/p>\n\n\n\n<ul class=\"wp-block-list\">\n<li>Pablo Beltr\u00e1n (Mini-Infantil)<\/li>\n\n\n\n<li>Fernanda Montoya (Superior)<\/li>\n<\/ul>\n\n\n\n<hr class=\"wp-block-separator has-alpha-channel-opacity\"\/>\n\n\n\n<h2 class=\"wp-block-heading has-cyan-bluish-gray-background-color has-background\"><strong>F\u00fatbol &#8211; Torneo UC, Fecha 8<\/strong><\/h2>\n\n\n\n<p><strong>S\u00e1bado 07 de junio<\/strong><br><strong>Modalidad: Visita<\/strong><\/p>\n\n\n\n<p><strong>Rival:<\/strong> Colegio San Anselmo (Chicureo)<\/p>\n\n\n\n<p><strong>Categor\u00eda Intermedia:<\/strong><\/p>\n\n\n\n<ul class=\"wp-block-list\">\n<li>Citaci\u00f3n: 9:15 hrs<\/li>\n\n\n\n<li>Partido: 10:00 hrs<\/li>\n<\/ul>\n\n\n\n<p><strong>Categor\u00edas Superior, Infantil y Mini:<\/strong><\/p>\n\n\n\n<ul class=\"wp-block-list\">\n<li>Sin actividad<\/li>\n<\/ul>\n\n\n\n<p><strong>Profesores a cargo:<\/strong><\/p>\n\n\n\n<ul class=\"wp-block-list\">\n<li>Edgard Fabi\u00e1n Vargas<\/li>\n\n\n\n<li>Pablo S\u00e1nchez<\/li>\n<\/ul>\n","protected":false},"excerpt":{"rendered":"<p>Atletismo Viernes 6 de junio Evento: Grand Prix Atletismo Escolar UCLugar: Pista atl\u00e9tica de San Carlos de Apoquindo (UC)Direcci\u00f3n: Avda. Las Flores #13000, Las CondesHorario: 14:00 a 19:00 hrs.Profesor a cargo: Carlos Soto S\u00e1bado 7 de junio Entrenamiento suspendido para todas las categor\u00edas. Domingo 8&nbsp;<a href=\"https:\/\/webpe.colegiomayor.cl\/?p=37859\">&hellip;<\/a><\/p>\n","protected":false},"author":11,"featured_media":5211,"comment_status":"closed","ping_status":"closed","sticky":false,"template":"","format":"standard","meta":{"content-type":"","footnotes":""},"categories":[44],"tags":[],"class_list":["post-37859","post","type-post","status-publish","format-standard","has-post-thumbnail","hentry","category-noticias","odd"],"rttpg_featured_image_url":{"full":["https:\/\/webpe.colegiomayor.cl\/wp-content\/uploads\/2017\/05\/IMG_4727-scaled.jpg",2560,1920,false],"landscape":["https:\/\/webpe.colegiomayor.cl\/wp-content\/uploads\/2017\/05\/IMG_4727-scaled.jpg",2560,1920,false],"portraits":["https:\/\/webpe.colegiomayor.cl\/wp-content\/uploads\/2017\/05\/IMG_4727-scaled.jpg",2560,1920,false],"thumbnail":["https:\/\/webpe.colegiomayor.cl\/wp-content\/uploads\/2017\/05\/IMG_4727-scaled-150x150.jpg",150,150,true],"medium":["https:\/\/webpe.colegiomayor.cl\/wp-content\/uploads\/2017\/05\/IMG_4727-scaled-300x225.jpg",300,225,true],"large":["https:\/\/webpe.colegiomayor.cl\/wp-content\/uploads\/2017\/05\/IMG_4727-scaled-1024x768.jpg",1024,768,true],"1536x1536":["https:\/\/webpe.colegiomayor.cl\/wp-content\/uploads\/2017\/05\/IMG_4727-scaled-1536x1152.jpg",1536,1152,true],"2048x2048":["https:\/\/webpe.colegiomayor.cl\/wp-content\/uploads\/2017\/05\/IMG_4727-scaled-2048x1536.jpg",2048,1536,true],"post-thumbnail":["https:\/\/webpe.colegiomayor.cl\/wp-content\/uploads\/2017\/05\/IMG_4727-scaled-150x113.jpg",150,113,true],"ed-school-featured-image":["https:\/\/webpe.colegiomayor.cl\/wp-content\/uploads\/2017\/05\/IMG_4727-scaled-990x500.jpg",990,500,true],"ed-school-medium":["https:\/\/webpe.colegiomayor.cl\/wp-content\/uploads\/2017\/05\/IMG_4727-scaled-768x510.jpg",768,510,true],"ed-school-medium-alt":["https:\/\/webpe.colegiomayor.cl\/wp-content\/uploads\/2017\/05\/IMG_4727-scaled-768x410.jpg",768,410,true],"ed-school-square":["https:\/\/webpe.colegiomayor.cl\/wp-content\/uploads\/2017\/05\/IMG_4727-scaled-768x768.jpg",768,768,true],"ed-school-square-small":["https:\/\/webpe.colegiomayor.cl\/wp-content\/uploads\/2017\/05\/IMG_4727-scaled-420x420.jpg",420,420,true]},"rttpg_author":{"display_name":"Francisco Arriagada","author_link":"https:\/\/webpe.colegiomayor.cl\/?author=11"},"rttpg_comment":0,"rttpg_category":"<a href=\"https:\/\/webpe.colegiomayor.cl\/?cat=44\" rel=\"category\">NOTICIAS<\/a>","rttpg_excerpt":"Atletismo Viernes 6 de junio Evento: Grand Prix Atletismo Escolar UCLugar: Pista atl\u00e9tica de San Carlos de Apoquindo (UC)Direcci\u00f3n: Avda. Las Flores #13000, Las CondesHorario: 14:00 a 19:00 hrs.Profesor a cargo: Carlos Soto S\u00e1bado 7 de junio Entrenamiento suspendido para todas las categor\u00edas. Domingo 8&nbsp;&hellip;","_links":{"self":[{"href":"https:\/\/webpe.colegiomayor.cl\/index.php?rest_route=\/wp\/v2\/posts\/37859","targetHints":{"allow":["GET"]}}],"collection":[{"href":"https:\/\/webpe.colegiomayor.cl\/index.php?rest_route=\/wp\/v2\/posts"}],"about":[{"href":"https:\/\/webpe.colegiomayor.cl\/index.php?rest_route=\/wp\/v2\/types\/post"}],"author":[{"embeddable":true,"href":"https:\/\/webpe.colegiomayor.cl\/index.php?rest_route=\/wp\/v2\/users\/11"}],"replies":[{"embeddable":true,"href":"https:\/\/webpe.colegiomayor.cl\/index.php?rest_route=%2Fwp%2Fv2%2Fcomments&post=37859"}],"version-history":[{"count":3,"href":"https:\/\/webpe.colegiomayor.cl\/index.php?rest_route=\/wp\/v2\/posts\/37859\/revisions"}],"predecessor-version":[{"id":37867,"href":"https:\/\/webpe.colegiomayor.cl\/index.php?rest_route=\/wp\/v2\/posts\/37859\/revisions\/37867"}],"wp:featuredmedia":[{"embeddable":true,"href":"https:\/\/webpe.colegiomayor.cl\/index.php?rest_route=\/wp\/v2\/media\/5211"}],"wp:attachment":[{"href":"https:\/\/webpe.colegiomayor.cl\/index.php?rest_route=%2Fwp%2Fv2%2Fmedia&parent=37859"}],"wp:term":[{"taxonomy":"category","embeddable":true,"href":"https:\/\/webpe.colegiomayor.cl\/index.php?rest_route=%2Fwp%2Fv2%2Fcategories&post=37859"},{"taxonomy":"post_tag","embeddable":true,"href":"https:\/\/webpe.colegiomayor.cl\/index.php?rest_route=%2Fwp%2Fv2%2Ftags&post=37859"}],"curies":[{"name":"wp","href":"https:\/\/api.w.org\/{rel}","templated":true}]}}