{"id":37804,"date":"2025-06-04T11:49:10","date_gmt":"2025-06-04T14:49:10","guid":{"rendered":"https:\/\/webpe.colegiomayor.cl\/?p=37804"},"modified":"2025-06-04T13:09:08","modified_gmt":"2025-06-04T16:09:08","slug":"destacada-participacion-de-la-seleccion-de-atletismo-en-el-cross-country-talagante-2025-copy-copy","status":"publish","type":"post","link":"https:\/\/webpe.colegiomayor.cl\/?p=37804","title":{"rendered":"&#8220;Cantar Mayor 2025&#8221;: Un Festival que nos hizo Cantar con el Coraz\u00f3n"},"content":{"rendered":"\n<figure class=\"wp-block-image size-large\"><img loading=\"lazy\" decoding=\"async\" width=\"1024\" height=\"281\" src=\"https:\/\/webpe.colegiomayor.cl\/wp-content\/uploads\/2025\/06\/IMG_5773-1024x281.jpg\" alt=\"\" class=\"wp-image-37857\" srcset=\"https:\/\/webpe.colegiomayor.cl\/wp-content\/uploads\/2025\/06\/IMG_5773-1024x281.jpg 1024w, https:\/\/webpe.colegiomayor.cl\/wp-content\/uploads\/2025\/06\/IMG_5773-300x82.jpg 300w, https:\/\/webpe.colegiomayor.cl\/wp-content\/uploads\/2025\/06\/IMG_5773-768x211.jpg 768w, https:\/\/webpe.colegiomayor.cl\/wp-content\/uploads\/2025\/06\/IMG_5773-1536x421.jpg 1536w, https:\/\/webpe.colegiomayor.cl\/wp-content\/uploads\/2025\/06\/IMG_5773-2048x562.jpg 2048w, https:\/\/webpe.colegiomayor.cl\/wp-content\/uploads\/2025\/06\/IMG_5773-150x41.jpg 150w\" sizes=\"auto, (max-width: 1024px) 100vw, 1024px\" \/><\/figure>\n\n\n\n<p>El pasado s\u00e1bado 31 de mayo, el Centro de Padres del Colegio Mayor de Pe\u00f1alol\u00e9n organiz\u00f3 un evento inolvidable que reuni\u00f3 a toda la comunidad educativa en torno a la m\u00fasica, el arte y la convivencia familiar. La jornada comenz\u00f3 a las 10:00 horas con la bienvenida oficial, la presentaci\u00f3n del jurado y una animada invitaci\u00f3n a recorrer los diversos stands de comida, bebidas, ropa y accesorios, todos orientados a recaudar fondos para futuras actividades.<\/p>\n\n\n\n<blockquote class=\"wp-block-quote is-layout-flow wp-block-quote-is-layout-flow\">\n<p><em>&#8220;El Cantar Mayor es un evento que se ha realizado durante muchos a\u00f1os en el colegio y como nuevo Centro de Padres decidimos retomarlo porque uno de nuestros principales objetivos es crear comunidad. Queremos que la comunidad Mayor vuelva a estar activa, viva, y que el colegio tenga espacios de encuentro familiar. Esta actividad une mucho a los cursos. Cuando un grupo no est\u00e1 muy cohesionado, esto permite que las familias se conozcan, compartan, y se genere un ambiente muy rico. Se juntan en la semana, los fines de semana, ensayan, hacen asados, comen pizza\u2026 De verdad, se crea una conexi\u00f3n muy especial entre padres, ni\u00f1os y toda la comunidad.&#8221;<br>\u2014 Roc\u00edo Fidler, delegada de solidaridad del Centro de Padres del Colegio Mayor de Pe\u00f1alol\u00e9n<\/em><\/p>\n<\/blockquote>\n\n\n\n<p>Durante el d\u00eda, se presentaron nueve cursos organizados en tres bloques, cada uno mostrando un show musical preparado con entusiasmo. Tambi\u00e9n hubo concursos, trivias, karaoke, bailes improvisados y un show alternativo a cargo del animador, todo pensado para entretener a grandes y chicos.<\/p>\n\n\n\n<blockquote class=\"wp-block-quote is-layout-flow wp-block-quote-is-layout-flow\">\n<p><em>&#8220;Esta es una actividad que convoca a toda la comunidad, une a los cursos y permite adem\u00e1s que los estudiantes puedan demostrar otras habilidades, especialmente del \u00e1mbito art\u00edstico. En general, todas las personas que forman parte del colegio se sienten muy contentas y part\u00edcipes. Es una instancia muy linda y significativa para todos.&#8221;<br>\u2014 Macarena Salas, rectora del Colegio Mayor de Pe\u00f1alol\u00e9n<\/em><\/p>\n<\/blockquote>\n\n\n\n<blockquote class=\"wp-block-quote is-layout-flow wp-block-quote-is-layout-flow\">\n<p><em>&#8220;Me motiva apoyar a mi hijo y al proyecto educacional del Colegio Mayor. Esta es una experiencia muy entretenida, l\u00fadica, donde los ni\u00f1os se divierten y uno tambi\u00e9n disfruta compartiendo en familia. Venimos casi todos los a\u00f1os con mi se\u00f1ora y los abuelitos tambi\u00e9n se suman cuando pueden. Estas actividades extracurriculares se agradecen mucho porque fortalecen la comunidad.&#8221;<br>\u2014 Richard Poblete, apoderado de 4\u00b0 b\u00e1sico A del Colegio Mayor de Pe\u00f1alol\u00e9n<\/em><\/p>\n<\/blockquote>\n\n\n\n<p>La jornada cerr\u00f3 con la ceremonia de premiaci\u00f3n, donde se reconoci\u00f3 a los cursos m\u00e1s destacados y se entreg\u00f3 el premio Esp\u00edritu Cantar Mayor.<\/p>\n\n\n\n<p class=\"has-text-align-center\">Cantar Mayor 2025 fue mucho m\u00e1s que un festival: fue una fiesta llena de emociones que reafirma que en el Colegio Mayor de Pe\u00f1alol\u00e9n la educaci\u00f3n se vive con sentido, comunidad y alegr\u00eda.<\/p>\n\n\n\n<p class=\"has-text-align-center\"><\/p>\n\n\n\n<figure class=\"wp-block-gallery has-nested-images columns-default is-cropped wp-block-gallery-1 is-layout-flex wp-block-gallery-is-layout-flex\">\n<figure class=\"wp-block-image size-large\"><img loading=\"lazy\" decoding=\"async\" width=\"1024\" height=\"768\" data-id=\"37852\" src=\"https:\/\/webpe.colegiomayor.cl\/wp-content\/uploads\/2025\/06\/IMG_5768-1024x768.jpg\" alt=\"\" class=\"wp-image-37852\" srcset=\"https:\/\/webpe.colegiomayor.cl\/wp-content\/uploads\/2025\/06\/IMG_5768-1024x768.jpg 1024w, https:\/\/webpe.colegiomayor.cl\/wp-content\/uploads\/2025\/06\/IMG_5768-300x225.jpg 300w, https:\/\/webpe.colegiomayor.cl\/wp-content\/uploads\/2025\/06\/IMG_5768-768x576.jpg 768w, https:\/\/webpe.colegiomayor.cl\/wp-content\/uploads\/2025\/06\/IMG_5768-1536x1152.jpg 1536w, https:\/\/webpe.colegiomayor.cl\/wp-content\/uploads\/2025\/06\/IMG_5768-2048x1536.jpg 2048w, https:\/\/webpe.colegiomayor.cl\/wp-content\/uploads\/2025\/06\/IMG_5768-150x113.jpg 150w\" sizes=\"auto, (max-width: 1024px) 100vw, 1024px\" \/><\/figure>\n\n\n\n<figure class=\"wp-block-image size-large\"><img loading=\"lazy\" decoding=\"async\" width=\"1024\" height=\"768\" data-id=\"37853\" src=\"https:\/\/webpe.colegiomayor.cl\/wp-content\/uploads\/2025\/06\/IMG_5769-1024x768.jpg\" alt=\"\" class=\"wp-image-37853\" srcset=\"https:\/\/webpe.colegiomayor.cl\/wp-content\/uploads\/2025\/06\/IMG_5769-1024x768.jpg 1024w, https:\/\/webpe.colegiomayor.cl\/wp-content\/uploads\/2025\/06\/IMG_5769-300x225.jpg 300w, https:\/\/webpe.colegiomayor.cl\/wp-content\/uploads\/2025\/06\/IMG_5769-768x576.jpg 768w, https:\/\/webpe.colegiomayor.cl\/wp-content\/uploads\/2025\/06\/IMG_5769-1536x1152.jpg 1536w, https:\/\/webpe.colegiomayor.cl\/wp-content\/uploads\/2025\/06\/IMG_5769-2048x1536.jpg 2048w, https:\/\/webpe.colegiomayor.cl\/wp-content\/uploads\/2025\/06\/IMG_5769-150x113.jpg 150w\" sizes=\"auto, (max-width: 1024px) 100vw, 1024px\" \/><\/figure>\n\n\n\n<figure class=\"wp-block-image size-large\"><img loading=\"lazy\" decoding=\"async\" width=\"768\" height=\"1024\" data-id=\"37854\" src=\"https:\/\/webpe.colegiomayor.cl\/wp-content\/uploads\/2025\/06\/IMG_5770-768x1024.jpg\" alt=\"\" class=\"wp-image-37854\" srcset=\"https:\/\/webpe.colegiomayor.cl\/wp-content\/uploads\/2025\/06\/IMG_5770-768x1024.jpg 768w, https:\/\/webpe.colegiomayor.cl\/wp-content\/uploads\/2025\/06\/IMG_5770-225x300.jpg 225w, https:\/\/webpe.colegiomayor.cl\/wp-content\/uploads\/2025\/06\/IMG_5770-1152x1536.jpg 1152w, https:\/\/webpe.colegiomayor.cl\/wp-content\/uploads\/2025\/06\/IMG_5770-1536x2048.jpg 1536w, https:\/\/webpe.colegiomayor.cl\/wp-content\/uploads\/2025\/06\/IMG_5770-113x150.jpg 113w, https:\/\/webpe.colegiomayor.cl\/wp-content\/uploads\/2025\/06\/IMG_5770-scaled.jpg 1920w\" sizes=\"auto, (max-width: 768px) 100vw, 768px\" \/><\/figure>\n\n\n\n<figure class=\"wp-block-image size-large\"><img loading=\"lazy\" decoding=\"async\" width=\"768\" height=\"1024\" data-id=\"37850\" src=\"https:\/\/webpe.colegiomayor.cl\/wp-content\/uploads\/2025\/06\/IMG_5774-768x1024.jpg\" alt=\"\" class=\"wp-image-37850\" srcset=\"https:\/\/webpe.colegiomayor.cl\/wp-content\/uploads\/2025\/06\/IMG_5774-768x1024.jpg 768w, https:\/\/webpe.colegiomayor.cl\/wp-content\/uploads\/2025\/06\/IMG_5774-225x300.jpg 225w, https:\/\/webpe.colegiomayor.cl\/wp-content\/uploads\/2025\/06\/IMG_5774-1152x1536.jpg 1152w, https:\/\/webpe.colegiomayor.cl\/wp-content\/uploads\/2025\/06\/IMG_5774-1536x2048.jpg 1536w, https:\/\/webpe.colegiomayor.cl\/wp-content\/uploads\/2025\/06\/IMG_5774-113x150.jpg 113w, https:\/\/webpe.colegiomayor.cl\/wp-content\/uploads\/2025\/06\/IMG_5774-scaled.jpg 1920w\" sizes=\"auto, (max-width: 768px) 100vw, 768px\" \/><\/figure>\n\n\n\n<figure class=\"wp-block-image size-large\"><img loading=\"lazy\" decoding=\"async\" width=\"768\" height=\"1024\" data-id=\"37851\" src=\"https:\/\/webpe.colegiomayor.cl\/wp-content\/uploads\/2025\/06\/IMG_5775-768x1024.jpg\" alt=\"\" class=\"wp-image-37851\" srcset=\"https:\/\/webpe.colegiomayor.cl\/wp-content\/uploads\/2025\/06\/IMG_5775-768x1024.jpg 768w, https:\/\/webpe.colegiomayor.cl\/wp-content\/uploads\/2025\/06\/IMG_5775-225x300.jpg 225w, https:\/\/webpe.colegiomayor.cl\/wp-content\/uploads\/2025\/06\/IMG_5775-1152x1536.jpg 1152w, https:\/\/webpe.colegiomayor.cl\/wp-content\/uploads\/2025\/06\/IMG_5775-1536x2048.jpg 1536w, https:\/\/webpe.colegiomayor.cl\/wp-content\/uploads\/2025\/06\/IMG_5775-113x150.jpg 113w, https:\/\/webpe.colegiomayor.cl\/wp-content\/uploads\/2025\/06\/IMG_5775-scaled.jpg 1920w\" sizes=\"auto, (max-width: 768px) 100vw, 768px\" \/><\/figure>\n\n\n\n<figure class=\"wp-block-image size-large\"><img loading=\"lazy\" decoding=\"async\" width=\"1024\" height=\"768\" data-id=\"37856\" src=\"https:\/\/webpe.colegiomayor.cl\/wp-content\/uploads\/2025\/06\/IMG_5777-1024x768.jpg\" alt=\"\" class=\"wp-image-37856\" srcset=\"https:\/\/webpe.colegiomayor.cl\/wp-content\/uploads\/2025\/06\/IMG_5777-1024x768.jpg 1024w, https:\/\/webpe.colegiomayor.cl\/wp-content\/uploads\/2025\/06\/IMG_5777-300x225.jpg 300w, https:\/\/webpe.colegiomayor.cl\/wp-content\/uploads\/2025\/06\/IMG_5777-768x576.jpg 768w, https:\/\/webpe.colegiomayor.cl\/wp-content\/uploads\/2025\/06\/IMG_5777-1536x1152.jpg 1536w, https:\/\/webpe.colegiomayor.cl\/wp-content\/uploads\/2025\/06\/IMG_5777-2048x1536.jpg 2048w, https:\/\/webpe.colegiomayor.cl\/wp-content\/uploads\/2025\/06\/IMG_5777-150x113.jpg 150w\" sizes=\"auto, (max-width: 1024px) 100vw, 1024px\" \/><\/figure>\n<\/figure>\n\n\n\n<p><\/p>\n","protected":false},"excerpt":{"rendered":"<p>El pasado s\u00e1bado 31 de mayo, el Centro de Padres del Colegio Mayor de Pe\u00f1alol\u00e9n organiz\u00f3 un evento inolvidable que reuni\u00f3 a toda la comunidad educativa en torno a la m\u00fasica, el arte y la convivencia familiar. La jornada comenz\u00f3 a las 10:00 horas con&nbsp;<a href=\"https:\/\/webpe.colegiomayor.cl\/?p=37804\">&hellip;<\/a><\/p>\n","protected":false},"author":11,"featured_media":37855,"comment_status":"closed","ping_status":"closed","sticky":false,"template":"","format":"standard","meta":{"content-type":"","footnotes":""},"categories":[44],"tags":[],"class_list":["post-37804","post","type-post","status-publish","format-standard","has-post-thumbnail","hentry","category-noticias","odd"],"rttpg_featured_image_url":{"full":["https:\/\/webpe.colegiomayor.cl\/wp-content\/uploads\/2025\/06\/IMG_5778-scaled.jpg",2560,1920,false],"landscape":["https:\/\/webpe.colegiomayor.cl\/wp-content\/uploads\/2025\/06\/IMG_5778-scaled.jpg",2560,1920,false],"portraits":["https:\/\/webpe.colegiomayor.cl\/wp-content\/uploads\/2025\/06\/IMG_5778-scaled.jpg",2560,1920,false],"thumbnail":["https:\/\/webpe.colegiomayor.cl\/wp-content\/uploads\/2025\/06\/IMG_5778-150x150.jpg",150,150,true],"medium":["https:\/\/webpe.colegiomayor.cl\/wp-content\/uploads\/2025\/06\/IMG_5778-300x225.jpg",300,225,true],"large":["https:\/\/webpe.colegiomayor.cl\/wp-content\/uploads\/2025\/06\/IMG_5778-1024x768.jpg",1024,768,true],"1536x1536":["https:\/\/webpe.colegiomayor.cl\/wp-content\/uploads\/2025\/06\/IMG_5778-1536x1152.jpg",1536,1152,true],"2048x2048":["https:\/\/webpe.colegiomayor.cl\/wp-content\/uploads\/2025\/06\/IMG_5778-2048x1536.jpg",2048,1536,true],"post-thumbnail":["https:\/\/webpe.colegiomayor.cl\/wp-content\/uploads\/2025\/06\/IMG_5778-150x113.jpg",150,113,true],"ed-school-featured-image":["https:\/\/webpe.colegiomayor.cl\/wp-content\/uploads\/2025\/06\/IMG_5778-990x500.jpg",990,500,true],"ed-school-medium":["https:\/\/webpe.colegiomayor.cl\/wp-content\/uploads\/2025\/06\/IMG_5778-768x510.jpg",768,510,true],"ed-school-medium-alt":["https:\/\/webpe.colegiomayor.cl\/wp-content\/uploads\/2025\/06\/IMG_5778-768x410.jpg",768,410,true],"ed-school-square":["https:\/\/webpe.colegiomayor.cl\/wp-content\/uploads\/2025\/06\/IMG_5778-768x768.jpg",768,768,true],"ed-school-square-small":["https:\/\/webpe.colegiomayor.cl\/wp-content\/uploads\/2025\/06\/IMG_5778-420x420.jpg",420,420,true]},"rttpg_author":{"display_name":"Francisco Arriagada","author_link":"https:\/\/webpe.colegiomayor.cl\/?author=11"},"rttpg_comment":0,"rttpg_category":"<a href=\"https:\/\/webpe.colegiomayor.cl\/?cat=44\" rel=\"category\">NOTICIAS<\/a>","rttpg_excerpt":"El pasado s\u00e1bado 31 de mayo, el Centro de Padres del Colegio Mayor de Pe\u00f1alol\u00e9n organiz\u00f3 un evento inolvidable que reuni\u00f3 a toda la comunidad educativa en torno a la m\u00fasica, el arte y la convivencia familiar. La jornada comenz\u00f3 a las 10:00 horas con&nbsp;&hellip;","_links":{"self":[{"href":"https:\/\/webpe.colegiomayor.cl\/index.php?rest_route=\/wp\/v2\/posts\/37804","targetHints":{"allow":["GET"]}}],"collection":[{"href":"https:\/\/webpe.colegiomayor.cl\/index.php?rest_route=\/wp\/v2\/posts"}],"about":[{"href":"https:\/\/webpe.colegiomayor.cl\/index.php?rest_route=\/wp\/v2\/types\/post"}],"author":[{"embeddable":true,"href":"https:\/\/webpe.colegiomayor.cl\/index.php?rest_route=\/wp\/v2\/users\/11"}],"replies":[{"embeddable":true,"href":"https:\/\/webpe.colegiomayor.cl\/index.php?rest_route=%2Fwp%2Fv2%2Fcomments&post=37804"}],"version-history":[{"count":1,"href":"https:\/\/webpe.colegiomayor.cl\/index.php?rest_route=\/wp\/v2\/posts\/37804\/revisions"}],"predecessor-version":[{"id":37858,"href":"https:\/\/webpe.colegiomayor.cl\/index.php?rest_route=\/wp\/v2\/posts\/37804\/revisions\/37858"}],"wp:featuredmedia":[{"embeddable":true,"href":"https:\/\/webpe.colegiomayor.cl\/index.php?rest_route=\/wp\/v2\/media\/37855"}],"wp:attachment":[{"href":"https:\/\/webpe.colegiomayor.cl\/index.php?rest_route=%2Fwp%2Fv2%2Fmedia&parent=37804"}],"wp:term":[{"taxonomy":"category","embeddable":true,"href":"https:\/\/webpe.colegiomayor.cl\/index.php?rest_route=%2Fwp%2Fv2%2Fcategories&post=37804"},{"taxonomy":"post_tag","embeddable":true,"href":"https:\/\/webpe.colegiomayor.cl\/index.php?rest_route=%2Fwp%2Fv2%2Ftags&post=37804"}],"curies":[{"name":"wp","href":"https:\/\/api.w.org\/{rel}","templated":true}]}}