{"id":37797,"date":"2025-06-03T20:20:51","date_gmt":"2025-06-03T23:20:51","guid":{"rendered":"https:\/\/webpe.colegiomayor.cl\/?p=37797"},"modified":"2025-06-05T18:15:48","modified_gmt":"2025-06-05T21:15:48","slug":"destacada-participacion-de-la-seleccion-de-atletismo-en-el-cross-country-talagante-2025-copy","status":"publish","type":"post","link":"https:\/\/webpe.colegiomayor.cl\/?p=37797","title":{"rendered":"Destacada participaci\u00f3n de la selecci\u00f3n de atletismo en el Cross Country Talagante 2025"},"content":{"rendered":"\n<p>El domingo 1 de junio, el \u00e1rea de medio fondo de la selecci\u00f3n de atletismo tuvo una sobresaliente participaci\u00f3n en el tradicional Cross Country realizado en la comuna de Talagante, evento que reuni\u00f3 a instituciones deportivas de toda la regi\u00f3n.<\/p>\n\n\n\n<p>En la competencia, varios estudiantes lograron destacadas posiciones en sus respectivas categor\u00edas:<\/p>\n\n\n\n<ul class=\"wp-block-list\">\n<li><strong>Amaro Castillo<\/strong> obtuvo el <strong>2\u00b0 lugar<\/strong> en la categor\u00eda Intermedia.<\/li>\n\n\n\n<li><strong>Diego Fr\u00edas<\/strong>, <strong>3\u00b0 lugar<\/strong> en la categor\u00eda Peneca.<\/li>\n\n\n\n<li><strong>Aline De Almeida<\/strong>, <strong>5\u00b0 lugar<\/strong> en Peneca.<\/li>\n\n\n\n<li><strong>Paula Castillo<\/strong>, <strong>6\u00b0 lugar<\/strong> en la categor\u00eda Infantil.<\/li>\n\n\n\n<li><strong>Alonso M\u00e9ndez<\/strong>, <strong>10\u00b0 lugar<\/strong> tambi\u00e9n en Infantil.<\/li>\n<\/ul>\n\n\n\n<p>Desde la organizaci\u00f3n se felicita a todos los atletas que participaron con compromiso y esp\u00edritu deportivo, as\u00ed como tambi\u00e9n se agradece el constante apoyo de apoderados y acompa\u00f1antes, quienes fueron parte fundamental en esta jornada.<\/p>\n\n\n\n<p class=\"has-text-align-center\">El pr\u00f3ximo desaf\u00edo ser\u00e1 el <strong>3 de agosto<\/strong>, fecha en la que el equipo buscar\u00e1 seguir creciendo y consolidando su alto nivel competitivo.<br><em>&#8220;A seguir en la senda del alto vuelo, buscando proyectar a este maravilloso equipo.&#8221;<\/em><\/p>\n\n\n<div class=\"wp-block-image\">\n<figure class=\"aligncenter size-large\"><img loading=\"lazy\" decoding=\"async\" width=\"1024\" height=\"768\" src=\"https:\/\/webpe.colegiomayor.cl\/wp-content\/uploads\/2025\/06\/WhatsApp-Image-2025-06-01-at-1.08.10-PM-1024x768.jpeg\" alt=\"\" class=\"wp-image-37791\" srcset=\"https:\/\/webpe.colegiomayor.cl\/wp-content\/uploads\/2025\/06\/WhatsApp-Image-2025-06-01-at-1.08.10-PM-1024x768.jpeg 1024w, https:\/\/webpe.colegiomayor.cl\/wp-content\/uploads\/2025\/06\/WhatsApp-Image-2025-06-01-at-1.08.10-PM-300x225.jpeg 300w, https:\/\/webpe.colegiomayor.cl\/wp-content\/uploads\/2025\/06\/WhatsApp-Image-2025-06-01-at-1.08.10-PM-768x576.jpeg 768w, https:\/\/webpe.colegiomayor.cl\/wp-content\/uploads\/2025\/06\/WhatsApp-Image-2025-06-01-at-1.08.10-PM-1536x1152.jpeg 1536w, https:\/\/webpe.colegiomayor.cl\/wp-content\/uploads\/2025\/06\/WhatsApp-Image-2025-06-01-at-1.08.10-PM-150x113.jpeg 150w, https:\/\/webpe.colegiomayor.cl\/wp-content\/uploads\/2025\/06\/WhatsApp-Image-2025-06-01-at-1.08.10-PM.jpeg 1600w\" sizes=\"auto, (max-width: 1024px) 100vw, 1024px\" \/><\/figure>\n<\/div>\n\n\n<p class=\"has-text-align-center\"><\/p>\n\n\n\n<figure class=\"wp-block-gallery has-nested-images columns-default is-cropped wp-block-gallery-1 is-layout-flex wp-block-gallery-is-layout-flex\">\n<figure class=\"wp-block-image size-large\"><img loading=\"lazy\" decoding=\"async\" width=\"768\" height=\"1024\" data-id=\"37795\" src=\"https:\/\/webpe.colegiomayor.cl\/wp-content\/uploads\/2025\/06\/WhatsApp-Image-2025-06-01-at-1.27.21-PM-768x1024.jpeg\" alt=\"\" class=\"wp-image-37795\" srcset=\"https:\/\/webpe.colegiomayor.cl\/wp-content\/uploads\/2025\/06\/WhatsApp-Image-2025-06-01-at-1.27.21-PM-768x1024.jpeg 768w, https:\/\/webpe.colegiomayor.cl\/wp-content\/uploads\/2025\/06\/WhatsApp-Image-2025-06-01-at-1.27.21-PM-225x300.jpeg 225w, https:\/\/webpe.colegiomayor.cl\/wp-content\/uploads\/2025\/06\/WhatsApp-Image-2025-06-01-at-1.27.21-PM-1152x1536.jpeg 1152w, https:\/\/webpe.colegiomayor.cl\/wp-content\/uploads\/2025\/06\/WhatsApp-Image-2025-06-01-at-1.27.21-PM-113x150.jpeg 113w, https:\/\/webpe.colegiomayor.cl\/wp-content\/uploads\/2025\/06\/WhatsApp-Image-2025-06-01-at-1.27.21-PM.jpeg 1200w\" sizes=\"auto, (max-width: 768px) 100vw, 768px\" \/><\/figure>\n\n\n\n<figure class=\"wp-block-image size-large\"><img loading=\"lazy\" decoding=\"async\" width=\"768\" height=\"1024\" data-id=\"37793\" src=\"https:\/\/webpe.colegiomayor.cl\/wp-content\/uploads\/2025\/06\/WhatsApp-Image-2025-06-01-at-11.48.27-AM-768x1024.jpeg\" alt=\"\" class=\"wp-image-37793\" srcset=\"https:\/\/webpe.colegiomayor.cl\/wp-content\/uploads\/2025\/06\/WhatsApp-Image-2025-06-01-at-11.48.27-AM-768x1024.jpeg 768w, https:\/\/webpe.colegiomayor.cl\/wp-content\/uploads\/2025\/06\/WhatsApp-Image-2025-06-01-at-11.48.27-AM-225x300.jpeg 225w, https:\/\/webpe.colegiomayor.cl\/wp-content\/uploads\/2025\/06\/WhatsApp-Image-2025-06-01-at-11.48.27-AM-1152x1536.jpeg 1152w, https:\/\/webpe.colegiomayor.cl\/wp-content\/uploads\/2025\/06\/WhatsApp-Image-2025-06-01-at-11.48.27-AM-113x150.jpeg 113w, https:\/\/webpe.colegiomayor.cl\/wp-content\/uploads\/2025\/06\/WhatsApp-Image-2025-06-01-at-11.48.27-AM.jpeg 1200w\" sizes=\"auto, (max-width: 768px) 100vw, 768px\" \/><\/figure>\n\n\n\n<figure class=\"wp-block-image size-large\"><img loading=\"lazy\" decoding=\"async\" width=\"1024\" height=\"768\" data-id=\"37794\" src=\"https:\/\/webpe.colegiomayor.cl\/wp-content\/uploads\/2025\/06\/WhatsApp-Image-2025-06-01-at-11.48.42-AM-1024x768.jpeg\" alt=\"\" class=\"wp-image-37794\" srcset=\"https:\/\/webpe.colegiomayor.cl\/wp-content\/uploads\/2025\/06\/WhatsApp-Image-2025-06-01-at-11.48.42-AM-1024x768.jpeg 1024w, https:\/\/webpe.colegiomayor.cl\/wp-content\/uploads\/2025\/06\/WhatsApp-Image-2025-06-01-at-11.48.42-AM-300x225.jpeg 300w, https:\/\/webpe.colegiomayor.cl\/wp-content\/uploads\/2025\/06\/WhatsApp-Image-2025-06-01-at-11.48.42-AM-768x576.jpeg 768w, https:\/\/webpe.colegiomayor.cl\/wp-content\/uploads\/2025\/06\/WhatsApp-Image-2025-06-01-at-11.48.42-AM-1536x1152.jpeg 1536w, https:\/\/webpe.colegiomayor.cl\/wp-content\/uploads\/2025\/06\/WhatsApp-Image-2025-06-01-at-11.48.42-AM-150x113.jpeg 150w, https:\/\/webpe.colegiomayor.cl\/wp-content\/uploads\/2025\/06\/WhatsApp-Image-2025-06-01-at-11.48.42-AM.jpeg 1600w\" sizes=\"auto, (max-width: 1024px) 100vw, 1024px\" \/><\/figure>\n<\/figure>\n\n\n\n<p><\/p>\n","protected":false},"excerpt":{"rendered":"<p>El domingo 1 de junio, el \u00e1rea de medio fondo de la selecci\u00f3n de atletismo tuvo una sobresaliente participaci\u00f3n en el tradicional Cross Country realizado en la comuna de Talagante, evento que reuni\u00f3 a instituciones deportivas de toda la regi\u00f3n. En la competencia, varios estudiantes&nbsp;<a href=\"https:\/\/webpe.colegiomayor.cl\/?p=37797\">&hellip;<\/a><\/p>\n","protected":false},"author":11,"featured_media":37791,"comment_status":"closed","ping_status":"closed","sticky":false,"template":"","format":"standard","meta":{"content-type":"","footnotes":""},"categories":[44],"tags":[],"class_list":["post-37797","post","type-post","status-publish","format-standard","has-post-thumbnail","hentry","category-noticias","odd"],"rttpg_featured_image_url":{"full":["https:\/\/webpe.colegiomayor.cl\/wp-content\/uploads\/2025\/06\/WhatsApp-Image-2025-06-01-at-1.08.10-PM.jpeg",1600,1200,false],"landscape":["https:\/\/webpe.colegiomayor.cl\/wp-content\/uploads\/2025\/06\/WhatsApp-Image-2025-06-01-at-1.08.10-PM.jpeg",1600,1200,false],"portraits":["https:\/\/webpe.colegiomayor.cl\/wp-content\/uploads\/2025\/06\/WhatsApp-Image-2025-06-01-at-1.08.10-PM.jpeg",1600,1200,false],"thumbnail":["https:\/\/webpe.colegiomayor.cl\/wp-content\/uploads\/2025\/06\/WhatsApp-Image-2025-06-01-at-1.08.10-PM-150x150.jpeg",150,150,true],"medium":["https:\/\/webpe.colegiomayor.cl\/wp-content\/uploads\/2025\/06\/WhatsApp-Image-2025-06-01-at-1.08.10-PM-300x225.jpeg",300,225,true],"large":["https:\/\/webpe.colegiomayor.cl\/wp-content\/uploads\/2025\/06\/WhatsApp-Image-2025-06-01-at-1.08.10-PM-1024x768.jpeg",1024,768,true],"1536x1536":["https:\/\/webpe.colegiomayor.cl\/wp-content\/uploads\/2025\/06\/WhatsApp-Image-2025-06-01-at-1.08.10-PM-1536x1152.jpeg",1536,1152,true],"2048x2048":["https:\/\/webpe.colegiomayor.cl\/wp-content\/uploads\/2025\/06\/WhatsApp-Image-2025-06-01-at-1.08.10-PM-1600x1200.jpeg",1600,1200,true],"post-thumbnail":["https:\/\/webpe.colegiomayor.cl\/wp-content\/uploads\/2025\/06\/WhatsApp-Image-2025-06-01-at-1.08.10-PM-150x113.jpeg",150,113,true],"ed-school-featured-image":["https:\/\/webpe.colegiomayor.cl\/wp-content\/uploads\/2025\/06\/WhatsApp-Image-2025-06-01-at-1.08.10-PM-990x500.jpeg",990,500,true],"ed-school-medium":["https:\/\/webpe.colegiomayor.cl\/wp-content\/uploads\/2025\/06\/WhatsApp-Image-2025-06-01-at-1.08.10-PM-768x510.jpeg",768,510,true],"ed-school-medium-alt":["https:\/\/webpe.colegiomayor.cl\/wp-content\/uploads\/2025\/06\/WhatsApp-Image-2025-06-01-at-1.08.10-PM-768x410.jpeg",768,410,true],"ed-school-square":["https:\/\/webpe.colegiomayor.cl\/wp-content\/uploads\/2025\/06\/WhatsApp-Image-2025-06-01-at-1.08.10-PM-768x768.jpeg",768,768,true],"ed-school-square-small":["https:\/\/webpe.colegiomayor.cl\/wp-content\/uploads\/2025\/06\/WhatsApp-Image-2025-06-01-at-1.08.10-PM-420x420.jpeg",420,420,true]},"rttpg_author":{"display_name":"Francisco Arriagada","author_link":"https:\/\/webpe.colegiomayor.cl\/?author=11"},"rttpg_comment":0,"rttpg_category":"<a href=\"https:\/\/webpe.colegiomayor.cl\/?cat=44\" rel=\"category\">NOTICIAS<\/a>","rttpg_excerpt":"El domingo 1 de junio, el \u00e1rea de medio fondo de la selecci\u00f3n de atletismo tuvo una sobresaliente participaci\u00f3n en el tradicional Cross Country realizado en la comuna de Talagante, evento que reuni\u00f3 a instituciones deportivas de toda la regi\u00f3n. En la competencia, varios estudiantes&nbsp;&hellip;","_links":{"self":[{"href":"https:\/\/webpe.colegiomayor.cl\/index.php?rest_route=\/wp\/v2\/posts\/37797","targetHints":{"allow":["GET"]}}],"collection":[{"href":"https:\/\/webpe.colegiomayor.cl\/index.php?rest_route=\/wp\/v2\/posts"}],"about":[{"href":"https:\/\/webpe.colegiomayor.cl\/index.php?rest_route=\/wp\/v2\/types\/post"}],"author":[{"embeddable":true,"href":"https:\/\/webpe.colegiomayor.cl\/index.php?rest_route=\/wp\/v2\/users\/11"}],"replies":[{"embeddable":true,"href":"https:\/\/webpe.colegiomayor.cl\/index.php?rest_route=%2Fwp%2Fv2%2Fcomments&post=37797"}],"version-history":[{"count":2,"href":"https:\/\/webpe.colegiomayor.cl\/index.php?rest_route=\/wp\/v2\/posts\/37797\/revisions"}],"predecessor-version":[{"id":37862,"href":"https:\/\/webpe.colegiomayor.cl\/index.php?rest_route=\/wp\/v2\/posts\/37797\/revisions\/37862"}],"wp:featuredmedia":[{"embeddable":true,"href":"https:\/\/webpe.colegiomayor.cl\/index.php?rest_route=\/wp\/v2\/media\/37791"}],"wp:attachment":[{"href":"https:\/\/webpe.colegiomayor.cl\/index.php?rest_route=%2Fwp%2Fv2%2Fmedia&parent=37797"}],"wp:term":[{"taxonomy":"category","embeddable":true,"href":"https:\/\/webpe.colegiomayor.cl\/index.php?rest_route=%2Fwp%2Fv2%2Fcategories&post=37797"},{"taxonomy":"post_tag","embeddable":true,"href":"https:\/\/webpe.colegiomayor.cl\/index.php?rest_route=%2Fwp%2Fv2%2Ftags&post=37797"}],"curies":[{"name":"wp","href":"https:\/\/api.w.org\/{rel}","templated":true}]}}