{"id":37782,"date":"2025-05-30T13:23:21","date_gmt":"2025-05-30T16:23:21","guid":{"rendered":"https:\/\/webpe.colegiomayor.cl\/?p=37782"},"modified":"2025-05-30T13:23:23","modified_gmt":"2025-05-30T16:23:23","slug":"selecciones-deportivas-sabado-31-de-mayo","status":"publish","type":"post","link":"https:\/\/webpe.colegiomayor.cl\/?p=37782","title":{"rendered":"Selecciones Deportivas -S\u00e1bado 31 de Mayo"},"content":{"rendered":"\n<p class=\"has-cyan-bluish-gray-background-color has-background\"><strong><em>Atletismo<\/em><\/strong><\/p>\n\n\n\n<p>Entrenamiento<\/p>\n\n\n\n<p>09:00 a 10:30 hrs. categor\u00eda preparatoria e infantil.<\/p>\n\n\n\n<p>10:30 a 12:00 hrs. categor\u00eda intermedia y superior.<\/p>\n\n\n\n<p><strong>Profesores a cargo:<\/strong><\/p>\n\n\n\n<p><strong>\u00darsula Rebolledo<\/strong><\/p>\n\n\n\n<p><strong>Carlos Soto<\/strong><\/p>\n\n\n\n<p><strong>Mario G\u00f3mez<\/strong><\/p>\n\n\n\n<p><strong>Claudio Ulloa.<\/strong><\/p>\n\n\n\n<p>Domingo 1 de junio,<\/p>\n\n\n\n<p>Cross Country<\/p>\n\n\n\n<p>Parque Tegualda de Talagante<\/p>\n\n\n\n<p>Lugar: Avda. Bernardo O\u00b4Higgins # 3201.<\/p>\n\n\n\n<p>Citaci\u00f3n: 09.00 hrs.<\/p>\n\n\n\n<p><strong>Profesor a cargo:<\/strong><\/p>\n\n\n\n<p><strong>Claudio Ulloa<\/strong><\/p>\n\n\n\n<p class=\"has-cyan-bluish-gray-background-color has-background\"><strong><em>B\u00e1squetbol<\/em><\/strong><\/p>\n\n\n\n<p>Torneo Liforbasket<\/p>\n\n\n\n<p>Mini primer a\u00f1o<\/p>\n\n\n\n<p>Rival: Estadio Espa\u00f1ol<\/p>\n\n\n\n<p>Horario partido 09:00 hrs.<\/p>\n\n\n\n<p>Horario citaci\u00f3n 08:40 hrs.<\/p>\n\n\n\n<p>Lugar: Colegio San Ignacio del bosque, Pocuro #2801, Providencia.<\/p>\n\n\n\n<p><strong>Profesor a cargo:<\/strong><\/p>\n\n\n\n<p><strong>Carlos Cerecera<\/strong><\/p>\n\n\n\n<p><strong><em>Mini e infantil<\/em><\/strong><\/p>\n\n\n\n<p><strong><em>Sin Actividades<\/em><\/strong><\/p>\n\n\n\n<p>Torneo UC<\/p>\n\n\n\n<p>Rival: Colegio San Agust\u00edn<\/p>\n\n\n\n<p>Serie Superior<\/p>\n\n\n\n<p>Citaci\u00f3n 08:40 hrs.<\/p>\n\n\n\n<p>Superior 09:00 hrs.<\/p>\n\n\n\n<p>Serie Intermedia<\/p>\n\n\n\n<p>Citaci\u00f3n 09:30 hrs.<\/p>\n\n\n\n<p>Intermedia 10:15 hrs.<\/p>\n\n\n\n<p>Lugar: Colegio San Agust\u00edn, Duble Almeyda #4950, \u00d1u\u00f1oa.<\/p>\n\n\n\n<p><strong>Profesor a Cargo:<\/strong><\/p>\n\n\n\n<p><strong>Nicol\u00e1s Ortiz<\/strong><\/p>\n\n\n\n<p class=\"has-cyan-bluish-gray-background-color has-background\"><strong><em>F\u00fatbol<\/em><\/strong><\/p>\n\n\n\n<p>Rival: Colegio Sagrados Corazones de Manquehue<\/p>\n\n\n\n<p>Lugar: Cancha de f\u00fatbol, Estadio Mayor<\/p>\n\n\n\n<p>Intermedia<\/p>\n\n\n\n<p>citaci\u00f3n 08:30 hrs<\/p>\n\n\n\n<p>Partido: 09:15 hrs<\/p>\n\n\n\n<p>Superior<\/p>\n\n\n\n<p>citaci\u00f3n 09:30 hrs<\/p>\n\n\n\n<p>Partido 10:45 hrs<\/p>\n\n\n\n<p>Entrenamiento<\/p>\n\n\n\n<p>Lugar: Estadio Mayor<\/p>\n\n\n\n<p>Infantil 10:00 hrs.<\/p>\n\n\n\n<p>Mini 11:00 hrs.<\/p>\n\n\n\n<p><strong>Profesores a cargo:<\/strong><\/p>\n\n\n\n<p><strong>Pablo S\u00e1nchez<\/strong><\/p>\n\n\n\n<p><strong>Edgard Vargas<\/strong><\/p>\n\n\n\n<p class=\"has-cyan-bluish-gray-background-color has-background\"><strong><em>Gimnasia Art\u00edstica<\/em><\/strong><\/p>\n\n\n\n<p>Competencia Nivel 1<\/p>\n\n\n\n<p>Lugar: Colegio Monte Tabor y Nazaret<\/p>\n\n\n\n<p>Hora citaci\u00f3n: 07:45 hrs.<\/p>\n\n\n\n<p><strong>Profesores a cargo:<\/strong><\/p>\n\n\n\n<p><strong>Yabet Oblitas<\/strong><\/p>\n\n\n\n<p><strong>Millaray Albornoz<\/strong><\/p>\n\n\n\n<p>Entrenamiento<\/p>\n\n\n\n<p>Nivel 0-2<\/p>\n\n\n\n<p>09:00 hrs. a 10:30 hrs.<\/p>\n\n\n\n<p>Nivel 3-4-5-6-7&nbsp;<\/p>\n\n\n\n<p>10:30 hrs. a 12:00 hrs.<\/p>\n\n\n\n<p>Lugar: Carpeta Estadio Mayor<\/p>\n\n\n\n<p><strong>Profesora a cargo:<\/strong><\/p>\n\n\n\n<p><strong>Loreto Erazo<\/strong><\/p>\n\n\n\n<p class=\"has-cyan-bluish-gray-background-color has-background\"><strong><em>Nataci\u00f3n<\/em><\/strong><\/p>\n\n\n\n<p>Entrenamiento Grupos 1 a 5 b\u00e1sico 11:00 a 12:00 hrs.<\/p>\n\n\n\n<p><strong>Profesores a cargo:<\/strong><\/p>\n\n\n\n<p><strong>Katalina Bravo<\/strong><\/p>\n\n\n\n<p><strong>Clemente Jerez<\/strong><\/p>\n\n\n\n<p>Clasificatorio IND JDE-JJBB<\/p>\n\n\n\n<p>Lugar: Piscina Ol\u00edmpica Estadio Nacional<\/p>\n\n\n\n<p>Horario:<\/p>\n\n\n\n<p>S\u00e1bado 07:30 am a 19:30 hrs<\/p>\n\n\n\n<p>Domingo 07:30 am a 14:30 hrs<\/p>\n\n\n\n<p><strong>Profesores a cargo:<\/strong><\/p>\n\n\n\n<p><strong>Mat\u00edas Jaque<\/strong><\/p>\n\n\n\n<p><strong>Sim\u00f3n Fern\u00e1ndez<\/strong><\/p>\n\n\n\n<p class=\"has-cyan-bluish-gray-background-color has-background\"><strong><em>Voleibol Masculino<\/em><\/strong><\/p>\n\n\n\n<p>Categor\u00eda Superior:<\/p>\n\n\n\n<p>Partido vs Colegio San Benito<\/p>\n\n\n\n<p>Citaci\u00f3n: 08:15 hrs.<\/p>\n\n\n\n<p>Lugar: Colegio San Benito<\/p>\n\n\n\n<p>Direcci\u00f3n: Parque Antonio Rabat #6150, comuna de Vitacura.<\/p>\n\n\n\n<p>Categor\u00eda (sub 15 y sub 13) (6\u00b0, 7\u00b0 8\u00b0 y I\u00b0 medio)<\/p>\n\n\n\n<p>Entrenamiento<\/p>\n\n\n\n<p>Citaci\u00f3n: 09:00 a 12:00 hrs.<\/p>\n\n\n\n<p>Lugar: Foro, Colegio Mayor Pe\u00f1alol\u00e9n.<\/p>\n\n\n\n<p>Direcci\u00f3n: Av. Valle del Aconcagua #8031, Pe\u00f1alol\u00e9n<\/p>\n\n\n\n<p><strong><em>Profesores a cargo:<\/em><\/strong><\/p>\n\n\n\n<p><strong><em>Valent\u00edn Tamayo<\/em><\/strong><\/p>\n\n\n\n<p><strong><em>\u2060<\/em><\/strong><strong><em>Joaquin M\u00e9ndez<\/em><\/strong><\/p>\n\n\n\n<p class=\"has-cyan-bluish-gray-background-color has-background\"><strong><em>Voleibol Femenino<\/em><\/strong><\/p>\n\n\n\n<p>Categor\u00eda Superior (2 partidos)<\/p>\n\n\n\n<p>Torneo UC<\/p>\n\n\n\n<p>Citaci\u00f3n: 09:00 hrs.<\/p>\n\n\n\n<p>Rival: Trewhelas Providencia (10:00 hrs.) y Everest (12:00 hrs.)<\/p>\n\n\n\n<p>LUGAR: Colegio Pucalan Montessori.<\/p>\n\n\n\n<p>Camino Lo Pinto, ex Fundo San Jorge, Parcela 3-8 x, Colina.<\/p>\n\n\n\n<p>Categor\u00eda Sub 14<\/p>\n\n\n\n<p>A\u00f1os de nacimiento (2011 y 2012)<\/p>\n\n\n\n<p>Partido amistoso<\/p>\n\n\n\n<p>Citaci\u00f3n: 08:30 hrs.<\/p>\n\n\n\n<p>Rival: Colegio Santa Cruz de Chicureo<\/p>\n\n\n\n<p>LUGAR: Colegio Santa Cruz de Chicureo<\/p>\n\n\n\n<p>Direcci\u00f3n: Av. Chicureo #860, Colina.<\/p>\n\n\n\n<p><strong><em>Categor\u00eda Mini e Infantil<\/em><\/strong> &#8211; <strong><em>Sin Actividades<\/em><\/strong><\/p>\n\n\n\n<p><strong>Profesores a cargo:<\/strong><\/p>\n\n\n\n<p><strong>Pablo Beltr<\/strong><strong>\u00e1<\/strong><strong>n<\/strong><\/p>\n\n\n\n<p><strong>Fernanda Montoya<\/strong><\/p>\n\n\n\n<p class=\"has-cyan-bluish-gray-background-color has-background\"><strong><em>Tenis<\/em><\/strong><\/p>\n\n\n\n<p>Entrenamiento selecci\u00f3n de tenis<\/p>\n\n\n\n<p>S\u00e1bado 30 de mayo&nbsp;<\/p>\n\n\n\n<p>Lugar de entrenamiento: canchas de tenis<\/p>\n\n\n\n<p>Grupo Infantil de 09:00 a 10:30 hrs.<\/p>\n\n\n\n<p>Grupo Intermedia de 10:30 a 12:00 hrs.<\/p>\n\n\n\n<p><strong>Profesor a cargo:<\/strong><\/p>\n\n\n\n<p><strong>Hernan P\u00e9rez<\/strong><\/p>\n\n\n\n<p class=\"has-cyan-bluish-gray-background-color has-background\"><strong><em>Cheerleader<\/em><\/strong><\/p>\n\n\n\n<p>Selecci\u00f3n Cheerleader<\/p>\n\n\n\n<p>Entrenamiento<\/p>\n\n\n\n<p>09:00 a 10:45 hrs. categor\u00eda Junior<\/p>\n\n\n\n<p>10:45 a 12:30 hrs. categor\u00eda Senior<\/p>\n\n\n\n<p>Lugar: Foro, Colegio Mayor Pe\u00f1alol\u00e9n<\/p>\n\n\n\n<p><strong>Profesores a cargo:<\/strong><\/p>\n\n\n\n<p><strong>Daniela Acu\u00f1a<\/strong><\/p>\n\n\n\n<p><strong>Ricardo Vergara.<\/strong><\/p>\n","protected":false},"excerpt":{"rendered":"<p>Atletismo Entrenamiento 09:00 a 10:30 hrs. categor\u00eda preparatoria e infantil. 10:30 a 12:00 hrs. categor\u00eda intermedia y superior. Profesores a cargo: \u00darsula Rebolledo Carlos Soto Mario G\u00f3mez Claudio Ulloa. Domingo 1 de junio, Cross Country Parque Tegualda de Talagante Lugar: Avda. Bernardo O\u00b4Higgins # 3201.&nbsp;<a href=\"https:\/\/webpe.colegiomayor.cl\/?p=37782\">&hellip;<\/a><\/p>\n","protected":false},"author":9,"featured_media":37529,"comment_status":"closed","ping_status":"closed","sticky":false,"template":"","format":"standard","meta":{"content-type":"","footnotes":""},"categories":[1],"tags":[],"class_list":["post-37782","post","type-post","status-publish","format-standard","has-post-thumbnail","hentry","category-categoria-3","odd"],"rttpg_featured_image_url":{"full":["https:\/\/webpe.colegiomayor.cl\/wp-content\/uploads\/2025\/04\/9660.jpg",1984,1417,false],"landscape":["https:\/\/webpe.colegiomayor.cl\/wp-content\/uploads\/2025\/04\/9660.jpg",1984,1417,false],"portraits":["https:\/\/webpe.colegiomayor.cl\/wp-content\/uploads\/2025\/04\/9660.jpg",1984,1417,false],"thumbnail":["https:\/\/webpe.colegiomayor.cl\/wp-content\/uploads\/2025\/04\/9660-150x150.jpg",150,150,true],"medium":["https:\/\/webpe.colegiomayor.cl\/wp-content\/uploads\/2025\/04\/9660-300x214.jpg",300,214,true],"large":["https:\/\/webpe.colegiomayor.cl\/wp-content\/uploads\/2025\/04\/9660-1024x731.jpg",1024,731,true],"1536x1536":["https:\/\/webpe.colegiomayor.cl\/wp-content\/uploads\/2025\/04\/9660-1536x1097.jpg",1536,1097,true],"2048x2048":["https:\/\/webpe.colegiomayor.cl\/wp-content\/uploads\/2025\/04\/9660-1984x1417.jpg",1984,1417,true],"post-thumbnail":["https:\/\/webpe.colegiomayor.cl\/wp-content\/uploads\/2025\/04\/9660-150x107.jpg",150,107,true],"ed-school-featured-image":["https:\/\/webpe.colegiomayor.cl\/wp-content\/uploads\/2025\/04\/9660-990x500.jpg",990,500,true],"ed-school-medium":["https:\/\/webpe.colegiomayor.cl\/wp-content\/uploads\/2025\/04\/9660-768x510.jpg",768,510,true],"ed-school-medium-alt":["https:\/\/webpe.colegiomayor.cl\/wp-content\/uploads\/2025\/04\/9660-768x410.jpg",768,410,true],"ed-school-square":["https:\/\/webpe.colegiomayor.cl\/wp-content\/uploads\/2025\/04\/9660-768x768.jpg",768,768,true],"ed-school-square-small":["https:\/\/webpe.colegiomayor.cl\/wp-content\/uploads\/2025\/04\/9660-420x420.jpg",420,420,true]},"rttpg_author":{"display_name":"Catherine Le\u00f3n","author_link":"https:\/\/webpe.colegiomayor.cl\/?author=9"},"rttpg_comment":0,"rttpg_category":"<a href=\"https:\/\/webpe.colegiomayor.cl\/?cat=1\" rel=\"category\">NOTICIAS<\/a>","rttpg_excerpt":"Atletismo Entrenamiento 09:00 a 10:30 hrs. categor\u00eda preparatoria e infantil. 10:30 a 12:00 hrs. categor\u00eda intermedia y superior. Profesores a cargo: \u00darsula Rebolledo Carlos Soto Mario G\u00f3mez Claudio Ulloa. Domingo 1 de junio, Cross Country Parque Tegualda de Talagante Lugar: Avda. Bernardo O\u00b4Higgins # 3201.&nbsp;&hellip;","_links":{"self":[{"href":"https:\/\/webpe.colegiomayor.cl\/index.php?rest_route=\/wp\/v2\/posts\/37782","targetHints":{"allow":["GET"]}}],"collection":[{"href":"https:\/\/webpe.colegiomayor.cl\/index.php?rest_route=\/wp\/v2\/posts"}],"about":[{"href":"https:\/\/webpe.colegiomayor.cl\/index.php?rest_route=\/wp\/v2\/types\/post"}],"author":[{"embeddable":true,"href":"https:\/\/webpe.colegiomayor.cl\/index.php?rest_route=\/wp\/v2\/users\/9"}],"replies":[{"embeddable":true,"href":"https:\/\/webpe.colegiomayor.cl\/index.php?rest_route=%2Fwp%2Fv2%2Fcomments&post=37782"}],"version-history":[{"count":1,"href":"https:\/\/webpe.colegiomayor.cl\/index.php?rest_route=\/wp\/v2\/posts\/37782\/revisions"}],"predecessor-version":[{"id":37783,"href":"https:\/\/webpe.colegiomayor.cl\/index.php?rest_route=\/wp\/v2\/posts\/37782\/revisions\/37783"}],"wp:featuredmedia":[{"embeddable":true,"href":"https:\/\/webpe.colegiomayor.cl\/index.php?rest_route=\/wp\/v2\/media\/37529"}],"wp:attachment":[{"href":"https:\/\/webpe.colegiomayor.cl\/index.php?rest_route=%2Fwp%2Fv2%2Fmedia&parent=37782"}],"wp:term":[{"taxonomy":"category","embeddable":true,"href":"https:\/\/webpe.colegiomayor.cl\/index.php?rest_route=%2Fwp%2Fv2%2Fcategories&post=37782"},{"taxonomy":"post_tag","embeddable":true,"href":"https:\/\/webpe.colegiomayor.cl\/index.php?rest_route=%2Fwp%2Fv2%2Ftags&post=37782"}],"curies":[{"name":"wp","href":"https:\/\/api.w.org\/{rel}","templated":true}]}}