{"id":37744,"date":"2025-05-29T18:09:03","date_gmt":"2025-05-29T21:09:03","guid":{"rendered":"https:\/\/webpe.colegiomayor.cl\/?p=37744"},"modified":"2025-05-29T19:11:42","modified_gmt":"2025-05-29T22:11:42","slug":"esteban-castro-el-joven-ecoheroe-chileno-que-sorprendio-a-deutsche-welle-con-su-filtro-de-aire-de-zeolita","status":"publish","type":"post","link":"https:\/\/webpe.colegiomayor.cl\/?p=37744","title":{"rendered":"Esteban Castro, el joven &#8220;ecoh\u00e9roe&#8221; chileno que sorprendi\u00f3 a Deutsche Welle con su filtro de aire de zeolita"},"content":{"rendered":"\n<p class=\"has-text-align-center\"><strong>El canal internacional alem\u00e1n destac\u00f3 la historia del alumno de 14 a\u00f1os del Colegio Mayor Pe\u00f1alol\u00e9n, quien represent\u00f3 a Chile en la ExpoCiencias Milset Brasil 2025 con un innovador proyecto medioambiental.<\/strong><\/p>\n\n\n\n<hr class=\"wp-block-separator has-alpha-channel-opacity\"\/>\n\n\n\n<h2 class=\"wp-block-heading\"><strong>Deutsche Welle destaca a Esteban Castro como un &#8220;ecoh\u00e9roe&#8221;<\/strong><\/h2>\n\n\n<div class=\"wp-block-image\">\n<figure class=\"alignleft size-large is-resized\"><img loading=\"lazy\" decoding=\"async\" width=\"768\" height=\"1024\" src=\"https:\/\/webpe.colegiomayor.cl\/wp-content\/uploads\/2025\/05\/IMG_5616-1-768x1024.jpg\" alt=\"\" class=\"wp-image-37772\" style=\"width:298px;height:auto\" srcset=\"https:\/\/webpe.colegiomayor.cl\/wp-content\/uploads\/2025\/05\/IMG_5616-1-768x1024.jpg 768w, https:\/\/webpe.colegiomayor.cl\/wp-content\/uploads\/2025\/05\/IMG_5616-1-225x300.jpg 225w, https:\/\/webpe.colegiomayor.cl\/wp-content\/uploads\/2025\/05\/IMG_5616-1-1152x1536.jpg 1152w, https:\/\/webpe.colegiomayor.cl\/wp-content\/uploads\/2025\/05\/IMG_5616-1-1536x2048.jpg 1536w, https:\/\/webpe.colegiomayor.cl\/wp-content\/uploads\/2025\/05\/IMG_5616-1-113x150.jpg 113w, https:\/\/webpe.colegiomayor.cl\/wp-content\/uploads\/2025\/05\/IMG_5616-1-scaled.jpg 1920w\" sizes=\"auto, (max-width: 768px) 100vw, 768px\" \/><\/figure>\n<\/div>\n\n\n<p>El canal internacional alem\u00e1n <strong><a href=\"https:\/\/www.dw.com\/es\/am%C3%A9rica-latina\/s-42464457\">Deutsche Welle<\/a><\/strong> se interes\u00f3 en la historia de <strong><a href=\"https:\/\/webpe.colegiomayor.cl\/?p=37655\">Esteban Castro<\/a><\/strong>, un alumno de 14 a\u00f1os del <strong>Colegio Mayor Pe\u00f1alol\u00e9n<\/strong>, quien particip\u00f3 en la <strong>ExpoCiencias Milset Brasil 2025<\/strong> en Fortaleza. All\u00ed present\u00f3 un <strong>filtro de aire hecho con zeolita<\/strong>, un mineral capaz de atrapar di\u00f3xido de carbono y contribuir a la lucha contra la contaminaci\u00f3n ambiental.<\/p>\n\n\n\n<p>Su proyecto llam\u00f3 la atenci\u00f3n de <strong>Eco Latinoam\u00e9rica<\/strong>, un magazine de Deutsche Welle enfocado en <strong>soluciones innovadoras para proteger el medio ambiente<\/strong> y combatir el cambio clim\u00e1tico en la regi\u00f3n.<\/p>\n\n\n\n<h3 class=\"wp-block-heading\"><strong>&#8220;No es un ni\u00f1o cualquiera, es un ecoh\u00e9roe&#8221;<\/strong><\/h3>\n\n\n\n<p>Carlos Alberto L\u00f3pez, corresponsal de <strong>Deutsche Welle en Chile<\/strong>, explic\u00f3 que el medio buscaba destacar a personas que, con peque\u00f1as acciones, generan un gran impacto.<\/p>\n\n\n\n<blockquote class=\"wp-block-quote is-layout-flow wp-block-quote-is-layout-flow\"><div class=\"wp-block-image\">\n<figure class=\"alignright size-large is-resized\"><img loading=\"lazy\" decoding=\"async\" width=\"1024\" height=\"768\" src=\"https:\/\/webpe.colegiomayor.cl\/wp-content\/uploads\/2025\/05\/IMG_5560-1024x768.jpg\" alt=\"\" class=\"wp-image-37748\" style=\"width:375px;height:auto\" srcset=\"https:\/\/webpe.colegiomayor.cl\/wp-content\/uploads\/2025\/05\/IMG_5560-1024x768.jpg 1024w, https:\/\/webpe.colegiomayor.cl\/wp-content\/uploads\/2025\/05\/IMG_5560-300x225.jpg 300w, https:\/\/webpe.colegiomayor.cl\/wp-content\/uploads\/2025\/05\/IMG_5560-768x576.jpg 768w, https:\/\/webpe.colegiomayor.cl\/wp-content\/uploads\/2025\/05\/IMG_5560-1536x1152.jpg 1536w, https:\/\/webpe.colegiomayor.cl\/wp-content\/uploads\/2025\/05\/IMG_5560-2048x1536.jpg 2048w, https:\/\/webpe.colegiomayor.cl\/wp-content\/uploads\/2025\/05\/IMG_5560-150x113.jpg 150w\" sizes=\"auto, (max-width: 1024px) 100vw, 1024px\" \/><\/figure>\n<\/div>\n\n\n<p><em>&#8220;Dentro de Eco Latinoam\u00e9rica hay una secci\u00f3n llamada \u2018Ecoh\u00e9roes\u2019, que destaca a personas que, de una manera muy especial, buscan contribuir con su granito de arena a la ecolog\u00eda y a construir un entorno m\u00e1s sustentable&#8221;<\/em>, se\u00f1al\u00f3 L\u00f3pez.<\/p>\n<\/blockquote>\n\n\n\n<p>El periodista agreg\u00f3 que, al conocer la historia de Esteban y su participaci\u00f3n en Brasil, decidieron profundizar en su trayectoria:<\/p>\n\n\n\n<blockquote class=\"wp-block-quote is-layout-flow wp-block-quote-is-layout-flow\">\n<p><em>&#8220;Cuando vimos que gan\u00f3 en Brasil, fue como la guinda de la torta: confirmamos que tuvimos buen ojo. Hay que contar esa historia. No es un ni\u00f1o cualquiera\u2026 es un ecoh\u00e9roe&#8221;<\/em>.<\/p>\n<\/blockquote>\n\n\n\n<hr class=\"wp-block-separator has-alpha-channel-opacity\"\/>\n\n\n\n<h2 class=\"wp-block-heading\"><strong>El rol clave de su profesora: &#8220;Es un estudiante especial&#8221;<\/strong><\/h2>\n\n\n<div class=\"wp-block-image\">\n<figure class=\"alignleft size-large is-resized\"><img loading=\"lazy\" decoding=\"async\" width=\"1024\" height=\"768\" src=\"https:\/\/webpe.colegiomayor.cl\/wp-content\/uploads\/2025\/05\/IMG_5650-1024x768.jpg\" alt=\"\" class=\"wp-image-37746\" style=\"width:411px;height:auto\" srcset=\"https:\/\/webpe.colegiomayor.cl\/wp-content\/uploads\/2025\/05\/IMG_5650-1024x768.jpg 1024w, https:\/\/webpe.colegiomayor.cl\/wp-content\/uploads\/2025\/05\/IMG_5650-300x225.jpg 300w, https:\/\/webpe.colegiomayor.cl\/wp-content\/uploads\/2025\/05\/IMG_5650-768x576.jpg 768w, https:\/\/webpe.colegiomayor.cl\/wp-content\/uploads\/2025\/05\/IMG_5650-1536x1152.jpg 1536w, https:\/\/webpe.colegiomayor.cl\/wp-content\/uploads\/2025\/05\/IMG_5650-2048x1536.jpg 2048w, https:\/\/webpe.colegiomayor.cl\/wp-content\/uploads\/2025\/05\/IMG_5650-150x113.jpg 150w\" sizes=\"auto, (max-width: 1024px) 100vw, 1024px\" \/><\/figure>\n<\/div>\n\n\n<p>Deutsche Welle entrevist\u00f3 a <strong>Macarena Hern\u00e1ndez<\/strong>, profesora de ciencias y mentora de Esteban, quien relat\u00f3 c\u00f3mo fue trabajar con \u00e9l y c\u00f3mo su proyecto inspir\u00f3 a toda la comunidad escolar.<\/p>\n\n\n\n<h3 class=\"wp-block-heading\"><strong>\u00bfC\u00f3mo comenz\u00f3 el v\u00ednculo con Esteban?<\/strong><\/h3>\n\n\n\n<blockquote class=\"wp-block-quote is-layout-flow wp-block-quote-is-layout-flow\">\n<p><em>&#8220;Yo no lo conoc\u00eda, pero cuando empez\u00f3 a tomar clases conmigo, inmediatamente not\u00e9 que era un estudiante especial. Muy ordenado, meticuloso, con una actitud incre\u00edble&#8221;<\/em>, record\u00f3 Hern\u00e1ndez.<\/p>\n<\/blockquote>\n\n\n\n<p>Fue durante la <strong>ExpoCiencias del colegio<\/strong> cuando Esteban comenz\u00f3 a desarrollar su proyecto, llegando con investigaciones avanzadas y mostrando un gran inter\u00e9s por aprender.<\/p>\n\n\n\n<h3 class=\"wp-block-heading\"><strong>&#8220;Quiero aprender, no solo ganar&#8221;<\/strong><\/h3>\n\n\n\n<p>La profesora destac\u00f3 la <strong>humildad y dedicaci\u00f3n<\/strong> de Esteban:<\/p>\n\n\n<div class=\"wp-block-image\">\n<figure class=\"alignright size-large is-resized\"><img loading=\"lazy\" decoding=\"async\" width=\"1024\" height=\"534\" src=\"https:\/\/webpe.colegiomayor.cl\/wp-content\/uploads\/2025\/05\/IMG_5554-1024x534.jpg\" alt=\"\" class=\"wp-image-37747\" style=\"width:378px;height:auto\" srcset=\"https:\/\/webpe.colegiomayor.cl\/wp-content\/uploads\/2025\/05\/IMG_5554-1024x534.jpg 1024w, https:\/\/webpe.colegiomayor.cl\/wp-content\/uploads\/2025\/05\/IMG_5554-300x156.jpg 300w, https:\/\/webpe.colegiomayor.cl\/wp-content\/uploads\/2025\/05\/IMG_5554-768x400.jpg 768w, https:\/\/webpe.colegiomayor.cl\/wp-content\/uploads\/2025\/05\/IMG_5554-1536x800.jpg 1536w, https:\/\/webpe.colegiomayor.cl\/wp-content\/uploads\/2025\/05\/IMG_5554-2048x1067.jpg 2048w, https:\/\/webpe.colegiomayor.cl\/wp-content\/uploads\/2025\/05\/IMG_5554-150x78.jpg 150w\" sizes=\"auto, (max-width: 1024px) 100vw, 1024px\" \/><\/figure>\n<\/div>\n\n\n<blockquote class=\"wp-block-quote is-layout-flow wp-block-quote-is-layout-flow\">\n<p><em>&#8220;Nunca fue del tipo \u2018quiero ganar\u2019, sino siempre dec\u00eda: \u2018profesora, quiero aprender\u2019. Eso es lo m\u00e1s admirable. \u00c9l ven\u00eda con sus ideas claras, propon\u00eda soluciones, y nos demostraba que de verdad quer\u00eda influir en algo real&#8221;<\/em>.<\/p>\n<\/blockquote>\n\n\n\n<p>Adem\u00e1s, resalt\u00f3 el impacto de su proyecto en otros estudiantes:<\/p>\n\n\n\n<blockquote class=\"wp-block-quote is-layout-flow wp-block-quote-is-layout-flow\">\n<p><em>&#8220;Fue algo muy potente no solo para \u00e9l, sino tambi\u00e9n para los otros alumnos, que se inspiraron. Es lo que uno sue\u00f1a como profesor: ver c\u00f3mo una idea, que nace en el aula, puede crecer tanto&#8221;<\/em>.<\/p>\n<\/blockquote>\n\n\n\n<hr class=\"wp-block-separator has-alpha-channel-opacity\"\/>\n\n\n\n<h2 class=\"wp-block-heading\"><strong>El apoyo del colegio y el dominio del ingl\u00e9s: claves de su \u00e9xito<\/strong><\/h2>\n\n\n\n<p>Esteban tambi\u00e9n comparti\u00f3 su experiencia y c\u00f3mo el <strong>Colegio Mayor Pe\u00f1alol\u00e9n<\/strong> fue fundamental en su preparaci\u00f3n.<\/p>\n\n\n\n<h3 class=\"wp-block-heading\"><strong>\u00bfC\u00f3mo te ayud\u00f3 el colegio?<\/strong><\/h3>\n\n\n\n<blockquote class=\"wp-block-quote is-layout-flow wp-block-quote-is-layout-flow\">\n<p><em>&#8220;Logr\u00e9 adelantar materia que reci\u00e9n este a\u00f1o estoy viendo. Ahora que tengo ramos separados como qu\u00edmica y biolog\u00eda, puedo entender mejor conceptos que antes me costaban&#8221;<\/em>, explic\u00f3.<\/p>\n<\/blockquote>\n\n\n\n<p>Adem\u00e1s, destac\u00f3 el <strong>manejo del ingl\u00e9s<\/strong>, algo que le permiti\u00f3 presentar su proyecto en <strong>tres idiomas<\/strong> (espa\u00f1ol, ingl\u00e9s y portugu\u00e9s).<\/p>\n\n\n\n<blockquote class=\"wp-block-quote is-layout-flow wp-block-quote-is-layout-flow\">\n<p><em>&#8220;El ingl\u00e9s me ha servido infinitamente. Desde que llegu\u00e9 al colegio en s\u00e9ptimo b\u00e1sico, el nivel que uno puede alcanzar es muy bueno. De verdad que lo agradezco&#8221;<\/em>, afirm\u00f3.<\/p>\n<\/blockquote>\n\n\n\n<h3 class=\"wp-block-heading\"><strong>\u00bfQu\u00e9 viene ahora para Esteban?<\/strong><\/h3>\n\n\n\n<p>Aunque ya cumpli\u00f3 un gran ciclo, el joven cient\u00edfico no piensa detenerse:<\/p>\n\n\n\n<blockquote class=\"wp-block-quote is-layout-flow wp-block-quote-is-layout-flow\">\n<p><em>&#8220;Me gustar\u00eda seguir participando, pero en eventos m\u00e1s acotados. Tambi\u00e9n me gustar\u00eda dar otras entrevistas, porque aunque a veces puede ser inc\u00f3modo, es una buena oportunidad&#8221;<\/em>.<\/p>\n<\/blockquote>\n\n\n\n<hr class=\"wp-block-separator has-alpha-channel-opacity\"\/>\n\n\n\n<h2 class=\"wp-block-heading\"><strong>Un futuro prometedor para un joven que inspira<\/strong><\/h2>\n\n\n\n<p>La historia de <strong>Esteban Castro<\/strong> no solo demuestra el talento de las nuevas generaciones, sino tambi\u00e9n la importancia de <strong>apoyar a los j\u00f3venes en sus proyectos cient\u00edficos<\/strong>. Con su filtro de zeolita, este &#8220;ecoh\u00e9roe&#8221; chileno est\u00e1 dejando una huella en la lucha contra el cambio clim\u00e1tico.<\/p>\n\n\n\n<p><strong>\u00bfQu\u00e9 otros inventos nos sorprender\u00e1n de \u00e9l en el futuro?<\/strong> Solo el tiempo lo dir\u00e1, pero por ahora, su mensaje es claro: <strong>la ciencia y la educaci\u00f3n pueden cambiar el mundo.<\/strong> Los invitamos a ver la siguiente galer\u00eda de im\u00e1genes de la entrevista de Deutsche Welle a Esteban:<\/p>\n\n\n\n<figure class=\"wp-block-gallery has-nested-images columns-default is-cropped wp-block-gallery-1 is-layout-flex wp-block-gallery-is-layout-flex\">\n<figure class=\"wp-block-image size-large\"><img loading=\"lazy\" decoding=\"async\" width=\"1024\" height=\"746\" data-id=\"37753\" src=\"https:\/\/webpe.colegiomayor.cl\/wp-content\/uploads\/2025\/05\/IMG_5526-1024x746.jpg\" alt=\"\" class=\"wp-image-37753\" srcset=\"https:\/\/webpe.colegiomayor.cl\/wp-content\/uploads\/2025\/05\/IMG_5526-1024x746.jpg 1024w, https:\/\/webpe.colegiomayor.cl\/wp-content\/uploads\/2025\/05\/IMG_5526-300x219.jpg 300w, https:\/\/webpe.colegiomayor.cl\/wp-content\/uploads\/2025\/05\/IMG_5526-768x560.jpg 768w, https:\/\/webpe.colegiomayor.cl\/wp-content\/uploads\/2025\/05\/IMG_5526-1536x1119.jpg 1536w, https:\/\/webpe.colegiomayor.cl\/wp-content\/uploads\/2025\/05\/IMG_5526-2048x1493.jpg 2048w, https:\/\/webpe.colegiomayor.cl\/wp-content\/uploads\/2025\/05\/IMG_5526-150x109.jpg 150w\" sizes=\"auto, (max-width: 1024px) 100vw, 1024px\" \/><\/figure>\n\n\n\n<figure class=\"wp-block-image size-large\"><img loading=\"lazy\" decoding=\"async\" width=\"768\" height=\"1024\" data-id=\"37751\" src=\"https:\/\/webpe.colegiomayor.cl\/wp-content\/uploads\/2025\/05\/IMG_5533-768x1024.jpg\" alt=\"\" class=\"wp-image-37751\" srcset=\"https:\/\/webpe.colegiomayor.cl\/wp-content\/uploads\/2025\/05\/IMG_5533-768x1024.jpg 768w, https:\/\/webpe.colegiomayor.cl\/wp-content\/uploads\/2025\/05\/IMG_5533-225x300.jpg 225w, https:\/\/webpe.colegiomayor.cl\/wp-content\/uploads\/2025\/05\/IMG_5533-1152x1536.jpg 1152w, https:\/\/webpe.colegiomayor.cl\/wp-content\/uploads\/2025\/05\/IMG_5533-1536x2048.jpg 1536w, https:\/\/webpe.colegiomayor.cl\/wp-content\/uploads\/2025\/05\/IMG_5533-113x150.jpg 113w, https:\/\/webpe.colegiomayor.cl\/wp-content\/uploads\/2025\/05\/IMG_5533-scaled.jpg 1920w\" sizes=\"auto, (max-width: 768px) 100vw, 768px\" \/><\/figure>\n\n\n\n<figure class=\"wp-block-image size-large\"><img loading=\"lazy\" decoding=\"async\" width=\"1024\" height=\"768\" data-id=\"37752\" src=\"https:\/\/webpe.colegiomayor.cl\/wp-content\/uploads\/2025\/05\/IMG_5538-1024x768.jpg\" alt=\"\" class=\"wp-image-37752\" srcset=\"https:\/\/webpe.colegiomayor.cl\/wp-content\/uploads\/2025\/05\/IMG_5538-1024x768.jpg 1024w, https:\/\/webpe.colegiomayor.cl\/wp-content\/uploads\/2025\/05\/IMG_5538-300x225.jpg 300w, https:\/\/webpe.colegiomayor.cl\/wp-content\/uploads\/2025\/05\/IMG_5538-768x576.jpg 768w, https:\/\/webpe.colegiomayor.cl\/wp-content\/uploads\/2025\/05\/IMG_5538-1536x1152.jpg 1536w, https:\/\/webpe.colegiomayor.cl\/wp-content\/uploads\/2025\/05\/IMG_5538-2048x1536.jpg 2048w, https:\/\/webpe.colegiomayor.cl\/wp-content\/uploads\/2025\/05\/IMG_5538-150x113.jpg 150w\" sizes=\"auto, (max-width: 1024px) 100vw, 1024px\" \/><\/figure>\n\n\n\n<figure class=\"wp-block-image size-large\"><img loading=\"lazy\" decoding=\"async\" width=\"956\" height=\"1024\" data-id=\"37754\" src=\"https:\/\/webpe.colegiomayor.cl\/wp-content\/uploads\/2025\/05\/IMG_5539-956x1024.jpg\" alt=\"\" class=\"wp-image-37754\" srcset=\"https:\/\/webpe.colegiomayor.cl\/wp-content\/uploads\/2025\/05\/IMG_5539-956x1024.jpg 956w, https:\/\/webpe.colegiomayor.cl\/wp-content\/uploads\/2025\/05\/IMG_5539-280x300.jpg 280w, https:\/\/webpe.colegiomayor.cl\/wp-content\/uploads\/2025\/05\/IMG_5539-768x823.jpg 768w, https:\/\/webpe.colegiomayor.cl\/wp-content\/uploads\/2025\/05\/IMG_5539-1433x1536.jpg 1433w, https:\/\/webpe.colegiomayor.cl\/wp-content\/uploads\/2025\/05\/IMG_5539-1911x2048.jpg 1911w, https:\/\/webpe.colegiomayor.cl\/wp-content\/uploads\/2025\/05\/IMG_5539-140x150.jpg 140w\" sizes=\"auto, (max-width: 956px) 100vw, 956px\" \/><\/figure>\n\n\n\n<figure class=\"wp-block-image size-large\"><img loading=\"lazy\" decoding=\"async\" width=\"1024\" height=\"768\" data-id=\"37755\" src=\"https:\/\/webpe.colegiomayor.cl\/wp-content\/uploads\/2025\/05\/IMG_5544-1024x768.jpg\" alt=\"\" class=\"wp-image-37755\" srcset=\"https:\/\/webpe.colegiomayor.cl\/wp-content\/uploads\/2025\/05\/IMG_5544-1024x768.jpg 1024w, https:\/\/webpe.colegiomayor.cl\/wp-content\/uploads\/2025\/05\/IMG_5544-300x225.jpg 300w, https:\/\/webpe.colegiomayor.cl\/wp-content\/uploads\/2025\/05\/IMG_5544-768x576.jpg 768w, https:\/\/webpe.colegiomayor.cl\/wp-content\/uploads\/2025\/05\/IMG_5544-1536x1152.jpg 1536w, https:\/\/webpe.colegiomayor.cl\/wp-content\/uploads\/2025\/05\/IMG_5544-2048x1536.jpg 2048w, https:\/\/webpe.colegiomayor.cl\/wp-content\/uploads\/2025\/05\/IMG_5544-150x113.jpg 150w\" sizes=\"auto, (max-width: 1024px) 100vw, 1024px\" \/><\/figure>\n\n\n\n<figure class=\"wp-block-image size-large\"><img loading=\"lazy\" decoding=\"async\" width=\"1024\" height=\"768\" data-id=\"37756\" src=\"https:\/\/webpe.colegiomayor.cl\/wp-content\/uploads\/2025\/05\/IMG_5545-1024x768.jpg\" alt=\"\" class=\"wp-image-37756\" srcset=\"https:\/\/webpe.colegiomayor.cl\/wp-content\/uploads\/2025\/05\/IMG_5545-1024x768.jpg 1024w, https:\/\/webpe.colegiomayor.cl\/wp-content\/uploads\/2025\/05\/IMG_5545-300x225.jpg 300w, https:\/\/webpe.colegiomayor.cl\/wp-content\/uploads\/2025\/05\/IMG_5545-768x576.jpg 768w, https:\/\/webpe.colegiomayor.cl\/wp-content\/uploads\/2025\/05\/IMG_5545-1536x1152.jpg 1536w, https:\/\/webpe.colegiomayor.cl\/wp-content\/uploads\/2025\/05\/IMG_5545-2048x1536.jpg 2048w, https:\/\/webpe.colegiomayor.cl\/wp-content\/uploads\/2025\/05\/IMG_5545-150x113.jpg 150w\" sizes=\"auto, (max-width: 1024px) 100vw, 1024px\" \/><\/figure>\n\n\n\n<figure class=\"wp-block-image size-large\"><img loading=\"lazy\" decoding=\"async\" width=\"768\" height=\"1024\" data-id=\"37757\" src=\"https:\/\/webpe.colegiomayor.cl\/wp-content\/uploads\/2025\/05\/IMG_5551-768x1024.jpg\" alt=\"\" class=\"wp-image-37757\" srcset=\"https:\/\/webpe.colegiomayor.cl\/wp-content\/uploads\/2025\/05\/IMG_5551-768x1024.jpg 768w, https:\/\/webpe.colegiomayor.cl\/wp-content\/uploads\/2025\/05\/IMG_5551-225x300.jpg 225w, https:\/\/webpe.colegiomayor.cl\/wp-content\/uploads\/2025\/05\/IMG_5551-1152x1536.jpg 1152w, https:\/\/webpe.colegiomayor.cl\/wp-content\/uploads\/2025\/05\/IMG_5551-1536x2048.jpg 1536w, https:\/\/webpe.colegiomayor.cl\/wp-content\/uploads\/2025\/05\/IMG_5551-113x150.jpg 113w, https:\/\/webpe.colegiomayor.cl\/wp-content\/uploads\/2025\/05\/IMG_5551-scaled.jpg 1920w\" sizes=\"auto, (max-width: 768px) 100vw, 768px\" \/><\/figure>\n\n\n\n<figure class=\"wp-block-image size-large\"><img loading=\"lazy\" decoding=\"async\" width=\"1024\" height=\"534\" data-id=\"37759\" src=\"https:\/\/webpe.colegiomayor.cl\/wp-content\/uploads\/2025\/05\/IMG_5554-1-1024x534.jpg\" alt=\"\" class=\"wp-image-37759\" srcset=\"https:\/\/webpe.colegiomayor.cl\/wp-content\/uploads\/2025\/05\/IMG_5554-1-1024x534.jpg 1024w, https:\/\/webpe.colegiomayor.cl\/wp-content\/uploads\/2025\/05\/IMG_5554-1-300x156.jpg 300w, https:\/\/webpe.colegiomayor.cl\/wp-content\/uploads\/2025\/05\/IMG_5554-1-768x400.jpg 768w, https:\/\/webpe.colegiomayor.cl\/wp-content\/uploads\/2025\/05\/IMG_5554-1-1536x800.jpg 1536w, https:\/\/webpe.colegiomayor.cl\/wp-content\/uploads\/2025\/05\/IMG_5554-1-2048x1067.jpg 2048w, https:\/\/webpe.colegiomayor.cl\/wp-content\/uploads\/2025\/05\/IMG_5554-1-150x78.jpg 150w\" sizes=\"auto, (max-width: 1024px) 100vw, 1024px\" \/><\/figure>\n\n\n\n<figure class=\"wp-block-image size-large\"><img loading=\"lazy\" decoding=\"async\" width=\"1024\" height=\"768\" data-id=\"37762\" src=\"https:\/\/webpe.colegiomayor.cl\/wp-content\/uploads\/2025\/05\/IMG_5555-1024x768.jpg\" alt=\"\" class=\"wp-image-37762\" srcset=\"https:\/\/webpe.colegiomayor.cl\/wp-content\/uploads\/2025\/05\/IMG_5555-1024x768.jpg 1024w, https:\/\/webpe.colegiomayor.cl\/wp-content\/uploads\/2025\/05\/IMG_5555-300x225.jpg 300w, https:\/\/webpe.colegiomayor.cl\/wp-content\/uploads\/2025\/05\/IMG_5555-768x576.jpg 768w, https:\/\/webpe.colegiomayor.cl\/wp-content\/uploads\/2025\/05\/IMG_5555-1536x1152.jpg 1536w, https:\/\/webpe.colegiomayor.cl\/wp-content\/uploads\/2025\/05\/IMG_5555-2048x1536.jpg 2048w, https:\/\/webpe.colegiomayor.cl\/wp-content\/uploads\/2025\/05\/IMG_5555-150x113.jpg 150w\" sizes=\"auto, (max-width: 1024px) 100vw, 1024px\" \/><\/figure>\n\n\n\n<figure class=\"wp-block-image size-large\"><img loading=\"lazy\" decoding=\"async\" width=\"1024\" height=\"746\" data-id=\"37758\" src=\"https:\/\/webpe.colegiomayor.cl\/wp-content\/uploads\/2025\/05\/IMG_5557-1-1024x746.jpg\" alt=\"\" class=\"wp-image-37758\" srcset=\"https:\/\/webpe.colegiomayor.cl\/wp-content\/uploads\/2025\/05\/IMG_5557-1-1024x746.jpg 1024w, https:\/\/webpe.colegiomayor.cl\/wp-content\/uploads\/2025\/05\/IMG_5557-1-300x219.jpg 300w, https:\/\/webpe.colegiomayor.cl\/wp-content\/uploads\/2025\/05\/IMG_5557-1-768x560.jpg 768w, https:\/\/webpe.colegiomayor.cl\/wp-content\/uploads\/2025\/05\/IMG_5557-1-1536x1120.jpg 1536w, https:\/\/webpe.colegiomayor.cl\/wp-content\/uploads\/2025\/05\/IMG_5557-1-2048x1493.jpg 2048w, https:\/\/webpe.colegiomayor.cl\/wp-content\/uploads\/2025\/05\/IMG_5557-1-150x109.jpg 150w\" sizes=\"auto, (max-width: 1024px) 100vw, 1024px\" \/><\/figure>\n\n\n\n<figure class=\"wp-block-image size-large\"><img loading=\"lazy\" decoding=\"async\" width=\"1024\" height=\"618\" data-id=\"37761\" src=\"https:\/\/webpe.colegiomayor.cl\/wp-content\/uploads\/2025\/05\/IMG_5558-1024x618.jpg\" alt=\"\" class=\"wp-image-37761\" srcset=\"https:\/\/webpe.colegiomayor.cl\/wp-content\/uploads\/2025\/05\/IMG_5558-1024x618.jpg 1024w, https:\/\/webpe.colegiomayor.cl\/wp-content\/uploads\/2025\/05\/IMG_5558-300x181.jpg 300w, https:\/\/webpe.colegiomayor.cl\/wp-content\/uploads\/2025\/05\/IMG_5558-768x463.jpg 768w, https:\/\/webpe.colegiomayor.cl\/wp-content\/uploads\/2025\/05\/IMG_5558-1536x927.jpg 1536w, https:\/\/webpe.colegiomayor.cl\/wp-content\/uploads\/2025\/05\/IMG_5558-2048x1236.jpg 2048w, https:\/\/webpe.colegiomayor.cl\/wp-content\/uploads\/2025\/05\/IMG_5558-150x91.jpg 150w\" sizes=\"auto, (max-width: 1024px) 100vw, 1024px\" \/><\/figure>\n\n\n\n<figure class=\"wp-block-image size-large\"><img loading=\"lazy\" decoding=\"async\" width=\"1024\" height=\"768\" data-id=\"37760\" src=\"https:\/\/webpe.colegiomayor.cl\/wp-content\/uploads\/2025\/05\/IMG_5559-1024x768.jpg\" alt=\"\" class=\"wp-image-37760\" srcset=\"https:\/\/webpe.colegiomayor.cl\/wp-content\/uploads\/2025\/05\/IMG_5559-1024x768.jpg 1024w, https:\/\/webpe.colegiomayor.cl\/wp-content\/uploads\/2025\/05\/IMG_5559-300x225.jpg 300w, https:\/\/webpe.colegiomayor.cl\/wp-content\/uploads\/2025\/05\/IMG_5559-768x576.jpg 768w, https:\/\/webpe.colegiomayor.cl\/wp-content\/uploads\/2025\/05\/IMG_5559-1536x1152.jpg 1536w, https:\/\/webpe.colegiomayor.cl\/wp-content\/uploads\/2025\/05\/IMG_5559-2048x1536.jpg 2048w, https:\/\/webpe.colegiomayor.cl\/wp-content\/uploads\/2025\/05\/IMG_5559-150x113.jpg 150w\" sizes=\"auto, (max-width: 1024px) 100vw, 1024px\" \/><\/figure>\n\n\n\n<figure class=\"wp-block-image size-large\"><img loading=\"lazy\" decoding=\"async\" width=\"1024\" height=\"768\" data-id=\"37763\" src=\"https:\/\/webpe.colegiomayor.cl\/wp-content\/uploads\/2025\/05\/IMG_5560-1-1024x768.jpg\" alt=\"\" class=\"wp-image-37763\" srcset=\"https:\/\/webpe.colegiomayor.cl\/wp-content\/uploads\/2025\/05\/IMG_5560-1-1024x768.jpg 1024w, https:\/\/webpe.colegiomayor.cl\/wp-content\/uploads\/2025\/05\/IMG_5560-1-300x225.jpg 300w, https:\/\/webpe.colegiomayor.cl\/wp-content\/uploads\/2025\/05\/IMG_5560-1-768x576.jpg 768w, https:\/\/webpe.colegiomayor.cl\/wp-content\/uploads\/2025\/05\/IMG_5560-1-1536x1152.jpg 1536w, https:\/\/webpe.colegiomayor.cl\/wp-content\/uploads\/2025\/05\/IMG_5560-1-2048x1536.jpg 2048w, https:\/\/webpe.colegiomayor.cl\/wp-content\/uploads\/2025\/05\/IMG_5560-1-150x113.jpg 150w\" sizes=\"auto, (max-width: 1024px) 100vw, 1024px\" \/><\/figure>\n\n\n\n<figure class=\"wp-block-image size-large\"><img loading=\"lazy\" decoding=\"async\" width=\"768\" height=\"1024\" data-id=\"37764\" src=\"https:\/\/webpe.colegiomayor.cl\/wp-content\/uploads\/2025\/05\/IMG_5576-768x1024.jpg\" alt=\"\" class=\"wp-image-37764\" srcset=\"https:\/\/webpe.colegiomayor.cl\/wp-content\/uploads\/2025\/05\/IMG_5576-768x1024.jpg 768w, https:\/\/webpe.colegiomayor.cl\/wp-content\/uploads\/2025\/05\/IMG_5576-225x300.jpg 225w, https:\/\/webpe.colegiomayor.cl\/wp-content\/uploads\/2025\/05\/IMG_5576-1152x1536.jpg 1152w, https:\/\/webpe.colegiomayor.cl\/wp-content\/uploads\/2025\/05\/IMG_5576-1536x2048.jpg 1536w, https:\/\/webpe.colegiomayor.cl\/wp-content\/uploads\/2025\/05\/IMG_5576-113x150.jpg 113w, https:\/\/webpe.colegiomayor.cl\/wp-content\/uploads\/2025\/05\/IMG_5576-scaled.jpg 1920w\" sizes=\"auto, (max-width: 768px) 100vw, 768px\" \/><\/figure>\n\n\n\n<figure class=\"wp-block-image size-large\"><img loading=\"lazy\" decoding=\"async\" width=\"1024\" height=\"768\" data-id=\"37765\" src=\"https:\/\/webpe.colegiomayor.cl\/wp-content\/uploads\/2025\/05\/IMG_5585-1024x768.jpg\" alt=\"\" class=\"wp-image-37765\" srcset=\"https:\/\/webpe.colegiomayor.cl\/wp-content\/uploads\/2025\/05\/IMG_5585-1024x768.jpg 1024w, https:\/\/webpe.colegiomayor.cl\/wp-content\/uploads\/2025\/05\/IMG_5585-300x225.jpg 300w, https:\/\/webpe.colegiomayor.cl\/wp-content\/uploads\/2025\/05\/IMG_5585-768x576.jpg 768w, https:\/\/webpe.colegiomayor.cl\/wp-content\/uploads\/2025\/05\/IMG_5585-1536x1152.jpg 1536w, https:\/\/webpe.colegiomayor.cl\/wp-content\/uploads\/2025\/05\/IMG_5585-2048x1536.jpg 2048w, https:\/\/webpe.colegiomayor.cl\/wp-content\/uploads\/2025\/05\/IMG_5585-150x113.jpg 150w\" sizes=\"auto, (max-width: 1024px) 100vw, 1024px\" \/><\/figure>\n\n\n\n<figure class=\"wp-block-image size-large\"><img loading=\"lazy\" decoding=\"async\" width=\"1024\" height=\"768\" data-id=\"37768\" src=\"https:\/\/webpe.colegiomayor.cl\/wp-content\/uploads\/2025\/05\/IMG_5587-1024x768.jpg\" alt=\"\" class=\"wp-image-37768\" srcset=\"https:\/\/webpe.colegiomayor.cl\/wp-content\/uploads\/2025\/05\/IMG_5587-1024x768.jpg 1024w, https:\/\/webpe.colegiomayor.cl\/wp-content\/uploads\/2025\/05\/IMG_5587-300x225.jpg 300w, https:\/\/webpe.colegiomayor.cl\/wp-content\/uploads\/2025\/05\/IMG_5587-768x576.jpg 768w, https:\/\/webpe.colegiomayor.cl\/wp-content\/uploads\/2025\/05\/IMG_5587-1536x1152.jpg 1536w, https:\/\/webpe.colegiomayor.cl\/wp-content\/uploads\/2025\/05\/IMG_5587-2048x1536.jpg 2048w, https:\/\/webpe.colegiomayor.cl\/wp-content\/uploads\/2025\/05\/IMG_5587-150x113.jpg 150w\" sizes=\"auto, (max-width: 1024px) 100vw, 1024px\" \/><\/figure>\n\n\n\n<figure class=\"wp-block-image size-large\"><img loading=\"lazy\" decoding=\"async\" width=\"1024\" height=\"768\" data-id=\"37766\" src=\"https:\/\/webpe.colegiomayor.cl\/wp-content\/uploads\/2025\/05\/IMG_5588-1024x768.jpg\" alt=\"\" class=\"wp-image-37766\" srcset=\"https:\/\/webpe.colegiomayor.cl\/wp-content\/uploads\/2025\/05\/IMG_5588-1024x768.jpg 1024w, https:\/\/webpe.colegiomayor.cl\/wp-content\/uploads\/2025\/05\/IMG_5588-300x225.jpg 300w, https:\/\/webpe.colegiomayor.cl\/wp-content\/uploads\/2025\/05\/IMG_5588-768x576.jpg 768w, https:\/\/webpe.colegiomayor.cl\/wp-content\/uploads\/2025\/05\/IMG_5588-1536x1152.jpg 1536w, https:\/\/webpe.colegiomayor.cl\/wp-content\/uploads\/2025\/05\/IMG_5588-2048x1536.jpg 2048w, https:\/\/webpe.colegiomayor.cl\/wp-content\/uploads\/2025\/05\/IMG_5588-150x113.jpg 150w\" sizes=\"auto, (max-width: 1024px) 100vw, 1024px\" \/><\/figure>\n\n\n\n<figure class=\"wp-block-image size-large\"><img loading=\"lazy\" decoding=\"async\" width=\"768\" height=\"1024\" data-id=\"37767\" src=\"https:\/\/webpe.colegiomayor.cl\/wp-content\/uploads\/2025\/05\/IMG_5591-768x1024.jpg\" alt=\"\" class=\"wp-image-37767\" srcset=\"https:\/\/webpe.colegiomayor.cl\/wp-content\/uploads\/2025\/05\/IMG_5591-768x1024.jpg 768w, https:\/\/webpe.colegiomayor.cl\/wp-content\/uploads\/2025\/05\/IMG_5591-225x300.jpg 225w, https:\/\/webpe.colegiomayor.cl\/wp-content\/uploads\/2025\/05\/IMG_5591-1152x1536.jpg 1152w, https:\/\/webpe.colegiomayor.cl\/wp-content\/uploads\/2025\/05\/IMG_5591-1536x2048.jpg 1536w, https:\/\/webpe.colegiomayor.cl\/wp-content\/uploads\/2025\/05\/IMG_5591-113x150.jpg 113w, https:\/\/webpe.colegiomayor.cl\/wp-content\/uploads\/2025\/05\/IMG_5591-scaled.jpg 1920w\" sizes=\"auto, (max-width: 768px) 100vw, 768px\" \/><\/figure>\n\n\n\n<figure class=\"wp-block-image size-large\"><img loading=\"lazy\" decoding=\"async\" width=\"768\" height=\"1024\" data-id=\"37769\" src=\"https:\/\/webpe.colegiomayor.cl\/wp-content\/uploads\/2025\/05\/IMG_5592-768x1024.jpg\" alt=\"\" class=\"wp-image-37769\" srcset=\"https:\/\/webpe.colegiomayor.cl\/wp-content\/uploads\/2025\/05\/IMG_5592-768x1024.jpg 768w, https:\/\/webpe.colegiomayor.cl\/wp-content\/uploads\/2025\/05\/IMG_5592-225x300.jpg 225w, https:\/\/webpe.colegiomayor.cl\/wp-content\/uploads\/2025\/05\/IMG_5592-1152x1536.jpg 1152w, https:\/\/webpe.colegiomayor.cl\/wp-content\/uploads\/2025\/05\/IMG_5592-1536x2048.jpg 1536w, https:\/\/webpe.colegiomayor.cl\/wp-content\/uploads\/2025\/05\/IMG_5592-113x150.jpg 113w, https:\/\/webpe.colegiomayor.cl\/wp-content\/uploads\/2025\/05\/IMG_5592-scaled.jpg 1920w\" sizes=\"auto, (max-width: 768px) 100vw, 768px\" \/><\/figure>\n\n\n\n<figure class=\"wp-block-image size-large\"><img loading=\"lazy\" decoding=\"async\" width=\"768\" height=\"1024\" data-id=\"37770\" src=\"https:\/\/webpe.colegiomayor.cl\/wp-content\/uploads\/2025\/05\/IMG_5613-768x1024.jpg\" alt=\"\" class=\"wp-image-37770\" srcset=\"https:\/\/webpe.colegiomayor.cl\/wp-content\/uploads\/2025\/05\/IMG_5613-768x1024.jpg 768w, https:\/\/webpe.colegiomayor.cl\/wp-content\/uploads\/2025\/05\/IMG_5613-225x300.jpg 225w, https:\/\/webpe.colegiomayor.cl\/wp-content\/uploads\/2025\/05\/IMG_5613-1152x1536.jpg 1152w, https:\/\/webpe.colegiomayor.cl\/wp-content\/uploads\/2025\/05\/IMG_5613-1536x2048.jpg 1536w, https:\/\/webpe.colegiomayor.cl\/wp-content\/uploads\/2025\/05\/IMG_5613-113x150.jpg 113w, https:\/\/webpe.colegiomayor.cl\/wp-content\/uploads\/2025\/05\/IMG_5613-scaled.jpg 1920w\" sizes=\"auto, (max-width: 768px) 100vw, 768px\" \/><\/figure>\n\n\n\n<figure class=\"wp-block-image size-large\"><img loading=\"lazy\" decoding=\"async\" width=\"768\" height=\"1024\" data-id=\"37772\" src=\"https:\/\/webpe.colegiomayor.cl\/wp-content\/uploads\/2025\/05\/IMG_5616-1-768x1024.jpg\" alt=\"\" class=\"wp-image-37772\" srcset=\"https:\/\/webpe.colegiomayor.cl\/wp-content\/uploads\/2025\/05\/IMG_5616-1-768x1024.jpg 768w, https:\/\/webpe.colegiomayor.cl\/wp-content\/uploads\/2025\/05\/IMG_5616-1-225x300.jpg 225w, https:\/\/webpe.colegiomayor.cl\/wp-content\/uploads\/2025\/05\/IMG_5616-1-1152x1536.jpg 1152w, https:\/\/webpe.colegiomayor.cl\/wp-content\/uploads\/2025\/05\/IMG_5616-1-1536x2048.jpg 1536w, https:\/\/webpe.colegiomayor.cl\/wp-content\/uploads\/2025\/05\/IMG_5616-1-113x150.jpg 113w, https:\/\/webpe.colegiomayor.cl\/wp-content\/uploads\/2025\/05\/IMG_5616-1-scaled.jpg 1920w\" sizes=\"auto, (max-width: 768px) 100vw, 768px\" \/><\/figure>\n\n\n\n<figure class=\"wp-block-image size-large\"><img loading=\"lazy\" decoding=\"async\" width=\"768\" height=\"1024\" data-id=\"37773\" src=\"https:\/\/webpe.colegiomayor.cl\/wp-content\/uploads\/2025\/05\/IMG_5622-768x1024.jpg\" alt=\"\" class=\"wp-image-37773\" srcset=\"https:\/\/webpe.colegiomayor.cl\/wp-content\/uploads\/2025\/05\/IMG_5622-768x1024.jpg 768w, https:\/\/webpe.colegiomayor.cl\/wp-content\/uploads\/2025\/05\/IMG_5622-225x300.jpg 225w, https:\/\/webpe.colegiomayor.cl\/wp-content\/uploads\/2025\/05\/IMG_5622-1152x1536.jpg 1152w, https:\/\/webpe.colegiomayor.cl\/wp-content\/uploads\/2025\/05\/IMG_5622-1536x2048.jpg 1536w, https:\/\/webpe.colegiomayor.cl\/wp-content\/uploads\/2025\/05\/IMG_5622-113x150.jpg 113w, https:\/\/webpe.colegiomayor.cl\/wp-content\/uploads\/2025\/05\/IMG_5622-scaled.jpg 1920w\" sizes=\"auto, (max-width: 768px) 100vw, 768px\" \/><\/figure>\n\n\n\n<figure class=\"wp-block-image size-large\"><img loading=\"lazy\" decoding=\"async\" width=\"768\" height=\"1024\" data-id=\"37771\" src=\"https:\/\/webpe.colegiomayor.cl\/wp-content\/uploads\/2025\/05\/IMG_5623-768x1024.jpg\" alt=\"\" class=\"wp-image-37771\" srcset=\"https:\/\/webpe.colegiomayor.cl\/wp-content\/uploads\/2025\/05\/IMG_5623-768x1024.jpg 768w, https:\/\/webpe.colegiomayor.cl\/wp-content\/uploads\/2025\/05\/IMG_5623-225x300.jpg 225w, https:\/\/webpe.colegiomayor.cl\/wp-content\/uploads\/2025\/05\/IMG_5623-1152x1536.jpg 1152w, https:\/\/webpe.colegiomayor.cl\/wp-content\/uploads\/2025\/05\/IMG_5623-1536x2048.jpg 1536w, https:\/\/webpe.colegiomayor.cl\/wp-content\/uploads\/2025\/05\/IMG_5623-113x150.jpg 113w, https:\/\/webpe.colegiomayor.cl\/wp-content\/uploads\/2025\/05\/IMG_5623-scaled.jpg 1920w\" sizes=\"auto, (max-width: 768px) 100vw, 768px\" \/><\/figure>\n\n\n\n<figure class=\"wp-block-image size-large\"><img loading=\"lazy\" decoding=\"async\" width=\"768\" height=\"1024\" data-id=\"37774\" src=\"https:\/\/webpe.colegiomayor.cl\/wp-content\/uploads\/2025\/05\/IMG_5633-768x1024.jpg\" alt=\"\" class=\"wp-image-37774\" srcset=\"https:\/\/webpe.colegiomayor.cl\/wp-content\/uploads\/2025\/05\/IMG_5633-768x1024.jpg 768w, https:\/\/webpe.colegiomayor.cl\/wp-content\/uploads\/2025\/05\/IMG_5633-225x300.jpg 225w, https:\/\/webpe.colegiomayor.cl\/wp-content\/uploads\/2025\/05\/IMG_5633-1152x1536.jpg 1152w, https:\/\/webpe.colegiomayor.cl\/wp-content\/uploads\/2025\/05\/IMG_5633-1536x2048.jpg 1536w, https:\/\/webpe.colegiomayor.cl\/wp-content\/uploads\/2025\/05\/IMG_5633-113x150.jpg 113w, https:\/\/webpe.colegiomayor.cl\/wp-content\/uploads\/2025\/05\/IMG_5633-scaled.jpg 1920w\" sizes=\"auto, (max-width: 768px) 100vw, 768px\" \/><\/figure>\n\n\n\n<figure class=\"wp-block-image size-large\"><img loading=\"lazy\" decoding=\"async\" width=\"1024\" height=\"768\" data-id=\"37776\" src=\"https:\/\/webpe.colegiomayor.cl\/wp-content\/uploads\/2025\/05\/IMG_5637-1024x768.jpg\" alt=\"\" class=\"wp-image-37776\" srcset=\"https:\/\/webpe.colegiomayor.cl\/wp-content\/uploads\/2025\/05\/IMG_5637-1024x768.jpg 1024w, https:\/\/webpe.colegiomayor.cl\/wp-content\/uploads\/2025\/05\/IMG_5637-300x225.jpg 300w, https:\/\/webpe.colegiomayor.cl\/wp-content\/uploads\/2025\/05\/IMG_5637-768x576.jpg 768w, https:\/\/webpe.colegiomayor.cl\/wp-content\/uploads\/2025\/05\/IMG_5637-1536x1152.jpg 1536w, https:\/\/webpe.colegiomayor.cl\/wp-content\/uploads\/2025\/05\/IMG_5637-2048x1536.jpg 2048w, https:\/\/webpe.colegiomayor.cl\/wp-content\/uploads\/2025\/05\/IMG_5637-150x113.jpg 150w\" sizes=\"auto, (max-width: 1024px) 100vw, 1024px\" \/><\/figure>\n\n\n\n<figure class=\"wp-block-image size-large\"><img loading=\"lazy\" decoding=\"async\" width=\"1024\" height=\"850\" data-id=\"37775\" src=\"https:\/\/webpe.colegiomayor.cl\/wp-content\/uploads\/2025\/05\/IMG_5645-1024x850.jpg\" alt=\"\" class=\"wp-image-37775\" srcset=\"https:\/\/webpe.colegiomayor.cl\/wp-content\/uploads\/2025\/05\/IMG_5645-1024x850.jpg 1024w, https:\/\/webpe.colegiomayor.cl\/wp-content\/uploads\/2025\/05\/IMG_5645-300x249.jpg 300w, https:\/\/webpe.colegiomayor.cl\/wp-content\/uploads\/2025\/05\/IMG_5645-768x638.jpg 768w, https:\/\/webpe.colegiomayor.cl\/wp-content\/uploads\/2025\/05\/IMG_5645-1536x1276.jpg 1536w, https:\/\/webpe.colegiomayor.cl\/wp-content\/uploads\/2025\/05\/IMG_5645-2048x1701.jpg 2048w, https:\/\/webpe.colegiomayor.cl\/wp-content\/uploads\/2025\/05\/IMG_5645-150x125.jpg 150w\" sizes=\"auto, (max-width: 1024px) 100vw, 1024px\" \/><\/figure>\n\n\n\n<figure class=\"wp-block-image size-large\"><img loading=\"lazy\" decoding=\"async\" width=\"768\" height=\"1024\" data-id=\"37778\" src=\"https:\/\/webpe.colegiomayor.cl\/wp-content\/uploads\/2025\/05\/IMG_5646-768x1024.jpg\" alt=\"\" class=\"wp-image-37778\" srcset=\"https:\/\/webpe.colegiomayor.cl\/wp-content\/uploads\/2025\/05\/IMG_5646-768x1024.jpg 768w, https:\/\/webpe.colegiomayor.cl\/wp-content\/uploads\/2025\/05\/IMG_5646-225x300.jpg 225w, https:\/\/webpe.colegiomayor.cl\/wp-content\/uploads\/2025\/05\/IMG_5646-1152x1536.jpg 1152w, https:\/\/webpe.colegiomayor.cl\/wp-content\/uploads\/2025\/05\/IMG_5646-1536x2048.jpg 1536w, https:\/\/webpe.colegiomayor.cl\/wp-content\/uploads\/2025\/05\/IMG_5646-113x150.jpg 113w, https:\/\/webpe.colegiomayor.cl\/wp-content\/uploads\/2025\/05\/IMG_5646-scaled.jpg 1920w\" sizes=\"auto, (max-width: 768px) 100vw, 768px\" \/><\/figure>\n\n\n\n<figure class=\"wp-block-image size-large\"><img loading=\"lazy\" decoding=\"async\" width=\"1024\" height=\"768\" data-id=\"37777\" src=\"https:\/\/webpe.colegiomayor.cl\/wp-content\/uploads\/2025\/05\/IMG_5650-1-1024x768.jpg\" alt=\"\" class=\"wp-image-37777\" srcset=\"https:\/\/webpe.colegiomayor.cl\/wp-content\/uploads\/2025\/05\/IMG_5650-1-1024x768.jpg 1024w, https:\/\/webpe.colegiomayor.cl\/wp-content\/uploads\/2025\/05\/IMG_5650-1-300x225.jpg 300w, https:\/\/webpe.colegiomayor.cl\/wp-content\/uploads\/2025\/05\/IMG_5650-1-768x576.jpg 768w, https:\/\/webpe.colegiomayor.cl\/wp-content\/uploads\/2025\/05\/IMG_5650-1-1536x1152.jpg 1536w, https:\/\/webpe.colegiomayor.cl\/wp-content\/uploads\/2025\/05\/IMG_5650-1-2048x1536.jpg 2048w, https:\/\/webpe.colegiomayor.cl\/wp-content\/uploads\/2025\/05\/IMG_5650-1-150x113.jpg 150w\" sizes=\"auto, (max-width: 1024px) 100vw, 1024px\" \/><\/figure>\n\n\n\n<figure class=\"wp-block-image size-large\"><img loading=\"lazy\" decoding=\"async\" width=\"768\" height=\"1024\" data-id=\"37779\" src=\"https:\/\/webpe.colegiomayor.cl\/wp-content\/uploads\/2025\/05\/IMG_5652-768x1024.jpg\" alt=\"\" class=\"wp-image-37779\" srcset=\"https:\/\/webpe.colegiomayor.cl\/wp-content\/uploads\/2025\/05\/IMG_5652-768x1024.jpg 768w, https:\/\/webpe.colegiomayor.cl\/wp-content\/uploads\/2025\/05\/IMG_5652-225x300.jpg 225w, https:\/\/webpe.colegiomayor.cl\/wp-content\/uploads\/2025\/05\/IMG_5652-1152x1536.jpg 1152w, https:\/\/webpe.colegiomayor.cl\/wp-content\/uploads\/2025\/05\/IMG_5652-1536x2048.jpg 1536w, https:\/\/webpe.colegiomayor.cl\/wp-content\/uploads\/2025\/05\/IMG_5652-113x150.jpg 113w, https:\/\/webpe.colegiomayor.cl\/wp-content\/uploads\/2025\/05\/IMG_5652-scaled.jpg 1920w\" sizes=\"auto, (max-width: 768px) 100vw, 768px\" \/><\/figure>\n<\/figure>\n","protected":false},"excerpt":{"rendered":"<p>El canal internacional alem\u00e1n destac\u00f3 la historia del alumno de 14 a\u00f1os del Colegio Mayor Pe\u00f1alol\u00e9n, quien represent\u00f3 a Chile en la ExpoCiencias Milset Brasil 2025 con un innovador proyecto medioambiental. Deutsche Welle destaca a Esteban Castro como un &#8220;ecoh\u00e9roe&#8221; El canal internacional alem\u00e1n Deutsche&nbsp;<a href=\"https:\/\/webpe.colegiomayor.cl\/?p=37744\">&hellip;<\/a><\/p>\n","protected":false},"author":11,"featured_media":37758,"comment_status":"closed","ping_status":"closed","sticky":false,"template":"","format":"standard","meta":{"content-type":"","footnotes":""},"categories":[44],"tags":[],"class_list":["post-37744","post","type-post","status-publish","format-standard","has-post-thumbnail","hentry","category-noticias","odd"],"rttpg_featured_image_url":{"full":["https:\/\/webpe.colegiomayor.cl\/wp-content\/uploads\/2025\/05\/IMG_5557-1-scaled.jpg",2560,1866,false],"landscape":["https:\/\/webpe.colegiomayor.cl\/wp-content\/uploads\/2025\/05\/IMG_5557-1-scaled.jpg",2560,1866,false],"portraits":["https:\/\/webpe.colegiomayor.cl\/wp-content\/uploads\/2025\/05\/IMG_5557-1-scaled.jpg",2560,1866,false],"thumbnail":["https:\/\/webpe.colegiomayor.cl\/wp-content\/uploads\/2025\/05\/IMG_5557-1-150x150.jpg",150,150,true],"medium":["https:\/\/webpe.colegiomayor.cl\/wp-content\/uploads\/2025\/05\/IMG_5557-1-300x219.jpg",300,219,true],"large":["https:\/\/webpe.colegiomayor.cl\/wp-content\/uploads\/2025\/05\/IMG_5557-1-1024x746.jpg",1024,746,true],"1536x1536":["https:\/\/webpe.colegiomayor.cl\/wp-content\/uploads\/2025\/05\/IMG_5557-1-1536x1120.jpg",1536,1120,true],"2048x2048":["https:\/\/webpe.colegiomayor.cl\/wp-content\/uploads\/2025\/05\/IMG_5557-1-2048x1493.jpg",2048,1493,true],"post-thumbnail":["https:\/\/webpe.colegiomayor.cl\/wp-content\/uploads\/2025\/05\/IMG_5557-1-150x109.jpg",150,109,true],"ed-school-featured-image":["https:\/\/webpe.colegiomayor.cl\/wp-content\/uploads\/2025\/05\/IMG_5557-1-990x500.jpg",990,500,true],"ed-school-medium":["https:\/\/webpe.colegiomayor.cl\/wp-content\/uploads\/2025\/05\/IMG_5557-1-768x510.jpg",768,510,true],"ed-school-medium-alt":["https:\/\/webpe.colegiomayor.cl\/wp-content\/uploads\/2025\/05\/IMG_5557-1-768x410.jpg",768,410,true],"ed-school-square":["https:\/\/webpe.colegiomayor.cl\/wp-content\/uploads\/2025\/05\/IMG_5557-1-768x768.jpg",768,768,true],"ed-school-square-small":["https:\/\/webpe.colegiomayor.cl\/wp-content\/uploads\/2025\/05\/IMG_5557-1-420x420.jpg",420,420,true]},"rttpg_author":{"display_name":"Francisco Arriagada","author_link":"https:\/\/webpe.colegiomayor.cl\/?author=11"},"rttpg_comment":0,"rttpg_category":"<a href=\"https:\/\/webpe.colegiomayor.cl\/?cat=44\" rel=\"category\">NOTICIAS<\/a>","rttpg_excerpt":"El canal internacional alem\u00e1n destac\u00f3 la historia del alumno de 14 a\u00f1os del Colegio Mayor Pe\u00f1alol\u00e9n, quien represent\u00f3 a Chile en la ExpoCiencias Milset Brasil 2025 con un innovador proyecto medioambiental. Deutsche Welle destaca a Esteban Castro como un &#8220;ecoh\u00e9roe&#8221; El canal internacional alem\u00e1n Deutsche&nbsp;&hellip;","_links":{"self":[{"href":"https:\/\/webpe.colegiomayor.cl\/index.php?rest_route=\/wp\/v2\/posts\/37744","targetHints":{"allow":["GET"]}}],"collection":[{"href":"https:\/\/webpe.colegiomayor.cl\/index.php?rest_route=\/wp\/v2\/posts"}],"about":[{"href":"https:\/\/webpe.colegiomayor.cl\/index.php?rest_route=\/wp\/v2\/types\/post"}],"author":[{"embeddable":true,"href":"https:\/\/webpe.colegiomayor.cl\/index.php?rest_route=\/wp\/v2\/users\/11"}],"replies":[{"embeddable":true,"href":"https:\/\/webpe.colegiomayor.cl\/index.php?rest_route=%2Fwp%2Fv2%2Fcomments&post=37744"}],"version-history":[{"count":3,"href":"https:\/\/webpe.colegiomayor.cl\/index.php?rest_route=\/wp\/v2\/posts\/37744\/revisions"}],"predecessor-version":[{"id":37781,"href":"https:\/\/webpe.colegiomayor.cl\/index.php?rest_route=\/wp\/v2\/posts\/37744\/revisions\/37781"}],"wp:featuredmedia":[{"embeddable":true,"href":"https:\/\/webpe.colegiomayor.cl\/index.php?rest_route=\/wp\/v2\/media\/37758"}],"wp:attachment":[{"href":"https:\/\/webpe.colegiomayor.cl\/index.php?rest_route=%2Fwp%2Fv2%2Fmedia&parent=37744"}],"wp:term":[{"taxonomy":"category","embeddable":true,"href":"https:\/\/webpe.colegiomayor.cl\/index.php?rest_route=%2Fwp%2Fv2%2Fcategories&post=37744"},{"taxonomy":"post_tag","embeddable":true,"href":"https:\/\/webpe.colegiomayor.cl\/index.php?rest_route=%2Fwp%2Fv2%2Ftags&post=37744"}],"curies":[{"name":"wp","href":"https:\/\/api.w.org\/{rel}","templated":true}]}}