{"id":37704,"date":"2025-05-16T11:20:43","date_gmt":"2025-05-16T14:20:43","guid":{"rendered":"https:\/\/webpe.colegiomayor.cl\/?p=37704"},"modified":"2025-05-16T11:20:45","modified_gmt":"2025-05-16T14:20:45","slug":"actividades-deportivas-sabado-17-de-mayo","status":"publish","type":"post","link":"https:\/\/webpe.colegiomayor.cl\/?p=37704","title":{"rendered":"Actividades Deportivas &#8211; S\u00e1bado 17 de Mayo"},"content":{"rendered":"\n<p class=\"has-cyan-bluish-gray-background-color has-background\"><strong>ATLETISMO<\/strong><\/p>\n\n\n\n<p>ENCUENTRO MINI KIDS<\/p>\n\n\n\n<p>Lugar: Estadio Mayor<\/p>\n\n\n\n<p>1\u00b0-2\u00b0 b\u00e1sico desde las 9:00 hrs.<\/p>\n\n\n\n<p>3\u00b0-4\u00b0 b\u00e1sico desde las 10:30 hrs.<\/p>\n\n\n\n<p>Hora de citaci\u00f3n 30 minutos antes de su bloque de participaci\u00f3n.&nbsp;&nbsp;&nbsp;&nbsp;&nbsp;&nbsp;&nbsp;&nbsp;&nbsp;&nbsp;&nbsp;&nbsp;&nbsp;&nbsp;&nbsp;&nbsp;&nbsp;&nbsp;&nbsp;&nbsp;&nbsp;&nbsp;&nbsp;&nbsp;&nbsp;&nbsp;&nbsp;&nbsp;&nbsp;&nbsp;&nbsp;&nbsp;&nbsp;&nbsp;&nbsp;&nbsp;&nbsp;&nbsp;&nbsp;&nbsp;&nbsp;&nbsp;&nbsp;&nbsp;&nbsp;&nbsp;&nbsp;&nbsp;&nbsp;&nbsp;&nbsp;&nbsp;&nbsp;&nbsp;&nbsp;&nbsp;&nbsp;&nbsp;&nbsp;&nbsp;&nbsp;&nbsp;&nbsp;&nbsp;&nbsp;&nbsp;&nbsp;&nbsp;&nbsp;&nbsp;&nbsp;&nbsp;&nbsp;&nbsp;&nbsp;&nbsp;&nbsp;&nbsp;&nbsp;&nbsp;&nbsp;&nbsp;&nbsp;&nbsp;&nbsp;&nbsp;&nbsp;&nbsp;&nbsp;&nbsp;&nbsp;&nbsp;&nbsp;&nbsp;&nbsp;&nbsp;&nbsp;&nbsp;&nbsp;&nbsp;&nbsp;&nbsp;&nbsp;&nbsp;&nbsp;&nbsp;&nbsp;&nbsp;&nbsp;&nbsp;&nbsp;&nbsp;&nbsp;&nbsp;&nbsp;&nbsp;&nbsp;&nbsp;&nbsp;&nbsp;&nbsp;&nbsp;&nbsp;&nbsp;&nbsp;&nbsp;&nbsp;&nbsp;&nbsp;&nbsp;&nbsp;&nbsp;&nbsp;&nbsp;&nbsp;&nbsp;&nbsp;&nbsp;&nbsp;&nbsp;&nbsp;&nbsp;&nbsp;&nbsp;&nbsp;&nbsp;&nbsp;&nbsp;&nbsp;&nbsp;&nbsp;&nbsp;&nbsp;&nbsp;&nbsp;<\/p>\n\n\n\n<p>Categor\u00eda Preparatoria e Infantil<\/p>\n\n\n\n<p>Entrenamiento<\/p>\n\n\n\n<p>9:00 a 10:30 hrs.<\/p>\n\n\n\n<p>Lugar: Patio central, Colegio Mayor Pe\u00f1alol\u00e9n<\/p>\n\n\n\n<p><strong><em>Categor\u00eda Intermedia y Superior<\/em><\/strong><\/p>\n\n\n\n<p><strong><em>Citaci\u00f3n: 08:30 hrs. para cooperar en el Encuentro MINI KIDS.<\/em><\/strong><\/p>\n\n\n\n<p><strong>Profesores a cargo:<\/strong><\/p>\n\n\n\n<p><strong>Claudio Ulloa<\/strong><\/p>\n\n\n\n<p><strong>Mario G\u00f3mez<\/strong><\/p>\n\n\n\n<p><strong>\u00darsula Rebolledo<\/strong><\/p>\n\n\n\n<p><strong>Carlos Soto<\/strong>&nbsp;&nbsp;&nbsp;&nbsp;&nbsp;&nbsp;&nbsp;&nbsp;&nbsp;&nbsp;&nbsp;&nbsp;&nbsp;&nbsp;&nbsp;&nbsp;&nbsp;&nbsp;&nbsp;&nbsp;&nbsp;&nbsp;&nbsp;&nbsp;&nbsp;&nbsp;&nbsp;&nbsp;&nbsp;&nbsp;&nbsp;&nbsp;&nbsp;&nbsp;&nbsp;&nbsp;&nbsp;&nbsp;&nbsp;&nbsp;&nbsp;&nbsp;&nbsp;&nbsp;&nbsp;&nbsp;&nbsp;&nbsp;&nbsp;&nbsp;&nbsp;&nbsp;&nbsp;&nbsp;&nbsp;&nbsp;&nbsp;&nbsp;&nbsp;&nbsp;&nbsp;&nbsp;&nbsp;&nbsp;&nbsp;&nbsp;&nbsp;&nbsp;&nbsp;&nbsp;&nbsp;&nbsp;&nbsp;&nbsp;&nbsp;&nbsp;&nbsp;&nbsp;&nbsp;&nbsp;&nbsp;&nbsp;&nbsp;&nbsp;&nbsp;&nbsp;&nbsp;&nbsp;&nbsp;&nbsp;&nbsp;&nbsp;&nbsp;&nbsp;&nbsp;&nbsp;&nbsp;&nbsp;&nbsp;&nbsp;&nbsp;&nbsp;&nbsp;&nbsp;&nbsp;&nbsp;&nbsp;&nbsp;&nbsp;&nbsp;&nbsp;&nbsp;&nbsp;&nbsp;&nbsp;&nbsp;&nbsp;&nbsp;&nbsp;&nbsp;&nbsp;&nbsp;&nbsp;&nbsp;&nbsp;&nbsp;&nbsp;&nbsp;&nbsp;&nbsp;&nbsp;&nbsp;&nbsp;&nbsp;&nbsp;&nbsp;&nbsp;&nbsp;&nbsp;&nbsp;&nbsp;&nbsp;&nbsp;&nbsp;&nbsp;&nbsp;&nbsp;&nbsp;&nbsp;&nbsp;&nbsp;&nbsp;&nbsp;&nbsp;&nbsp;&nbsp;&nbsp;&nbsp;&nbsp;&nbsp;&nbsp;&nbsp;&nbsp;&nbsp;&nbsp;&nbsp;&nbsp;&nbsp;&nbsp;&nbsp;&nbsp;&nbsp;&nbsp;&nbsp;&nbsp;&nbsp;&nbsp;&nbsp;&nbsp;&nbsp;&nbsp;&nbsp;&nbsp;&nbsp;&nbsp;&nbsp;&nbsp;&nbsp;&nbsp;&nbsp;&nbsp;&nbsp;&nbsp;&nbsp;&nbsp;&nbsp;&nbsp;&nbsp;&nbsp;&nbsp;&nbsp;&nbsp;&nbsp;&nbsp;&nbsp;&nbsp;&nbsp;&nbsp;&nbsp;&nbsp;&nbsp;&nbsp;&nbsp;&nbsp;&nbsp;&nbsp;&nbsp;&nbsp;&nbsp;&nbsp;&nbsp;&nbsp;&nbsp;&nbsp;&nbsp;&nbsp; &nbsp;&nbsp;&nbsp;&nbsp;&nbsp;&nbsp;&nbsp;&nbsp;&nbsp;&nbsp;&nbsp;&nbsp;&nbsp;&nbsp;&nbsp;&nbsp;&nbsp;&nbsp;&nbsp;&nbsp;&nbsp;&nbsp;&nbsp;&nbsp;&nbsp;&nbsp;&nbsp;&nbsp;&nbsp;&nbsp;<\/p>\n\n\n\n<p class=\"has-cyan-bluish-gray-background-color has-background\"><strong>B\u00c1SQUETBOL<\/strong><\/p>\n\n\n\n<p>Liforbasket<\/p>\n\n\n\n<p>Categor\u00eda mini primer a\u00f1o.<\/p>\n\n\n\n<p>Rival: San Isidro<\/p>\n\n\n\n<p>Lugar: San Ignacio Alonso de Ovalle<\/p>\n\n\n\n<p>Direcci\u00f3n: Alonso de Ovalle #1452, Santiago.<\/p>\n\n\n\n<p>Partido 10:45 hrs.<\/p>\n\n\n\n<p>Citaci\u00f3n: 20 min. antes.<\/p>\n\n\n\n<p><strong>Profesor a cargo:<\/strong><\/p>\n\n\n\n<p><strong>Carlos Cerecera<\/strong><\/p>\n\n\n\n<p>Torneo UC<\/p>\n\n\n\n<p>Colegio Mayor vs alem\u00e1n Chicureo.<\/p>\n\n\n\n<p>Superior 09:00 hrs.<\/p>\n\n\n\n<p>Intermedia 10:15 hrs<\/p>\n\n\n\n<p>Direcci\u00f3n: Av. Alemania # 170, Piedra Roja, Chicureo.<\/p>\n\n\n\n<p><strong><em>Entrenamiento mini segundo a\u00f1o e infantil suspendidos<\/em><\/strong><\/p>\n\n\n\n<p><strong>Profesor a cargo:<\/strong><\/p>\n\n\n\n<p><strong>Nicol\u00e1s Ortiz<\/strong><\/p>\n\n\n\n<p class=\"has-cyan-bluish-gray-background-color has-background\"><strong>F\u00daTBOL<\/strong><\/p>\n\n\n\n<p>Rival: Colegio San Francisco de As\u00eds.<\/p>\n\n\n\n<p>Lugar: Club Oriente<\/p>\n\n\n\n<p>Direcci\u00f3n: Nueva Bilbao # 9495, Las Condes.<\/p>\n\n\n\n<p>Serie Intermedia<\/p>\n\n\n\n<p>Citaci\u00f3n: 8:45 hrs.<\/p>\n\n\n\n<p>Partido: 9:30 hrs.<\/p>\n\n\n\n<p>Serie Superior<\/p>\n\n\n\n<p>citaci\u00f3n 9:30 hrs.<\/p>\n\n\n\n<p>Partido 10:45 hrs.<\/p>\n\n\n\n<p><strong><em>Series Infantil y Mini<\/em><\/strong><\/p>\n\n\n\n<p><strong><em>Sin Actividades<\/em><\/strong><\/p>\n\n\n\n<p><strong>Profesores a cargo:<\/strong><\/p>\n\n\n\n<p><strong>Pablo S\u00e1nchez<\/strong><\/p>\n\n\n\n<p><strong>Edgard Vargas<\/strong><\/p>\n\n\n\n<p class=\"has-cyan-bluish-gray-background-color has-background\"><strong>GIMNASIA ART\u00cdSTICA<\/strong><\/p>\n\n\n\n<p>Entrenamiento<\/p>\n\n\n\n<p>Nivel: 0 (solo preseleccionadas)&nbsp;<\/p>\n\n\n\n<p>horario: 09:00 a 11:00 hrs.<\/p>\n\n\n\n<p>Lugar: Sector entrada casino Colegio Mayor Pe\u00f1alol\u00e9n<\/p>\n\n\n\n<p>Niveles: 1,2,3 y 4 suspendido<\/p>\n\n\n\n<p><strong>Profesor a cargo:<\/strong><\/p>\n\n\n\n<p><strong>Loreto Erazo<\/strong><\/p>\n\n\n\n<p>Competencia nivel 4,5 y 7<\/p>\n\n\n\n<p>Lugar: Sagrados Corazones Alameda.<\/p>\n\n\n\n<p>Citaci\u00f3n: 08:15 hrs.<\/p>\n\n\n\n<p><strong>Profesores a cargo:<\/strong><\/p>\n\n\n\n<p><strong>Millaray Albornoz<\/strong><\/p>\n\n\n\n<p><strong>Yabeth Oblitas<\/strong><\/p>\n\n\n\n<p class=\"has-cyan-bluish-gray-background-color has-background\"><strong>NATACI\u00d3N<\/strong><\/p>\n\n\n\n<p>Entrenamiento<\/p>\n\n\n\n<p>09:00 a 11:00 hrs. Grupo competencia<\/p>\n\n\n\n<p>11:00 a 12:00 hrs. Grupo 1ro a 5to b\u00e1sico<\/p>\n\n\n\n<p>Lugar: Piscina Estadio Mayor<\/p>\n\n\n\n<p><strong>Profesores:<\/strong><\/p>\n\n\n\n<p><strong>Katalina Bravo<\/strong><\/p>\n\n\n\n<p><strong>Mat\u00edas Jaque<\/strong><\/p>\n\n\n\n<p><strong>Sim\u00f3n Fern\u00e1ndez<\/strong><\/p>\n\n\n\n<p class=\"has-cyan-bluish-gray-background-color has-background\"><strong>VOLEIBOL MASCULINO<\/strong><\/p>\n\n\n\n<p>Categor\u00eda Superior<\/p>\n\n\n\n<p>Torneo UC<\/p>\n\n\n\n<p>Rival: Colegio Domingo Matte<\/p>\n\n\n\n<p>citaci\u00f3n: 08:15 hrs.<\/p>\n\n\n\n<p>LUGAR: Domingo Matte<\/p>\n\n\n\n<p>Direcci\u00f3n: Tocornal Grez 440, comuna de Puente Alto.<\/p>\n\n\n\n<p>Categor\u00eda (sub14) (7\u00b0 y 8\u00b0)<\/p>\n\n\n\n<p>Partido amistoso<\/p>\n\n\n\n<p>Rival: Club Excelsior<\/p>\n\n\n\n<p>citaci\u00f3n: 10:30 a 12:30 hrs.<\/p>\n\n\n\n<p>LUGAR: Colegio Mayor Pe\u00f1alol\u00e9n, Foro<\/p>\n\n\n\n<p>Direcci\u00f3n: Av. Valle del Aconcagua 8031.<\/p>\n\n\n\n<p>Categor\u00eda Mini sub 12 (5\u00b0 y 6\u00b0 b\u00e1sicos)<\/p>\n\n\n\n<p>Entrenamiento<\/p>\n\n\n\n<p>citaci\u00f3n: 09:00 a 10:30 hrs.<\/p>\n\n\n\n<p>LUGAR: Colegio Mayor Pe\u00f1alol\u00e9n, Foro<\/p>\n\n\n\n<p>Direcci\u00f3n: Av. Valle del Aconcagua 8031.<\/p>\n\n\n\n<p><strong>Profesores a cargo:<\/strong><\/p>\n\n\n\n<p><strong>Valent\u00edn Tamayo (Superior)<\/strong><\/p>\n\n\n\n<p><strong>Joaquin M\u00e9ndez (Sub14 y sub12)<\/strong><\/p>\n\n\n\n<p class=\"has-cyan-bluish-gray-background-color has-background\"><strong>VOLEIBOL FEMENINO<\/strong><\/p>\n\n\n\n<p>Categor\u00eda Superior<\/p>\n\n\n\n<p>Torneo UC<\/p>\n\n\n\n<p>citaci\u00f3n: 8:15 hrs.<\/p>\n\n\n\n<p>Rival: SS.CC Manquehue<\/p>\n\n\n\n<p>LUGAR: SS.CC Manquehue<\/p>\n\n\n\n<p>Direcci\u00f3n: Padre Damian Deveuster 2215, comuna de Vitacura.<\/p>\n\n\n\n<p>Categor\u00eda Sub14 (a\u00f1os de nacimiento 2011 &#8211; 2012)<\/p>\n\n\n\n<p>Partido Amistoso<\/p>\n\n\n\n<p>citaci\u00f3n: 10:30 hrs.<\/p>\n\n\n\n<p>Rival: Exc\u00e9lsior<\/p>\n\n\n\n<p>LUGAR: Colegio Mayor Pe\u00f1alol\u00e9n, Foro<\/p>\n\n\n\n<p><strong><em>Categor\u00eda Infantil<\/em><\/strong><\/p>\n\n\n\n<p><strong><em>Sin Actividades<\/em><\/strong><\/p>\n\n\n\n<p>Categor\u00eda mini (a\u00f1o nacimiento 2013 &#8211; 2014)<\/p>\n\n\n\n<p>Entrenamiento<\/p>\n\n\n\n<p>citaci\u00f3n: 09:00 hrs.<\/p>\n\n\n\n<p>LUGAR: Colegio Mayor Pe\u00f1alol\u00e9n, Foro<\/p>\n\n\n\n<p><strong>Profesores a cargo:<\/strong><\/p>\n\n\n\n<p><strong>\u2060<\/strong><strong>Pablo Beltr<\/strong><strong>\u00e1<\/strong><strong>n (Superior y Sub14)<\/strong><\/p>\n\n\n\n<p><strong>Joaqu<\/strong><strong>\u00ed<\/strong><strong>n M<\/strong><strong>\u00e9<\/strong><strong>ndez (mini)<\/strong><\/p>\n\n\n\n<p class=\"has-cyan-bluish-gray-background-color has-background\"><strong>Tenis<\/strong><\/p>\n\n\n\n<p>Horario de 9:00 a 13:30 hrs.<\/p>\n\n\n\n<p>Citaci\u00f3n: 09:00 hrs.<\/p>\n\n\n\n<p>Ubicaci\u00f3n: Colegio Nido de \u00c1guilas.<\/p>\n\n\n\n<p>Direcci\u00f3n: Av. El Rodeo #14200, Lo Barnechea.<\/p>\n\n\n\n<p><strong><em>Entrenamientos suspendidos por participaci\u00f3n torneo.<\/em><\/strong><\/p>\n\n\n\n<p><strong>Profesor a cargo:<\/strong><\/p>\n\n\n\n<p><strong>Hernan P\u00e9rez<\/strong><\/p>\n\n\n\n<p class=\"has-cyan-bluish-gray-background-color has-background\"><strong>Cheerleader<\/strong><\/p>\n\n\n\n<p>Entrenamiento Junior y Senior<\/p>\n\n\n\n<p><strong><em>(Campamento interno)<\/em><\/strong><\/p>\n\n\n\n<p>08:00 a 14:00 hrs.<\/p>\n\n\n\n<p>Lugar: Foro, Colegio Mayor Pe\u00f1alol\u00e9n<\/p>\n\n\n\n<p><strong>Profesores:<\/strong><\/p>\n\n\n\n<p><strong>Daniela Acu\u00f1a<\/strong><\/p>\n\n\n\n<p><strong>Ricardo Vergara<\/strong><\/p>\n","protected":false},"excerpt":{"rendered":"<p>ATLETISMO ENCUENTRO MINI KIDS Lugar: Estadio Mayor 1\u00b0-2\u00b0 b\u00e1sico desde las 9:00 hrs. 3\u00b0-4\u00b0 b\u00e1sico desde las 10:30 hrs. Hora de citaci\u00f3n 30 minutos antes de su bloque de participaci\u00f3n.&nbsp;&nbsp;&nbsp;&nbsp;&nbsp;&nbsp;&nbsp;&nbsp;&nbsp;&nbsp;&nbsp;&nbsp;&nbsp;&nbsp;&nbsp;&nbsp;&nbsp;&nbsp;&nbsp;&nbsp;&nbsp;&nbsp;&nbsp;&nbsp;&nbsp;&nbsp;&nbsp;&nbsp;&nbsp;&nbsp;&nbsp;&nbsp;&nbsp;&nbsp;&nbsp;&nbsp;&nbsp;&nbsp;&nbsp;&nbsp;&nbsp;&nbsp;&nbsp;&nbsp;&nbsp;&nbsp;&nbsp;&nbsp;&nbsp;&nbsp;&nbsp;&nbsp;&nbsp;&nbsp;&nbsp;&nbsp;&nbsp;&nbsp;&nbsp;&nbsp;&nbsp;&nbsp;&nbsp;&nbsp;&nbsp;&nbsp;&nbsp;&nbsp;&nbsp;&nbsp;&nbsp;&nbsp;&nbsp;&nbsp;&nbsp;&nbsp;&nbsp;&nbsp;&nbsp;&nbsp;&nbsp;&nbsp;&nbsp;&nbsp;&nbsp;&nbsp;&nbsp;&nbsp;&nbsp;&nbsp;&nbsp;&nbsp;&nbsp;&nbsp;&nbsp;&nbsp;&nbsp;&nbsp;&nbsp;&nbsp;&nbsp;&nbsp;&nbsp;&nbsp;&nbsp;&nbsp;&nbsp;&nbsp;&nbsp;&nbsp;&nbsp;&nbsp;&nbsp;&nbsp;&nbsp;&nbsp;&nbsp;&nbsp;&nbsp;&nbsp;&nbsp;&nbsp;&nbsp;&nbsp;&nbsp;&nbsp;&nbsp;&nbsp;&nbsp;&nbsp;&nbsp;&nbsp;&nbsp;&nbsp;&nbsp;&nbsp;&nbsp;&nbsp;&nbsp;&nbsp;&nbsp;&nbsp;&nbsp;&nbsp;&nbsp;&nbsp;&nbsp;&nbsp;&nbsp;&nbsp;&nbsp;&nbsp;&nbsp;&nbsp;&nbsp; Categor\u00eda Preparatoria e Infantil Entrenamiento 9:00 a 10:30 hrs. Lugar: Patio central, Colegio Mayor Pe\u00f1alol\u00e9n&nbsp;<a href=\"https:\/\/webpe.colegiomayor.cl\/?p=37704\">&hellip;<\/a><\/p>\n","protected":false},"author":9,"featured_media":37705,"comment_status":"closed","ping_status":"closed","sticky":false,"template":"","format":"standard","meta":{"content-type":"","footnotes":""},"categories":[25],"tags":[],"class_list":["post-37704","post","type-post","status-publish","format-standard","has-post-thumbnail","hentry","category-deportes","odd"],"rttpg_featured_image_url":{"full":["https:\/\/webpe.colegiomayor.cl\/wp-content\/uploads\/2025\/05\/9787.jpg",768,510,false],"landscape":["https:\/\/webpe.colegiomayor.cl\/wp-content\/uploads\/2025\/05\/9787.jpg",768,510,false],"portraits":["https:\/\/webpe.colegiomayor.cl\/wp-content\/uploads\/2025\/05\/9787.jpg",768,510,false],"thumbnail":["https:\/\/webpe.colegiomayor.cl\/wp-content\/uploads\/2025\/05\/9787-150x150.jpg",150,150,true],"medium":["https:\/\/webpe.colegiomayor.cl\/wp-content\/uploads\/2025\/05\/9787-300x199.jpg",300,199,true],"large":["https:\/\/webpe.colegiomayor.cl\/wp-content\/uploads\/2025\/05\/9787-768x510.jpg",768,510,true],"1536x1536":["https:\/\/webpe.colegiomayor.cl\/wp-content\/uploads\/2025\/05\/9787-768x510.jpg",768,510,true],"2048x2048":["https:\/\/webpe.colegiomayor.cl\/wp-content\/uploads\/2025\/05\/9787-768x510.jpg",768,510,true],"post-thumbnail":["https:\/\/webpe.colegiomayor.cl\/wp-content\/uploads\/2025\/05\/9787-150x100.jpg",150,100,true],"ed-school-featured-image":["https:\/\/webpe.colegiomayor.cl\/wp-content\/uploads\/2025\/05\/9787-768x500.jpg",768,500,true],"ed-school-medium":["https:\/\/webpe.colegiomayor.cl\/wp-content\/uploads\/2025\/05\/9787-768x510.jpg",768,510,true],"ed-school-medium-alt":["https:\/\/webpe.colegiomayor.cl\/wp-content\/uploads\/2025\/05\/9787-768x410.jpg",768,410,true],"ed-school-square":["https:\/\/webpe.colegiomayor.cl\/wp-content\/uploads\/2025\/05\/9787-768x510.jpg",768,510,true],"ed-school-square-small":["https:\/\/webpe.colegiomayor.cl\/wp-content\/uploads\/2025\/05\/9787-420x420.jpg",420,420,true]},"rttpg_author":{"display_name":"Catherine Le\u00f3n","author_link":"https:\/\/webpe.colegiomayor.cl\/?author=9"},"rttpg_comment":0,"rttpg_category":"<a href=\"https:\/\/webpe.colegiomayor.cl\/?cat=25\" rel=\"category\">DEPORTES<\/a>","rttpg_excerpt":"ATLETISMO ENCUENTRO MINI KIDS Lugar: Estadio Mayor 1\u00b0-2\u00b0 b\u00e1sico desde las 9:00 hrs. 3\u00b0-4\u00b0 b\u00e1sico desde las 10:30 hrs. Hora de citaci\u00f3n 30 minutos antes de su bloque de participaci\u00f3n.&nbsp;&nbsp;&nbsp;&nbsp;&nbsp;&nbsp;&nbsp;&nbsp;&nbsp;&nbsp;&nbsp;&nbsp;&nbsp;&nbsp;&nbsp;&nbsp;&nbsp;&nbsp;&nbsp;&nbsp;&nbsp;&nbsp;&nbsp;&nbsp;&nbsp;&nbsp;&nbsp;&nbsp;&nbsp;&nbsp;&nbsp;&nbsp;&nbsp;&nbsp;&nbsp;&nbsp;&nbsp;&nbsp;&nbsp;&nbsp;&nbsp;&nbsp;&nbsp;&nbsp;&nbsp;&nbsp;&nbsp;&nbsp;&nbsp;&nbsp;&nbsp;&nbsp;&nbsp;&nbsp;&nbsp;&nbsp;&nbsp;&nbsp;&nbsp;&nbsp;&nbsp;&nbsp;&nbsp;&nbsp;&nbsp;&nbsp;&nbsp;&nbsp;&nbsp;&nbsp;&nbsp;&nbsp;&nbsp;&nbsp;&nbsp;&nbsp;&nbsp;&nbsp;&nbsp;&nbsp;&nbsp;&nbsp;&nbsp;&nbsp;&nbsp;&nbsp;&nbsp;&nbsp;&nbsp;&nbsp;&nbsp;&nbsp;&nbsp;&nbsp;&nbsp;&nbsp;&nbsp;&nbsp;&nbsp;&nbsp;&nbsp;&nbsp;&nbsp;&nbsp;&nbsp;&nbsp;&nbsp;&nbsp;&nbsp;&nbsp;&nbsp;&nbsp;&nbsp;&nbsp;&nbsp;&nbsp;&nbsp;&nbsp;&nbsp;&nbsp;&nbsp;&nbsp;&nbsp;&nbsp;&nbsp;&nbsp;&nbsp;&nbsp;&nbsp;&nbsp;&nbsp;&nbsp;&nbsp;&nbsp;&nbsp;&nbsp;&nbsp;&nbsp;&nbsp;&nbsp;&nbsp;&nbsp;&nbsp;&nbsp;&nbsp;&nbsp;&nbsp;&nbsp;&nbsp;&nbsp;&nbsp;&nbsp;&nbsp;&nbsp;&nbsp; Categor\u00eda Preparatoria e Infantil Entrenamiento 9:00 a 10:30 hrs. Lugar: Patio central, Colegio Mayor Pe\u00f1alol\u00e9n&nbsp;&hellip;","_links":{"self":[{"href":"https:\/\/webpe.colegiomayor.cl\/index.php?rest_route=\/wp\/v2\/posts\/37704","targetHints":{"allow":["GET"]}}],"collection":[{"href":"https:\/\/webpe.colegiomayor.cl\/index.php?rest_route=\/wp\/v2\/posts"}],"about":[{"href":"https:\/\/webpe.colegiomayor.cl\/index.php?rest_route=\/wp\/v2\/types\/post"}],"author":[{"embeddable":true,"href":"https:\/\/webpe.colegiomayor.cl\/index.php?rest_route=\/wp\/v2\/users\/9"}],"replies":[{"embeddable":true,"href":"https:\/\/webpe.colegiomayor.cl\/index.php?rest_route=%2Fwp%2Fv2%2Fcomments&post=37704"}],"version-history":[{"count":1,"href":"https:\/\/webpe.colegiomayor.cl\/index.php?rest_route=\/wp\/v2\/posts\/37704\/revisions"}],"predecessor-version":[{"id":37706,"href":"https:\/\/webpe.colegiomayor.cl\/index.php?rest_route=\/wp\/v2\/posts\/37704\/revisions\/37706"}],"wp:featuredmedia":[{"embeddable":true,"href":"https:\/\/webpe.colegiomayor.cl\/index.php?rest_route=\/wp\/v2\/media\/37705"}],"wp:attachment":[{"href":"https:\/\/webpe.colegiomayor.cl\/index.php?rest_route=%2Fwp%2Fv2%2Fmedia&parent=37704"}],"wp:term":[{"taxonomy":"category","embeddable":true,"href":"https:\/\/webpe.colegiomayor.cl\/index.php?rest_route=%2Fwp%2Fv2%2Fcategories&post=37704"},{"taxonomy":"post_tag","embeddable":true,"href":"https:\/\/webpe.colegiomayor.cl\/index.php?rest_route=%2Fwp%2Fv2%2Ftags&post=37704"}],"curies":[{"name":"wp","href":"https:\/\/api.w.org\/{rel}","templated":true}]}}