{"id":37695,"date":"2025-05-12T18:28:21","date_gmt":"2025-05-12T21:28:21","guid":{"rendered":"https:\/\/webpe.colegiomayor.cl\/?p=37695"},"modified":"2025-05-12T18:28:23","modified_gmt":"2025-05-12T21:28:23","slug":"mayor-penalolen-realizo-un-excelente-desempeno-en-el-campeonato-inter-escolar-de-atletismo","status":"publish","type":"post","link":"https:\/\/webpe.colegiomayor.cl\/?p=37695","title":{"rendered":"Mayor Pe\u00f1alol\u00e9n realiz\u00f3 un excelente desempe\u00f1o en el Campeonato Inter Escolar de Atletismo"},"content":{"rendered":"<div class=\"wp-block-image\">\n<figure class=\"aligncenter size-full\"><img loading=\"lazy\" decoding=\"async\" width=\"720\" height=\"960\" src=\"https:\/\/webpe.colegiomayor.cl\/wp-content\/uploads\/2025\/05\/05-12-Noticia-Atletismo.jpeg\" alt=\"\" class=\"wp-image-37696\" srcset=\"https:\/\/webpe.colegiomayor.cl\/wp-content\/uploads\/2025\/05\/05-12-Noticia-Atletismo.jpeg 720w, https:\/\/webpe.colegiomayor.cl\/wp-content\/uploads\/2025\/05\/05-12-Noticia-Atletismo-225x300.jpeg 225w, https:\/\/webpe.colegiomayor.cl\/wp-content\/uploads\/2025\/05\/05-12-Noticia-Atletismo-113x150.jpeg 113w\" sizes=\"auto, (max-width: 720px) 100vw, 720px\" \/><\/figure>\n<\/div>\n\n\n<figure class=\"wp-block-gallery aligncenter has-nested-images columns-default is-cropped wp-block-gallery-1 is-layout-flex wp-block-gallery-is-layout-flex\">\n<figure class=\"wp-block-image size-large\"><img loading=\"lazy\" decoding=\"async\" width=\"1024\" height=\"565\" data-id=\"37698\" src=\"https:\/\/webpe.colegiomayor.cl\/wp-content\/uploads\/2025\/05\/1747063736817-1024x565.jpg\" alt=\"\" class=\"wp-image-37698\" srcset=\"https:\/\/webpe.colegiomayor.cl\/wp-content\/uploads\/2025\/05\/1747063736817-1024x565.jpg 1024w, https:\/\/webpe.colegiomayor.cl\/wp-content\/uploads\/2025\/05\/1747063736817-300x165.jpg 300w, https:\/\/webpe.colegiomayor.cl\/wp-content\/uploads\/2025\/05\/1747063736817-768x424.jpg 768w, https:\/\/webpe.colegiomayor.cl\/wp-content\/uploads\/2025\/05\/1747063736817-150x83.jpg 150w, https:\/\/webpe.colegiomayor.cl\/wp-content\/uploads\/2025\/05\/1747063736817.jpg 1280w\" sizes=\"auto, (max-width: 1024px) 100vw, 1024px\" \/><\/figure>\n<\/figure>\n","protected":false},"excerpt":{"rendered":"","protected":false},"author":9,"featured_media":37697,"comment_status":"closed","ping_status":"closed","sticky":false,"template":"","format":"standard","meta":{"content-type":"","footnotes":""},"categories":[1],"tags":[],"class_list":["post-37695","post","type-post","status-publish","format-standard","has-post-thumbnail","hentry","category-categoria-3","odd"],"rttpg_featured_image_url":{"full":["https:\/\/webpe.colegiomayor.cl\/wp-content\/uploads\/2025\/05\/atletismo.jpg",768,510,false],"landscape":["https:\/\/webpe.colegiomayor.cl\/wp-content\/uploads\/2025\/05\/atletismo.jpg",768,510,false],"portraits":["https:\/\/webpe.colegiomayor.cl\/wp-content\/uploads\/2025\/05\/atletismo.jpg",768,510,false],"thumbnail":["https:\/\/webpe.colegiomayor.cl\/wp-content\/uploads\/2025\/05\/atletismo-150x150.jpg",150,150,true],"medium":["https:\/\/webpe.colegiomayor.cl\/wp-content\/uploads\/2025\/05\/atletismo-300x199.jpg",300,199,true],"large":["https:\/\/webpe.colegiomayor.cl\/wp-content\/uploads\/2025\/05\/atletismo-768x510.jpg",768,510,true],"1536x1536":["https:\/\/webpe.colegiomayor.cl\/wp-content\/uploads\/2025\/05\/atletismo-768x510.jpg",768,510,true],"2048x2048":["https:\/\/webpe.colegiomayor.cl\/wp-content\/uploads\/2025\/05\/atletismo-768x510.jpg",768,510,true],"post-thumbnail":["https:\/\/webpe.colegiomayor.cl\/wp-content\/uploads\/2025\/05\/atletismo-150x100.jpg",150,100,true],"ed-school-featured-image":["https:\/\/webpe.colegiomayor.cl\/wp-content\/uploads\/2025\/05\/atletismo-768x500.jpg",768,500,true],"ed-school-medium":["https:\/\/webpe.colegiomayor.cl\/wp-content\/uploads\/2025\/05\/atletismo-768x510.jpg",768,510,true],"ed-school-medium-alt":["https:\/\/webpe.colegiomayor.cl\/wp-content\/uploads\/2025\/05\/atletismo-768x410.jpg",768,410,true],"ed-school-square":["https:\/\/webpe.colegiomayor.cl\/wp-content\/uploads\/2025\/05\/atletismo-768x510.jpg",768,510,true],"ed-school-square-small":["https:\/\/webpe.colegiomayor.cl\/wp-content\/uploads\/2025\/05\/atletismo-420x420.jpg",420,420,true]},"rttpg_author":{"display_name":"Catherine Le\u00f3n","author_link":"https:\/\/webpe.colegiomayor.cl\/?author=9"},"rttpg_comment":0,"rttpg_category":"<a href=\"https:\/\/webpe.colegiomayor.cl\/?cat=1\" rel=\"category\">NOTICIAS<\/a>","rttpg_excerpt":null,"_links":{"self":[{"href":"https:\/\/webpe.colegiomayor.cl\/index.php?rest_route=\/wp\/v2\/posts\/37695","targetHints":{"allow":["GET"]}}],"collection":[{"href":"https:\/\/webpe.colegiomayor.cl\/index.php?rest_route=\/wp\/v2\/posts"}],"about":[{"href":"https:\/\/webpe.colegiomayor.cl\/index.php?rest_route=\/wp\/v2\/types\/post"}],"author":[{"embeddable":true,"href":"https:\/\/webpe.colegiomayor.cl\/index.php?rest_route=\/wp\/v2\/users\/9"}],"replies":[{"embeddable":true,"href":"https:\/\/webpe.colegiomayor.cl\/index.php?rest_route=%2Fwp%2Fv2%2Fcomments&post=37695"}],"version-history":[{"count":1,"href":"https:\/\/webpe.colegiomayor.cl\/index.php?rest_route=\/wp\/v2\/posts\/37695\/revisions"}],"predecessor-version":[{"id":37699,"href":"https:\/\/webpe.colegiomayor.cl\/index.php?rest_route=\/wp\/v2\/posts\/37695\/revisions\/37699"}],"wp:featuredmedia":[{"embeddable":true,"href":"https:\/\/webpe.colegiomayor.cl\/index.php?rest_route=\/wp\/v2\/media\/37697"}],"wp:attachment":[{"href":"https:\/\/webpe.colegiomayor.cl\/index.php?rest_route=%2Fwp%2Fv2%2Fmedia&parent=37695"}],"wp:term":[{"taxonomy":"category","embeddable":true,"href":"https:\/\/webpe.colegiomayor.cl\/index.php?rest_route=%2Fwp%2Fv2%2Fcategories&post=37695"},{"taxonomy":"post_tag","embeddable":true,"href":"https:\/\/webpe.colegiomayor.cl\/index.php?rest_route=%2Fwp%2Fv2%2Ftags&post=37695"}],"curies":[{"name":"wp","href":"https:\/\/api.w.org\/{rel}","templated":true}]}}