{"id":37673,"date":"2025-05-08T21:26:01","date_gmt":"2025-05-09T00:26:01","guid":{"rendered":"https:\/\/webpe.colegiomayor.cl\/?p=37673"},"modified":"2025-05-08T21:26:03","modified_gmt":"2025-05-09T00:26:03","slug":"actividades-deportivas-sabado-10-de-mayo","status":"publish","type":"post","link":"https:\/\/webpe.colegiomayor.cl\/?p=37673","title":{"rendered":"Actividades Deportivas  &#8211;  S\u00e1bado 10 de Mayo"},"content":{"rendered":"\n<p class=\"has-cyan-bluish-gray-background-color has-background\"><strong>ATLETISMO<\/strong><\/p>\n\n\n\n<p class=\"has-text-align-left\">Torneo Interescolar Mixto Preparatorio\u00a0\u00a0\u00a0\u00a0\u00a0\u00a0\u00a0\u00a0\u00a0\u00a0\u00a0\u00a0\u00a0\u00a0\u00a0\u00a0\u00a0\u00a0\u00a0\u00a0\u00a0\u00a0\u00a0\u00a0\u00a0\u00a0\u00a0\u00a0\u00a0\u00a0\u00a0\u00a0\u00a0\u00a0\u00a0\u00a0\u00a0\u00a0\u00a0\u00a0\u00a0\u00a0\u00a0\u00a0\u00a0\u00a0\u00a0\u00a0\u00a0\u00a0\u00a0\u00a0\u00a0\u00a0\u00a0\u00a0\u00a0\u00a0\u00a0\u00a0\u00a0\u00a0\u00a0\u00a0\u00a0\u00a0\u00a0\u00a0\u00a0\u00a0\u00a0\u00a0\u00a0\u00a0\u00a0\u00a0\u00a0\u00a0\u00a0\u00a0\u00a0\u00a0\u00a0\u00a0\u00a0\u00a0\u00a0\u00a0\u00a0\u00a0\u00a0\u00a0\u00a0\u00a0\u00a0\u00a0\u00a0\u00a0\u00a0\u00a0\u00a0\u00a0\u00a0\u00a0\u00a0\u00a0\u00a0\u00a0\u00a0\u00a0\u00a0\u00a0\u00a0\u00a0\u00a0\u00a0\u00a0\u00a0\u00a0\u00a0\u00a0\u00a0\u00a0\u00a0\u00a0\u00a0\u00a0\u00a0\u00a0\u00a0\u00a0\u00a0\u00a0\u00a0\u00a0\u00a0\u00a0\u00a0\u00a0\u00a0 Horarios:\u00a0\u00a0Viernes 9 de mayo desde las 14:00 a 18:30 hrs.\u00a0\u00a0\u00a0\u00a0\u00a0\u00a0\u00a0\u00a0\u00a0\u00a0\u00a0\u00a0\u00a0\u00a0\u00a0\u00a0\u00a0\u00a0\u00a0\u00a0\u00a0\u00a0\u00a0\u00a0\u00a0\u00a0\u00a0\u00a0\u00a0\u00a0\u00a0\u00a0\u00a0\u00a0\u00a0\u00a0\u00a0\u00a0\u00a0\u00a0\u00a0\u00a0\u00a0\u00a0\u00a0\u00a0\u00a0\u00a0\u00a0\u00a0\u00a0\u00a0\u00a0\u00a0\u00a0\u00a0\u00a0\u00a0\u00a0\u00a0\u00a0 \u00a0\u00a0\u00a0\u00a0\u00a0\u00a0\u00a0\u00a0\u00a0\u00a0\u00a0\u00a0\u00a0\u00a0\u00a0\u00a0S\u00e1bado 10 de mayo desde 8:30 a 18:30 hrs.\u00a0\u00a0\u00a0\u00a0\u00a0\u00a0&#8211; Domingo 11 de mayo desde 9:00 a 18:00 hrs.<\/p>\n\n\n\n<p>Lugar: Estadio Nacional<\/p>\n\n\n\n<p><strong>Profesores a cargo:<\/strong> <strong>Claudio Ulloa<\/strong> &#8211;<strong>Mario G\u00f3mez<\/strong> &#8211;<strong>\u00darsula Rebolledo<\/strong> &#8211;<strong>Carlos Soto<\/strong>\u00a0\u00a0\u00a0\u00a0\u00a0<\/p>\n\n\n\n<p>\u00a0Entrenamiento : Viernes &#8211; 14:30 a 16:00<\/p>\n\n\n\n<p>Categor\u00eda preparatoria- Infantil<\/p>\n\n\n\n<p>15:30 a 17:30 hrs. Intermedia &#8211; Superior<\/p>\n\n\n\n<p>\u00a0<strong>Profesor a cargo:<\/strong> <strong>Mario G\u00f3mez<\/strong> &#8211; <strong>Claudio Ulloa<\/strong><\/p>\n\n\n\n<p><strong>S\u00e1bado<\/strong><\/p>\n\n\n\n<p>09:00 a 10:30 hrs. \/Categor\u00eda preparatoria- Infantil<\/p>\n\n\n\n<p>10:30 a 12:00 hrs. \/Intermedia &#8211; Superior<\/p>\n\n\n\n<p><strong>Profesor a cargo:<\/strong> <strong>\u00darsula Rebolledo<\/strong><\/p>\n\n\n\n<p class=\"has-cyan-bluish-gray-background-color has-background\"><strong>B\u00c1SQUETBOL<\/strong><\/p>\n\n\n\n<p>Torneo UC<\/p>\n\n\n\n<p>Rival: Terra Austral Oeste<\/p>\n\n\n\n<p>Gimnasio: San Agust\u00edn<\/p>\n\n\n\n<p>Ubicaci\u00f3n: Duble Almeyda 4950, comuna de \u00d1u\u00f1oa.<\/p>\n\n\n\n<p>Hora de partido:<\/p>\n\n\n\n<p>Intermedia 11:30<\/p>\n\n\n\n<p>Superior 12:30<\/p>\n\n\n\n<p>Presentarse 30 min antes. de la hora de partido.<\/p>\n\n\n\n<p><strong>Profesor a cargo:<\/strong> <strong>Nicol\u00e1s Ortiz<\/strong><\/p>\n\n\n\n<p>Series Mini e infantil &#8211; Sin Actividades<\/p>\n\n\n\n<p class=\"has-white-background-color has-background\"><strong>Torneo Liforbasket<\/strong><\/p>\n\n\n\n<p>Mini primer a\u00f1o<\/p>\n\n\n\n<p>Colegio Mayor Pe\u00f1alol\u00e9n vs Estadio Croata<\/p>\n\n\n\n<p>Horario partido: 12:00 hrs.<\/p>\n\n\n\n<p>Horario citaci\u00f3n: 11:30 hrs.<\/p>\n\n\n\n<p>Presentarse 30 min antes. de la hora de partido.<\/p>\n\n\n\n<p>Lugar: Colegio San Ignacio El Bosque.<\/p>\n\n\n\n<p>Direcci\u00f3n Avenida Pocuro 2801, comuna de Providencia.<\/p>\n\n\n\n<p><strong>Profesor a cargo:<\/strong> <strong>Carlos Cerecera<\/strong><\/p>\n\n\n\n<p class=\"has-cyan-bluish-gray-background-color has-background\"><strong>F\u00daTBOL<\/strong><\/p>\n\n\n\n<p>Torneo UC<\/p>\n\n\n\n<p>Rival: Colegio Tabancura  &#8211; Lugar: Colegio Tabancura<\/p>\n\n\n\n<p>INTERMEDIA<\/p>\n\n\n\n<p>Citaci\u00f3n: 9:15 hrs.<\/p>\n\n\n\n<p>Partido: 10:00 hrs.<\/p>\n\n\n\n<p>SUPERIOR<\/p>\n\n\n\n<p>citaci\u00f3n 10:00 hrs.<\/p>\n\n\n\n<p>Partido 11:30 hrs.<\/p>\n\n\n\n<p><strong>Profesores a cargo:<\/strong> <strong>Pablo S\u00e1nchez<\/strong> &#8211; <strong>Edgard Vargas<\/strong><\/p>\n\n\n\n<p>Series Mini e Infantil   &#8211; Sin Actividades<\/p>\n\n\n\n<p class=\"has-cyan-bluish-gray-background-color has-background\"><strong>GIMNASIA ART\u00cdSTICA<\/strong><\/p>\n\n\n\n<p>Entrenamiento<\/p>\n\n\n\n<p>Nivel: 0<\/p>\n\n\n\n<p>09:00 a 10:30 hrs.<\/p>\n\n\n\n<p>Niveles: 0 (seleccionadas para competencia), 1 y 2<\/p>\n\n\n\n<p>09:00 a 12:00 hrs.<\/p>\n\n\n\n<p>Lugar: Carpeta<\/p>\n\n\n\n<p><strong>Profesora a cargo:<\/strong> <strong>Loreto Erazo<\/strong><\/p>\n\n\n\n<p>Competencia nivel 3<\/p>\n\n\n\n<p>Lugar: Colegio Carmen Teresiano.<\/p>\n\n\n\n<p>Citaci\u00f3n: 13:30 hrs.<\/p>\n\n\n\n<p><strong>Profesoras a cargo:<\/strong> <strong>Millaray Albornoz<\/strong> &#8211; <strong>Yabeth Oblitas<\/strong><\/p>\n\n\n\n<p class=\"has-cyan-bluish-gray-background-color has-background\"><strong>NATACI\u00d3N<\/strong><\/p>\n\n\n\n<p>Entrenamiento Normal<\/p>\n\n\n\n<p>09:00 a 11:00 hrs. Grupo competencia<\/p>\n\n\n\n<p>11:00 a 12:00 hrs. Grupo 1ro a 5to b\u00e1sico<\/p>\n\n\n\n<p>Lugar: Piscina Estadio Mayor<\/p>\n\n\n\n<p><strong>Profesores:<\/strong> <strong>Katalina Bravo<\/strong> &#8211; <strong>Nicol\u00e1s Fr\u00edas<\/strong><\/p>\n\n\n\n<p class=\"has-white-background-color has-background\"><strong>Competencia Copa Chile 3<\/strong><\/p>\n\n\n\n<p><strong>Viernes 9<\/strong><\/p>\n\n\n\n<p>Jornada 07:30 hrs.<\/p>\n\n\n\n<p>Jornada 14:30 hrs.<\/p>\n\n\n\n<p><strong>S\u00e1bado 10<\/strong><\/p>\n\n\n\n<p>Jornada 07:30 hrs.<\/p>\n\n\n\n<p>Jornada 14:30 hrs.<\/p>\n\n\n\n<p><strong>Domingo 11<\/strong><\/p>\n\n\n\n<p>Jornada 07:30 hrs.<\/p>\n\n\n\n<p><strong>Profesores:<\/strong> <strong>Mat\u00edas Jaque<\/strong> &#8211; <strong>Sim\u00f3n Fern\u00e1ndez<\/strong><\/p>\n\n\n\n<p class=\"has-cyan-bluish-gray-background-color has-background\"><strong>VOLEIBOL MASCULINO<\/strong><\/p>\n\n\n\n<p>Categor\u00eda Superior<\/p>\n\n\n\n<p>Rival: Colegio St. Morus<\/p>\n\n\n\n<p>Citaci\u00f3n: 10:00 hrs.<\/p>\n\n\n\n<p>Lugar: SSCC Manquehue<\/p>\n\n\n\n<p>Direcci\u00f3n: Padre Damian de Veuster #2215<\/p>\n\n\n\n<p>Categor\u00eda Infantil (sub14)<\/p>\n\n\n\n<p>Hexagonal amistoso<\/p>\n\n\n\n<p>Citaci\u00f3n: 09:00 a 13:00 hrs.<\/p>\n\n\n\n<p>Lugar: Foro, Colegio Mayor Pe\u00f1alol\u00e9n<\/p>\n\n\n\n<p>Direcci\u00f3n: Av. Valle Aconcagua 8031, Pe\u00f1alol\u00e9n.<\/p>\n\n\n\n<p>Categor\u00eda Mini &#8211; Sin Actividades<\/p>\n\n\n\n<p><strong>Profesores a cargo:<\/strong> <strong>Valent\u00edn Tamayo (Superior)<\/strong> &#8211;  <strong>\u2060Joaqu\u00edn M\u00e9ndez (Sub14)<\/strong><\/p>\n\n\n\n<p class=\"has-cyan-bluish-gray-background-color has-background\"><strong>VOLEIBOL FEMENINO<\/strong><\/p>\n\n\n\n<p>Categor\u00eda Superior &#8211; Sin Actividades<\/p>\n\n\n\n<p>Categor\u00eda Infantil &#8211; Sin Actividades<\/p>\n\n\n\n<p>Categor\u00eda Mini &#8211; Partido Amistoso<\/p>\n\n\n\n<p>Citaci\u00f3n: 8:30 horas.<\/p>\n\n\n\n<p>Rival: Lincoln Chicureo<\/p>\n\n\n\n<p>Lugar: Foro, Colegio Mayor Pe\u00f1alol\u00e9n<\/p>\n\n\n\n<p>Direcci\u00f3n: Av. Valle Aconcagua 8031, Pe\u00f1alolen.<\/p>\n\n\n\n<p><strong>Profesores a cargo:<\/strong> <strong>Pablo Beltr\u00e1n<\/strong><\/p>\n\n\n\n<p class=\"has-cyan-bluish-gray-background-color has-background\"><strong>Tenis<\/strong><\/p>\n\n\n\n<p>Entrenamiento&nbsp;<\/p>\n\n\n\n<p>Lugar: canchas de tenis<\/p>\n\n\n\n<p>Primer grupo infantil de 09:00 a 10:30 hrs.<\/p>\n\n\n\n<p>Segundo grupo Intermedia de 10:30 a 12:00 hrs.<\/p>\n\n\n\n<p><strong>Profesor a cargo:<\/strong> <strong>Hern\u00e1n P\u00e9rez<\/strong><\/p>\n\n\n\n<p class=\"has-cyan-bluish-gray-background-color has-background\"><strong>Cheerleader<\/strong><\/p>\n\n\n\n<p>Entrenamiento<\/p>\n\n\n\n<p>Junior &#8211; Senior<\/p>\n\n\n\n<p>08:45 a 10:45 hrs.<\/p>\n\n\n\n<p>Lugar: Foro, Colegio Mayor Pe\u00f1alol\u00e9n<\/p>\n\n\n\n<p>Reuni\u00f3n de Apoderados  de Cheerleader<\/p>\n\n\n\n<p>10:50 hrs.<\/p>\n\n\n\n<p>Lugar: Auditorio<\/p>\n\n\n\n<p><strong>Profesores:<\/strong> <strong>Daniela Acu\u00f1a<\/strong> &#8211; <strong>Ricardo Vergara<\/strong> &#8211; <strong>Ra\u00fal Briones (Reuni\u00f3n)<\/strong><\/p>\n","protected":false},"excerpt":{"rendered":"<p>ATLETISMO Torneo Interescolar Mixto Preparatorio\u00a0\u00a0\u00a0\u00a0\u00a0\u00a0\u00a0\u00a0\u00a0\u00a0\u00a0\u00a0\u00a0\u00a0\u00a0\u00a0\u00a0\u00a0\u00a0\u00a0\u00a0\u00a0\u00a0\u00a0\u00a0\u00a0\u00a0\u00a0\u00a0\u00a0\u00a0\u00a0\u00a0\u00a0\u00a0\u00a0\u00a0\u00a0\u00a0\u00a0\u00a0\u00a0\u00a0\u00a0\u00a0\u00a0\u00a0\u00a0\u00a0\u00a0\u00a0\u00a0\u00a0\u00a0\u00a0\u00a0\u00a0\u00a0\u00a0\u00a0\u00a0\u00a0\u00a0\u00a0\u00a0\u00a0\u00a0\u00a0\u00a0\u00a0\u00a0\u00a0\u00a0\u00a0\u00a0\u00a0\u00a0\u00a0\u00a0\u00a0\u00a0\u00a0\u00a0\u00a0\u00a0\u00a0\u00a0\u00a0\u00a0\u00a0\u00a0\u00a0\u00a0\u00a0\u00a0\u00a0\u00a0\u00a0\u00a0\u00a0\u00a0\u00a0\u00a0\u00a0\u00a0\u00a0\u00a0\u00a0\u00a0\u00a0\u00a0\u00a0\u00a0\u00a0\u00a0\u00a0\u00a0\u00a0\u00a0\u00a0\u00a0\u00a0\u00a0\u00a0\u00a0\u00a0\u00a0\u00a0\u00a0\u00a0\u00a0\u00a0\u00a0\u00a0\u00a0\u00a0\u00a0\u00a0\u00a0\u00a0 Horarios:\u00a0\u00a0Viernes 9 de mayo desde las 14:00 a 18:30 hrs.\u00a0\u00a0\u00a0\u00a0\u00a0\u00a0\u00a0\u00a0\u00a0\u00a0\u00a0\u00a0\u00a0\u00a0\u00a0\u00a0\u00a0\u00a0\u00a0\u00a0\u00a0\u00a0\u00a0\u00a0\u00a0\u00a0\u00a0\u00a0\u00a0\u00a0\u00a0\u00a0\u00a0\u00a0\u00a0\u00a0\u00a0\u00a0\u00a0\u00a0\u00a0\u00a0\u00a0\u00a0\u00a0\u00a0\u00a0\u00a0\u00a0\u00a0\u00a0\u00a0\u00a0\u00a0\u00a0\u00a0\u00a0\u00a0\u00a0\u00a0\u00a0 \u00a0\u00a0\u00a0\u00a0\u00a0\u00a0\u00a0\u00a0\u00a0\u00a0\u00a0\u00a0\u00a0\u00a0\u00a0\u00a0S\u00e1bado 10 de mayo desde 8:30 a 18:30 hrs.\u00a0\u00a0\u00a0\u00a0\u00a0\u00a0&#8211; Domingo 11 de mayo desde 9:00 a 18:00 hrs. Lugar: Estadio Nacional Profesores a cargo: Claudio Ulloa &#8211;Mario G\u00f3mez &#8211;\u00darsula Rebolledo&nbsp;<a href=\"https:\/\/webpe.colegiomayor.cl\/?p=37673\">&hellip;<\/a><\/p>\n","protected":false},"author":9,"featured_media":37636,"comment_status":"closed","ping_status":"closed","sticky":false,"template":"","format":"standard","meta":{"content-type":"","footnotes":""},"categories":[1],"tags":[],"class_list":["post-37673","post","type-post","status-publish","format-standard","has-post-thumbnail","hentry","category-categoria-3","odd"],"rttpg_featured_image_url":{"full":["https:\/\/webpe.colegiomayor.cl\/wp-content\/uploads\/2025\/04\/9787.jpg",768,510,false],"landscape":["https:\/\/webpe.colegiomayor.cl\/wp-content\/uploads\/2025\/04\/9787.jpg",768,510,false],"portraits":["https:\/\/webpe.colegiomayor.cl\/wp-content\/uploads\/2025\/04\/9787.jpg",768,510,false],"thumbnail":["https:\/\/webpe.colegiomayor.cl\/wp-content\/uploads\/2025\/04\/9787-150x150.jpg",150,150,true],"medium":["https:\/\/webpe.colegiomayor.cl\/wp-content\/uploads\/2025\/04\/9787-300x199.jpg",300,199,true],"large":["https:\/\/webpe.colegiomayor.cl\/wp-content\/uploads\/2025\/04\/9787-768x510.jpg",768,510,true],"1536x1536":["https:\/\/webpe.colegiomayor.cl\/wp-content\/uploads\/2025\/04\/9787-768x510.jpg",768,510,true],"2048x2048":["https:\/\/webpe.colegiomayor.cl\/wp-content\/uploads\/2025\/04\/9787-768x510.jpg",768,510,true],"post-thumbnail":["https:\/\/webpe.colegiomayor.cl\/wp-content\/uploads\/2025\/04\/9787-150x100.jpg",150,100,true],"ed-school-featured-image":["https:\/\/webpe.colegiomayor.cl\/wp-content\/uploads\/2025\/04\/9787-768x500.jpg",768,500,true],"ed-school-medium":["https:\/\/webpe.colegiomayor.cl\/wp-content\/uploads\/2025\/04\/9787-768x510.jpg",768,510,true],"ed-school-medium-alt":["https:\/\/webpe.colegiomayor.cl\/wp-content\/uploads\/2025\/04\/9787-768x410.jpg",768,410,true],"ed-school-square":["https:\/\/webpe.colegiomayor.cl\/wp-content\/uploads\/2025\/04\/9787-768x510.jpg",768,510,true],"ed-school-square-small":["https:\/\/webpe.colegiomayor.cl\/wp-content\/uploads\/2025\/04\/9787-420x420.jpg",420,420,true]},"rttpg_author":{"display_name":"Catherine Le\u00f3n","author_link":"https:\/\/webpe.colegiomayor.cl\/?author=9"},"rttpg_comment":0,"rttpg_category":"<a href=\"https:\/\/webpe.colegiomayor.cl\/?cat=1\" rel=\"category\">NOTICIAS<\/a>","rttpg_excerpt":"ATLETISMO Torneo Interescolar Mixto Preparatorio\u00a0\u00a0\u00a0\u00a0\u00a0\u00a0\u00a0\u00a0\u00a0\u00a0\u00a0\u00a0\u00a0\u00a0\u00a0\u00a0\u00a0\u00a0\u00a0\u00a0\u00a0\u00a0\u00a0\u00a0\u00a0\u00a0\u00a0\u00a0\u00a0\u00a0\u00a0\u00a0\u00a0\u00a0\u00a0\u00a0\u00a0\u00a0\u00a0\u00a0\u00a0\u00a0\u00a0\u00a0\u00a0\u00a0\u00a0\u00a0\u00a0\u00a0\u00a0\u00a0\u00a0\u00a0\u00a0\u00a0\u00a0\u00a0\u00a0\u00a0\u00a0\u00a0\u00a0\u00a0\u00a0\u00a0\u00a0\u00a0\u00a0\u00a0\u00a0\u00a0\u00a0\u00a0\u00a0\u00a0\u00a0\u00a0\u00a0\u00a0\u00a0\u00a0\u00a0\u00a0\u00a0\u00a0\u00a0\u00a0\u00a0\u00a0\u00a0\u00a0\u00a0\u00a0\u00a0\u00a0\u00a0\u00a0\u00a0\u00a0\u00a0\u00a0\u00a0\u00a0\u00a0\u00a0\u00a0\u00a0\u00a0\u00a0\u00a0\u00a0\u00a0\u00a0\u00a0\u00a0\u00a0\u00a0\u00a0\u00a0\u00a0\u00a0\u00a0\u00a0\u00a0\u00a0\u00a0\u00a0\u00a0\u00a0\u00a0\u00a0\u00a0\u00a0\u00a0\u00a0\u00a0\u00a0\u00a0\u00a0 Horarios:\u00a0\u00a0Viernes 9 de mayo desde las 14:00 a 18:30 hrs.\u00a0\u00a0\u00a0\u00a0\u00a0\u00a0\u00a0\u00a0\u00a0\u00a0\u00a0\u00a0\u00a0\u00a0\u00a0\u00a0\u00a0\u00a0\u00a0\u00a0\u00a0\u00a0\u00a0\u00a0\u00a0\u00a0\u00a0\u00a0\u00a0\u00a0\u00a0\u00a0\u00a0\u00a0\u00a0\u00a0\u00a0\u00a0\u00a0\u00a0\u00a0\u00a0\u00a0\u00a0\u00a0\u00a0\u00a0\u00a0\u00a0\u00a0\u00a0\u00a0\u00a0\u00a0\u00a0\u00a0\u00a0\u00a0\u00a0\u00a0\u00a0 \u00a0\u00a0\u00a0\u00a0\u00a0\u00a0\u00a0\u00a0\u00a0\u00a0\u00a0\u00a0\u00a0\u00a0\u00a0\u00a0S\u00e1bado 10 de mayo desde 8:30 a 18:30 hrs.\u00a0\u00a0\u00a0\u00a0\u00a0\u00a0&#8211; Domingo 11 de mayo desde 9:00 a 18:00 hrs. Lugar: Estadio Nacional Profesores a cargo: Claudio Ulloa &#8211;Mario G\u00f3mez &#8211;\u00darsula Rebolledo&nbsp;&hellip;","_links":{"self":[{"href":"https:\/\/webpe.colegiomayor.cl\/index.php?rest_route=\/wp\/v2\/posts\/37673","targetHints":{"allow":["GET"]}}],"collection":[{"href":"https:\/\/webpe.colegiomayor.cl\/index.php?rest_route=\/wp\/v2\/posts"}],"about":[{"href":"https:\/\/webpe.colegiomayor.cl\/index.php?rest_route=\/wp\/v2\/types\/post"}],"author":[{"embeddable":true,"href":"https:\/\/webpe.colegiomayor.cl\/index.php?rest_route=\/wp\/v2\/users\/9"}],"replies":[{"embeddable":true,"href":"https:\/\/webpe.colegiomayor.cl\/index.php?rest_route=%2Fwp%2Fv2%2Fcomments&post=37673"}],"version-history":[{"count":1,"href":"https:\/\/webpe.colegiomayor.cl\/index.php?rest_route=\/wp\/v2\/posts\/37673\/revisions"}],"predecessor-version":[{"id":37674,"href":"https:\/\/webpe.colegiomayor.cl\/index.php?rest_route=\/wp\/v2\/posts\/37673\/revisions\/37674"}],"wp:featuredmedia":[{"embeddable":true,"href":"https:\/\/webpe.colegiomayor.cl\/index.php?rest_route=\/wp\/v2\/media\/37636"}],"wp:attachment":[{"href":"https:\/\/webpe.colegiomayor.cl\/index.php?rest_route=%2Fwp%2Fv2%2Fmedia&parent=37673"}],"wp:term":[{"taxonomy":"category","embeddable":true,"href":"https:\/\/webpe.colegiomayor.cl\/index.php?rest_route=%2Fwp%2Fv2%2Fcategories&post=37673"},{"taxonomy":"post_tag","embeddable":true,"href":"https:\/\/webpe.colegiomayor.cl\/index.php?rest_route=%2Fwp%2Fv2%2Ftags&post=37673"}],"curies":[{"name":"wp","href":"https:\/\/api.w.org\/{rel}","templated":true}]}}