{"id":37664,"date":"2025-05-07T20:57:19","date_gmt":"2025-05-07T23:57:19","guid":{"rendered":"https:\/\/webpe.colegiomayor.cl\/?p=37664"},"modified":"2025-05-08T21:04:15","modified_gmt":"2025-05-09T00:04:15","slug":"colegio-mayor-penalolen-celebro-el-dia-de-la-convivencia-escolar","status":"publish","type":"post","link":"https:\/\/webpe.colegiomayor.cl\/?p=37664","title":{"rendered":"Colegio Mayor Pe\u00f1alol\u00e9n celebr\u00f3 el D\u00eda de la Convivencia Escolar"},"content":{"rendered":"\n<p class=\"has-text-align-center\"><em><strong>El d\u00eda mi\u00e9rcoles 30 de mayo se llev\u00f3 a cabo la celebraci\u00f3n del d\u00eda de la convivencia escolar, donde este a\u00f1o tuvo como objetivo fortalecer los alzos entre todos los miembros de la comunidad educativa. <\/strong><\/em><\/p>\n\n\n\n<p>Durante esta significativa fecha, docentes, asistentes, auxiliares, directivos, secretarias y todos quienes forman parte del colegio, participaron con entusiasmo en la creaci\u00f3n de un video especial para motivar a los estudiantes a mantener una sana y respetuosa convivencia en su d\u00eda a d\u00eda.<\/p>\n\n\n\n<figure class=\"wp-block-gallery has-nested-images columns-default is-cropped wp-block-gallery-1 is-layout-flex wp-block-gallery-is-layout-flex\">\n<figure class=\"wp-block-image size-large\"><img loading=\"lazy\" decoding=\"async\" width=\"680\" height=\"510\" data-id=\"37670\" src=\"https:\/\/webpe.colegiomayor.cl\/wp-content\/uploads\/2025\/05\/conv2025-edited.jpeg\" alt=\"\" class=\"wp-image-37670\" srcset=\"https:\/\/webpe.colegiomayor.cl\/wp-content\/uploads\/2025\/05\/conv2025-edited.jpeg 680w, https:\/\/webpe.colegiomayor.cl\/wp-content\/uploads\/2025\/05\/conv2025-edited-300x225.jpeg 300w, https:\/\/webpe.colegiomayor.cl\/wp-content\/uploads\/2025\/05\/conv2025-edited-150x113.jpeg 150w\" sizes=\"auto, (max-width: 680px) 100vw, 680px\" \/><\/figure>\n\n\n\n<figure class=\"wp-block-image size-large\"><img loading=\"lazy\" decoding=\"async\" width=\"576\" height=\"1024\" data-id=\"37666\" src=\"https:\/\/webpe.colegiomayor.cl\/wp-content\/uploads\/2025\/05\/WhatsApp-Image-2025-05-07-at-10.19.29-1-rotated-576x1024.jpeg\" alt=\"\" class=\"wp-image-37666\" srcset=\"https:\/\/webpe.colegiomayor.cl\/wp-content\/uploads\/2025\/05\/WhatsApp-Image-2025-05-07-at-10.19.29-1-rotated-576x1024.jpeg 576w, https:\/\/webpe.colegiomayor.cl\/wp-content\/uploads\/2025\/05\/WhatsApp-Image-2025-05-07-at-10.19.29-1-rotated-169x300.jpeg 169w, https:\/\/webpe.colegiomayor.cl\/wp-content\/uploads\/2025\/05\/WhatsApp-Image-2025-05-07-at-10.19.29-1-rotated.jpeg 900w\" sizes=\"auto, (max-width: 576px) 100vw, 576px\" \/><\/figure>\n\n\n\n<figure class=\"wp-block-image size-large\"><img loading=\"lazy\" decoding=\"async\" width=\"576\" height=\"1024\" data-id=\"37667\" src=\"https:\/\/webpe.colegiomayor.cl\/wp-content\/uploads\/2025\/05\/WhatsApp-Image-2025-05-07-at-10.19.29-2-rotated-576x1024.jpeg\" alt=\"\" class=\"wp-image-37667\" srcset=\"https:\/\/webpe.colegiomayor.cl\/wp-content\/uploads\/2025\/05\/WhatsApp-Image-2025-05-07-at-10.19.29-2-rotated-576x1024.jpeg 576w, https:\/\/webpe.colegiomayor.cl\/wp-content\/uploads\/2025\/05\/WhatsApp-Image-2025-05-07-at-10.19.29-2-rotated-169x300.jpeg 169w, https:\/\/webpe.colegiomayor.cl\/wp-content\/uploads\/2025\/05\/WhatsApp-Image-2025-05-07-at-10.19.29-2-rotated.jpeg 900w\" sizes=\"auto, (max-width: 576px) 100vw, 576px\" \/><\/figure>\n\n\n\n<figure class=\"wp-block-image size-large\"><img loading=\"lazy\" decoding=\"async\" width=\"576\" height=\"1024\" data-id=\"37668\" src=\"https:\/\/webpe.colegiomayor.cl\/wp-content\/uploads\/2025\/05\/WhatsApp-Image-2025-05-07-at-10.19.29-3-rotated-576x1024.jpeg\" alt=\"\" class=\"wp-image-37668\" srcset=\"https:\/\/webpe.colegiomayor.cl\/wp-content\/uploads\/2025\/05\/WhatsApp-Image-2025-05-07-at-10.19.29-3-rotated-576x1024.jpeg 576w, https:\/\/webpe.colegiomayor.cl\/wp-content\/uploads\/2025\/05\/WhatsApp-Image-2025-05-07-at-10.19.29-3-rotated-169x300.jpeg 169w, https:\/\/webpe.colegiomayor.cl\/wp-content\/uploads\/2025\/05\/WhatsApp-Image-2025-05-07-at-10.19.29-3-rotated.jpeg 900w\" sizes=\"auto, (max-width: 576px) 100vw, 576px\" \/><\/figure>\n\n\n\n<figure class=\"wp-block-image size-large\"><img loading=\"lazy\" decoding=\"async\" width=\"1024\" height=\"768\" data-id=\"37669\" src=\"https:\/\/webpe.colegiomayor.cl\/wp-content\/uploads\/2025\/05\/WhatsApp-Image-2025-05-06-at-14.12.21-1024x768.jpeg\" alt=\"\" class=\"wp-image-37669\" srcset=\"https:\/\/webpe.colegiomayor.cl\/wp-content\/uploads\/2025\/05\/WhatsApp-Image-2025-05-06-at-14.12.21-1024x768.jpeg 1024w, https:\/\/webpe.colegiomayor.cl\/wp-content\/uploads\/2025\/05\/WhatsApp-Image-2025-05-06-at-14.12.21-300x225.jpeg 300w, https:\/\/webpe.colegiomayor.cl\/wp-content\/uploads\/2025\/05\/WhatsApp-Image-2025-05-06-at-14.12.21.jpeg 1600w\" sizes=\"auto, (max-width: 1024px) 100vw, 1024px\" \/><\/figure>\n<\/figure>\n\n\n\n<p>Esta celebraci\u00f3n fue el cierre de una semana marcada por la reflexi\u00f3n y el compromiso. En el espacio de la Ruta para el Aprendizaje, se llevaron a cabo actividades orientadas a dialogar sobre la importancia de una buena convivencia escolar, fomentando la empat\u00eda, el respeto y el trabajo colaborativo entre estudiantes.<\/p>\n\n\n\n<p>La jornada del mi\u00e9rcoles culmin\u00f3 con la elaboraci\u00f3n de una guirnalda de compromisos, donde cada curso expres\u00f3, a trav\u00e9s de mensajes simb\u00f3licos, su compromiso personal y colectivo con una convivencia basada en el respeto, el buen trato y la inclusi\u00f3n.<\/p>\n\n\n\n<p class=\"has-text-align-right\"><strong>\u201c<em>Agradecemos profundamente el compromiso de toda la comunidad educativa y de las familias, quienes hicieron posible esta significativa instancia de reflexi\u00f3n y construcci\u00f3n conjunta.<\/em><\/strong><\/p>\n\n\n\n<p class=\"has-text-align-right\"><strong><em>\u00a1Seguimos construyendo juntos un colegio donde todos y todas puedan convivir en armon\u00eda<\/em><\/strong><strong>!\u201d.<\/strong> Fabi\u00e1n P\u00e9rez Navarro, Orientador, Colegio Mayor Pe\u00f1alol\u00e9n. &nbsp;<\/p>\n\n\n\n<p><\/p>\n","protected":false},"excerpt":{"rendered":"<p>El d\u00eda mi\u00e9rcoles 30 de mayo se llev\u00f3 a cabo la celebraci\u00f3n del d\u00eda de la convivencia escolar, donde este a\u00f1o tuvo como objetivo fortalecer los alzos entre todos los miembros de la comunidad educativa. Durante esta significativa fecha, docentes, asistentes, auxiliares, directivos, secretarias y&nbsp;<a href=\"https:\/\/webpe.colegiomayor.cl\/?p=37664\">&hellip;<\/a><\/p>\n","protected":false},"author":9,"featured_media":37671,"comment_status":"closed","ping_status":"closed","sticky":false,"template":"","format":"standard","meta":{"content-type":"","footnotes":""},"categories":[21],"tags":[],"class_list":["post-37664","post","type-post","status-publish","format-standard","has-post-thumbnail","hentry","category-convivencia-y-vida-saludable","odd"],"rttpg_featured_image_url":{"full":["https:\/\/webpe.colegiomayor.cl\/wp-content\/uploads\/2025\/05\/conv2025-1.jpeg",768,510,false],"landscape":["https:\/\/webpe.colegiomayor.cl\/wp-content\/uploads\/2025\/05\/conv2025-1.jpeg",768,510,false],"portraits":["https:\/\/webpe.colegiomayor.cl\/wp-content\/uploads\/2025\/05\/conv2025-1.jpeg",768,510,false],"thumbnail":["https:\/\/webpe.colegiomayor.cl\/wp-content\/uploads\/2025\/05\/conv2025-1-150x150.jpeg",150,150,true],"medium":["https:\/\/webpe.colegiomayor.cl\/wp-content\/uploads\/2025\/05\/conv2025-1-300x199.jpeg",300,199,true],"large":["https:\/\/webpe.colegiomayor.cl\/wp-content\/uploads\/2025\/05\/conv2025-1-768x510.jpeg",768,510,true],"1536x1536":["https:\/\/webpe.colegiomayor.cl\/wp-content\/uploads\/2025\/05\/conv2025-1-768x510.jpeg",768,510,true],"2048x2048":["https:\/\/webpe.colegiomayor.cl\/wp-content\/uploads\/2025\/05\/conv2025-1-768x510.jpeg",768,510,true],"post-thumbnail":["https:\/\/webpe.colegiomayor.cl\/wp-content\/uploads\/2025\/05\/conv2025-1-150x100.jpeg",150,100,true],"ed-school-featured-image":["https:\/\/webpe.colegiomayor.cl\/wp-content\/uploads\/2025\/05\/conv2025-1-768x500.jpeg",768,500,true],"ed-school-medium":["https:\/\/webpe.colegiomayor.cl\/wp-content\/uploads\/2025\/05\/conv2025-1-768x510.jpeg",768,510,true],"ed-school-medium-alt":["https:\/\/webpe.colegiomayor.cl\/wp-content\/uploads\/2025\/05\/conv2025-1-768x410.jpeg",768,410,true],"ed-school-square":["https:\/\/webpe.colegiomayor.cl\/wp-content\/uploads\/2025\/05\/conv2025-1-768x510.jpeg",768,510,true],"ed-school-square-small":["https:\/\/webpe.colegiomayor.cl\/wp-content\/uploads\/2025\/05\/conv2025-1-420x420.jpeg",420,420,true]},"rttpg_author":{"display_name":"Catherine Le\u00f3n","author_link":"https:\/\/webpe.colegiomayor.cl\/?author=9"},"rttpg_comment":0,"rttpg_category":"<a href=\"https:\/\/webpe.colegiomayor.cl\/?cat=21\" rel=\"category\">CONVIVENCIA Y VIDA SALUDABLE<\/a>","rttpg_excerpt":"El d\u00eda mi\u00e9rcoles 30 de mayo se llev\u00f3 a cabo la celebraci\u00f3n del d\u00eda de la convivencia escolar, donde este a\u00f1o tuvo como objetivo fortalecer los alzos entre todos los miembros de la comunidad educativa. Durante esta significativa fecha, docentes, asistentes, auxiliares, directivos, secretarias y&nbsp;&hellip;","_links":{"self":[{"href":"https:\/\/webpe.colegiomayor.cl\/index.php?rest_route=\/wp\/v2\/posts\/37664","targetHints":{"allow":["GET"]}}],"collection":[{"href":"https:\/\/webpe.colegiomayor.cl\/index.php?rest_route=\/wp\/v2\/posts"}],"about":[{"href":"https:\/\/webpe.colegiomayor.cl\/index.php?rest_route=\/wp\/v2\/types\/post"}],"author":[{"embeddable":true,"href":"https:\/\/webpe.colegiomayor.cl\/index.php?rest_route=\/wp\/v2\/users\/9"}],"replies":[{"embeddable":true,"href":"https:\/\/webpe.colegiomayor.cl\/index.php?rest_route=%2Fwp%2Fv2%2Fcomments&post=37664"}],"version-history":[{"count":1,"href":"https:\/\/webpe.colegiomayor.cl\/index.php?rest_route=\/wp\/v2\/posts\/37664\/revisions"}],"predecessor-version":[{"id":37672,"href":"https:\/\/webpe.colegiomayor.cl\/index.php?rest_route=\/wp\/v2\/posts\/37664\/revisions\/37672"}],"wp:featuredmedia":[{"embeddable":true,"href":"https:\/\/webpe.colegiomayor.cl\/index.php?rest_route=\/wp\/v2\/media\/37671"}],"wp:attachment":[{"href":"https:\/\/webpe.colegiomayor.cl\/index.php?rest_route=%2Fwp%2Fv2%2Fmedia&parent=37664"}],"wp:term":[{"taxonomy":"category","embeddable":true,"href":"https:\/\/webpe.colegiomayor.cl\/index.php?rest_route=%2Fwp%2Fv2%2Fcategories&post=37664"},{"taxonomy":"post_tag","embeddable":true,"href":"https:\/\/webpe.colegiomayor.cl\/index.php?rest_route=%2Fwp%2Fv2%2Ftags&post=37664"}],"curies":[{"name":"wp","href":"https:\/\/api.w.org\/{rel}","templated":true}]}}