{"id":37655,"date":"2025-05-08T14:46:10","date_gmt":"2025-05-08T17:46:10","guid":{"rendered":"https:\/\/webpe.colegiomayor.cl\/?p=37655"},"modified":"2025-05-08T20:56:45","modified_gmt":"2025-05-08T23:56:45","slug":"orgullo-institucional-estudiante-de-primero-medio-representara-a-chile-en-feria-internacional-de-ciencias","status":"publish","type":"post","link":"https:\/\/webpe.colegiomayor.cl\/?p=37655","title":{"rendered":"Orgullo institucional: estudiante de primero medio representar\u00e1 a Chile en feria internacional de ciencias"},"content":{"rendered":"\n<p class=\"has-text-align-center\"><em><strong>Esteban Castro, alumno de 14 a\u00f1os de Colegio Mayor Pe\u00f1alol\u00e9n, participar\u00e1 entre el 11 y el 15 de mayo en la ExpoCiencias Nacional Milset Brasil 2025, a realizarse en la ciudad de Fortaleza. Ah\u00ed presentar\u00e1 un filtro purificador de aire en base a zeolita, mineral capaz de adsorber di\u00f3xido de carbono.<\/strong><\/em><\/p>\n\n\n\n<p>Motivado por su preocupaci\u00f3n frente a la contaminaci\u00f3n atmosf\u00e9rica que afecta a la ciudad de Santiago, nuestro estudiante Esteban Castro, de 14 a\u00f1os, dio vida a un proyecto cient\u00edfico con alto potencial de impacto. A fines de 2024, desarroll\u00f3 un filtro purificador de aire en base a zeolita, mineral capaz de adsorber un alto porcentaje del di\u00f3xido de carbono presente en el ambiente.<\/p>\n\n\n\n<p>Gracias a su innovadora propuesta, Esteban fue seleccionado para representar a nuestro pa\u00eds en la ExpoCiencias Nacional Milset Brasil 2025, evento que se desarrollar\u00e1 entre el 11 y el 15 de mayo en la ciudad de Fortaleza. All\u00ed, presentar\u00e1 su trabajo en tres idiomas: espa\u00f1ol, ingl\u00e9s y portugu\u00e9s.<\/p>\n\n\n\n<p>\u201cTodo parti\u00f3 por una ida al cerro\u201d, cuenta Esteban, estudiante de primer a\u00f1o medio de Colegio Mayor de Pe\u00f1alol\u00e9n. \u201cCuando llegu\u00e9 arriba, vi por primera vez la capa de esmog que cubre Santiago. Me dio mucha pena, y ah\u00ed me pregunt\u00e9 qu\u00e9 pod\u00eda hacer frente a esa realidad\u201d, recuerda.<\/p>\n\n\n\n<p>Durante el segundo semestre del a\u00f1o pasado, comenz\u00f3 a trabajar de manera aut\u00f3noma en su invento, en recreos y fuera del horario escolar. El resultado fue el proyecto \u201cReducci\u00f3n de contaminaci\u00f3n por CO2 utilizando un filtro de zeolita\u201d, el cual fue reconocido en la ExpoCiencias Nacional Chile 2024, obteniendo la distinci\u00f3n que lo llevar\u00e1 pr\u00f3ximamente a Brasil.<\/p>\n\n\n\n<p>\u201cComo el 30% de las emisiones diarias de CO2 en Santiago provienen de los autos, dise\u00f1\u00e9 el filtro para que a futuro pudiera instalarse en los tubos de escape\u201d, explica nuestro estudiante, quien en sus proyecciones estima una posible reducci\u00f3n de hasta un 83% de gases nocivos utilizando el dispositivo, el mismo que actualmente se encuentra en periodo de ajuste.<\/p>\n\n\n<div class=\"wp-block-image\">\n<figure class=\"alignleft size-large is-resized\"><img loading=\"lazy\" decoding=\"async\" width=\"768\" height=\"1024\" src=\"https:\/\/webpe.colegiomayor.cl\/wp-content\/uploads\/2025\/05\/Expo-Esteban-y-Macarena-768x1024.jpeg\" alt=\"\" class=\"wp-image-37661\" style=\"width:274px;height:auto\" srcset=\"https:\/\/webpe.colegiomayor.cl\/wp-content\/uploads\/2025\/05\/Expo-Esteban-y-Macarena-768x1024.jpeg 768w, https:\/\/webpe.colegiomayor.cl\/wp-content\/uploads\/2025\/05\/Expo-Esteban-y-Macarena-225x300.jpeg 225w, https:\/\/webpe.colegiomayor.cl\/wp-content\/uploads\/2025\/05\/Expo-Esteban-y-Macarena-113x150.jpeg 113w, https:\/\/webpe.colegiomayor.cl\/wp-content\/uploads\/2025\/05\/Expo-Esteban-y-Macarena.jpeg 867w\" sizes=\"auto, (max-width: 768px) 100vw, 768px\" \/><\/figure>\n<\/div>\n\n\n<p>El desarrollo del proyecto ha contado con el acompa\u00f1amiento cercano de nuestra profesora de Ciencias, Macarena Hern\u00e1ndez, quien ha estado presente desde el inicio del proceso. \u201cLo m\u00e1s valioso es que Esteban identific\u00f3 una problem\u00e1tica y decidi\u00f3 actuar. Adem\u00e1s, ha demostrado una enorme motivaci\u00f3n, trabajando en sus tiempos libres, incluso durante los recreos\u201d, se\u00f1ala.<\/p>\n\n\n\n<p>Esteban, quien proyecta su futuro profesional en las \u00e1reas de la neurocirug\u00eda o bioqu\u00edmica, tiene claras sus metas: \u201cQuiero perfeccionar este filtro, patentarlo y seguir adelante con su desarrollo. Creo que esta soluci\u00f3n puede hacer una gran diferencia en la calidad del aire de Santiago\u201d.<\/p>\n\n\n\n<p>Frente al desaf\u00edo de representar a Chile, nuestro alumno se muestra entusiasta y agradecido: \u201cEstoy motivado y confiado en el trabajo que hemos hecho. En ese sentido quiero agradecer adem\u00e1s el apoyo del colegio, que ha estado muy alineado conmigo. Desde el inicio de esto me han apoyado, brind\u00e1ndome materiales para la exploraci\u00f3n, tambi\u00e9n el uso del laboratorio. Y bueno, ahora \u00faltimo nos est\u00e1n apoyando con la ida a Brasil, as\u00ed es que esto tambi\u00e9n es gracias a mi colegio\u201d.<\/p>\n\n\n\n<p class=\"has-white-background-color has-background\">Como parte del compromiso de nuestro colegio con el desarrollo integral de sus estudiantes y el fomento de la vocaci\u00f3n cient\u00edfica, Colegio Mayor Pe\u00f1alol\u00e9n asumir\u00e1 el financiamiento completo de la traves\u00eda de Esteban en Brasil. Junto a \u00e9l ir\u00e1 su madre y apoderada, Jacqueline Gaete, y su tutora docente, Macarena Hern\u00e1ndez, quienes han sido pilares fundamentales durante el desarrollo del proyecto.<\/p>\n\n\n\n<p><\/p>\n","protected":false},"excerpt":{"rendered":"<p>Esteban Castro, alumno de 14 a\u00f1os de Colegio Mayor Pe\u00f1alol\u00e9n, participar\u00e1 entre el 11 y el 15 de mayo en la ExpoCiencias Nacional Milset Brasil 2025, a realizarse en la ciudad de Fortaleza. Ah\u00ed presentar\u00e1 un filtro purificador de aire en base a zeolita, mineral&nbsp;<a href=\"https:\/\/webpe.colegiomayor.cl\/?p=37655\">&hellip;<\/a><\/p>\n","protected":false},"author":1,"featured_media":37657,"comment_status":"closed","ping_status":"closed","sticky":false,"template":"","format":"standard","meta":{"content-type":"","footnotes":""},"categories":[1],"tags":[],"class_list":["post-37655","post","type-post","status-publish","format-standard","has-post-thumbnail","hentry","category-categoria-3","odd"],"rttpg_featured_image_url":{"full":["https:\/\/webpe.colegiomayor.cl\/wp-content\/uploads\/2025\/05\/Esteban-y-Macarena-Expo-Ciencias.jpg",909,634,false],"landscape":["https:\/\/webpe.colegiomayor.cl\/wp-content\/uploads\/2025\/05\/Esteban-y-Macarena-Expo-Ciencias.jpg",909,634,false],"portraits":["https:\/\/webpe.colegiomayor.cl\/wp-content\/uploads\/2025\/05\/Esteban-y-Macarena-Expo-Ciencias.jpg",909,634,false],"thumbnail":["https:\/\/webpe.colegiomayor.cl\/wp-content\/uploads\/2025\/05\/Esteban-y-Macarena-Expo-Ciencias-150x150.jpg",150,150,true],"medium":["https:\/\/webpe.colegiomayor.cl\/wp-content\/uploads\/2025\/05\/Esteban-y-Macarena-Expo-Ciencias-300x209.jpg",300,209,true],"large":["https:\/\/webpe.colegiomayor.cl\/wp-content\/uploads\/2025\/05\/Esteban-y-Macarena-Expo-Ciencias-909x634.jpg",909,634,true],"1536x1536":["https:\/\/webpe.colegiomayor.cl\/wp-content\/uploads\/2025\/05\/Esteban-y-Macarena-Expo-Ciencias-909x634.jpg",909,634,true],"2048x2048":["https:\/\/webpe.colegiomayor.cl\/wp-content\/uploads\/2025\/05\/Esteban-y-Macarena-Expo-Ciencias-909x634.jpg",909,634,true],"post-thumbnail":["https:\/\/webpe.colegiomayor.cl\/wp-content\/uploads\/2025\/05\/Esteban-y-Macarena-Expo-Ciencias-150x105.jpg",150,105,true],"ed-school-featured-image":["https:\/\/webpe.colegiomayor.cl\/wp-content\/uploads\/2025\/05\/Esteban-y-Macarena-Expo-Ciencias-909x500.jpg",909,500,true],"ed-school-medium":["https:\/\/webpe.colegiomayor.cl\/wp-content\/uploads\/2025\/05\/Esteban-y-Macarena-Expo-Ciencias-768x510.jpg",768,510,true],"ed-school-medium-alt":["https:\/\/webpe.colegiomayor.cl\/wp-content\/uploads\/2025\/05\/Esteban-y-Macarena-Expo-Ciencias-768x410.jpg",768,410,true],"ed-school-square":["https:\/\/webpe.colegiomayor.cl\/wp-content\/uploads\/2025\/05\/Esteban-y-Macarena-Expo-Ciencias-768x634.jpg",768,634,true],"ed-school-square-small":["https:\/\/webpe.colegiomayor.cl\/wp-content\/uploads\/2025\/05\/Esteban-y-Macarena-Expo-Ciencias-420x420.jpg",420,420,true]},"rttpg_author":{"display_name":"josefariesco@gmail.com","author_link":"https:\/\/webpe.colegiomayor.cl\/?author=1"},"rttpg_comment":0,"rttpg_category":"<a href=\"https:\/\/webpe.colegiomayor.cl\/?cat=1\" rel=\"category\">NOTICIAS<\/a>","rttpg_excerpt":"Esteban Castro, alumno de 14 a\u00f1os de Colegio Mayor Pe\u00f1alol\u00e9n, participar\u00e1 entre el 11 y el 15 de mayo en la ExpoCiencias Nacional Milset Brasil 2025, a realizarse en la ciudad de Fortaleza. Ah\u00ed presentar\u00e1 un filtro purificador de aire en base a zeolita, mineral&nbsp;&hellip;","_links":{"self":[{"href":"https:\/\/webpe.colegiomayor.cl\/index.php?rest_route=\/wp\/v2\/posts\/37655","targetHints":{"allow":["GET"]}}],"collection":[{"href":"https:\/\/webpe.colegiomayor.cl\/index.php?rest_route=\/wp\/v2\/posts"}],"about":[{"href":"https:\/\/webpe.colegiomayor.cl\/index.php?rest_route=\/wp\/v2\/types\/post"}],"author":[{"embeddable":true,"href":"https:\/\/webpe.colegiomayor.cl\/index.php?rest_route=\/wp\/v2\/users\/1"}],"replies":[{"embeddable":true,"href":"https:\/\/webpe.colegiomayor.cl\/index.php?rest_route=%2Fwp%2Fv2%2Fcomments&post=37655"}],"version-history":[{"count":3,"href":"https:\/\/webpe.colegiomayor.cl\/index.php?rest_route=\/wp\/v2\/posts\/37655\/revisions"}],"predecessor-version":[{"id":37663,"href":"https:\/\/webpe.colegiomayor.cl\/index.php?rest_route=\/wp\/v2\/posts\/37655\/revisions\/37663"}],"wp:featuredmedia":[{"embeddable":true,"href":"https:\/\/webpe.colegiomayor.cl\/index.php?rest_route=\/wp\/v2\/media\/37657"}],"wp:attachment":[{"href":"https:\/\/webpe.colegiomayor.cl\/index.php?rest_route=%2Fwp%2Fv2%2Fmedia&parent=37655"}],"wp:term":[{"taxonomy":"category","embeddable":true,"href":"https:\/\/webpe.colegiomayor.cl\/index.php?rest_route=%2Fwp%2Fv2%2Fcategories&post=37655"},{"taxonomy":"post_tag","embeddable":true,"href":"https:\/\/webpe.colegiomayor.cl\/index.php?rest_route=%2Fwp%2Fv2%2Ftags&post=37655"}],"curies":[{"name":"wp","href":"https:\/\/api.w.org\/{rel}","templated":true}]}}