{"id":37593,"date":"2025-04-16T11:49:15","date_gmt":"2025-04-16T14:49:15","guid":{"rendered":"https:\/\/webpe.colegiomayor.cl\/?p=37593"},"modified":"2025-05-02T16:58:25","modified_gmt":"2025-05-02T19:58:25","slug":"suspension-de-actividades-deportivas-sabado-19-de-abril","status":"publish","type":"post","link":"https:\/\/webpe.colegiomayor.cl\/?p=37593","title":{"rendered":"Suspensi\u00f3n de Actividades Deportivas, s\u00e1bado 19 de abril"},"content":{"rendered":"\n<p>Estimadas familias:<\/p>\n\n\n\n<p>Junto con saludar y esperando se encuentren bien, por medio del presente, informamos usted, que el d\u00eda s\u00e1bado 19 de abril no se realizar\u00e1n actividades deportivas por feriado de Semana Santa.<\/p>\n\n\n\n<p>Saludos cordiales.<\/p>\n\n\n\n<p><strong>Departamento de Educaci\u00f3n F\u00edsica.<\/strong> <\/p>\n","protected":false},"excerpt":{"rendered":"<p>Estimadas familias: Junto con saludar y esperando se encuentren bien, por medio del presente, informamos usted, que el d\u00eda s\u00e1bado 19 de abril no se realizar\u00e1n actividades deportivas por feriado de Semana Santa. Saludos cordiales. Departamento de Educaci\u00f3n F\u00edsica.<\/p>\n","protected":false},"author":5,"featured_media":37636,"comment_status":"closed","ping_status":"closed","sticky":false,"template":"","format":"standard","meta":{"content-type":"","footnotes":""},"categories":[1],"tags":[],"class_list":["post-37593","post","type-post","status-publish","format-standard","has-post-thumbnail","hentry","category-categoria-3","odd"],"rttpg_featured_image_url":{"full":["https:\/\/webpe.colegiomayor.cl\/wp-content\/uploads\/2025\/04\/9787.jpg",768,510,false],"landscape":["https:\/\/webpe.colegiomayor.cl\/wp-content\/uploads\/2025\/04\/9787.jpg",768,510,false],"portraits":["https:\/\/webpe.colegiomayor.cl\/wp-content\/uploads\/2025\/04\/9787.jpg",768,510,false],"thumbnail":["https:\/\/webpe.colegiomayor.cl\/wp-content\/uploads\/2025\/04\/9787-150x150.jpg",150,150,true],"medium":["https:\/\/webpe.colegiomayor.cl\/wp-content\/uploads\/2025\/04\/9787-300x199.jpg",300,199,true],"large":["https:\/\/webpe.colegiomayor.cl\/wp-content\/uploads\/2025\/04\/9787-768x510.jpg",768,510,true],"1536x1536":["https:\/\/webpe.colegiomayor.cl\/wp-content\/uploads\/2025\/04\/9787-768x510.jpg",768,510,true],"2048x2048":["https:\/\/webpe.colegiomayor.cl\/wp-content\/uploads\/2025\/04\/9787-768x510.jpg",768,510,true],"post-thumbnail":["https:\/\/webpe.colegiomayor.cl\/wp-content\/uploads\/2025\/04\/9787-150x100.jpg",150,100,true],"ed-school-featured-image":["https:\/\/webpe.colegiomayor.cl\/wp-content\/uploads\/2025\/04\/9787-768x500.jpg",768,500,true],"ed-school-medium":["https:\/\/webpe.colegiomayor.cl\/wp-content\/uploads\/2025\/04\/9787-768x510.jpg",768,510,true],"ed-school-medium-alt":["https:\/\/webpe.colegiomayor.cl\/wp-content\/uploads\/2025\/04\/9787-768x410.jpg",768,410,true],"ed-school-square":["https:\/\/webpe.colegiomayor.cl\/wp-content\/uploads\/2025\/04\/9787-768x510.jpg",768,510,true],"ed-school-square-small":["https:\/\/webpe.colegiomayor.cl\/wp-content\/uploads\/2025\/04\/9787-420x420.jpg",420,420,true]},"rttpg_author":{"display_name":"Flor Parragu\u00e9z","author_link":"https:\/\/webpe.colegiomayor.cl\/?author=5"},"rttpg_comment":0,"rttpg_category":"<a href=\"https:\/\/webpe.colegiomayor.cl\/?cat=1\" rel=\"category\">NOTICIAS<\/a>","rttpg_excerpt":"Estimadas familias: Junto con saludar y esperando se encuentren bien, por medio del presente, informamos usted, que el d\u00eda s\u00e1bado 19 de abril no se realizar\u00e1n actividades deportivas por feriado de Semana Santa. Saludos cordiales. Departamento de Educaci\u00f3n F\u00edsica.","_links":{"self":[{"href":"https:\/\/webpe.colegiomayor.cl\/index.php?rest_route=\/wp\/v2\/posts\/37593","targetHints":{"allow":["GET"]}}],"collection":[{"href":"https:\/\/webpe.colegiomayor.cl\/index.php?rest_route=\/wp\/v2\/posts"}],"about":[{"href":"https:\/\/webpe.colegiomayor.cl\/index.php?rest_route=\/wp\/v2\/types\/post"}],"author":[{"embeddable":true,"href":"https:\/\/webpe.colegiomayor.cl\/index.php?rest_route=\/wp\/v2\/users\/5"}],"replies":[{"embeddable":true,"href":"https:\/\/webpe.colegiomayor.cl\/index.php?rest_route=%2Fwp%2Fv2%2Fcomments&post=37593"}],"version-history":[{"count":1,"href":"https:\/\/webpe.colegiomayor.cl\/index.php?rest_route=\/wp\/v2\/posts\/37593\/revisions"}],"predecessor-version":[{"id":37594,"href":"https:\/\/webpe.colegiomayor.cl\/index.php?rest_route=\/wp\/v2\/posts\/37593\/revisions\/37594"}],"wp:featuredmedia":[{"embeddable":true,"href":"https:\/\/webpe.colegiomayor.cl\/index.php?rest_route=\/wp\/v2\/media\/37636"}],"wp:attachment":[{"href":"https:\/\/webpe.colegiomayor.cl\/index.php?rest_route=%2Fwp%2Fv2%2Fmedia&parent=37593"}],"wp:term":[{"taxonomy":"category","embeddable":true,"href":"https:\/\/webpe.colegiomayor.cl\/index.php?rest_route=%2Fwp%2Fv2%2Fcategories&post=37593"},{"taxonomy":"post_tag","embeddable":true,"href":"https:\/\/webpe.colegiomayor.cl\/index.php?rest_route=%2Fwp%2Fv2%2Ftags&post=37593"}],"curies":[{"name":"wp","href":"https:\/\/api.w.org\/{rel}","templated":true}]}}