{"id":37578,"date":"2025-04-15T15:25:26","date_gmt":"2025-04-15T18:25:26","guid":{"rendered":"https:\/\/webpe.colegiomayor.cl\/?p=37578"},"modified":"2025-04-15T15:25:29","modified_gmt":"2025-04-15T18:25:29","slug":"cmpe-celebro-el-dia-mundial-de-la-actividad-fisica","status":"publish","type":"post","link":"https:\/\/webpe.colegiomayor.cl\/?p=37578","title":{"rendered":"CMPE celebr\u00f3 el D\u00eda Mundial de la Actividad F\u00edsica"},"content":{"rendered":"\n<p class=\"has-text-align-center has-background\" style=\"background-color:#abb7c270\"><br><strong><em>El d\u00eda viernes 4 de abril en Colegio Mayor Pe\u00f1alol\u00e9n celebramos el D\u00eda Mundial de la Actividad F\u00edsica con el objetivo principal de sensibilizar a nuestros estudiantes sobre la importancia de practicar actividad f\u00edsica de manera regular y sistem\u00e1tica para mejorar la salud y adquirir buenos h\u00e1bitos de vida.<\/em><\/strong><\/p>\n\n\n\n<figure class=\"wp-block-image size-large\"><img loading=\"lazy\" decoding=\"async\" width=\"1024\" height=\"682\" src=\"https:\/\/webpe.colegiomayor.cl\/wp-content\/uploads\/2025\/04\/c531e399-3808-4d9d-bf76-866217722b1c-1024x682.jpeg\" alt=\"\" class=\"wp-image-37579\" srcset=\"https:\/\/webpe.colegiomayor.cl\/wp-content\/uploads\/2025\/04\/c531e399-3808-4d9d-bf76-866217722b1c-1024x682.jpeg 1024w, https:\/\/webpe.colegiomayor.cl\/wp-content\/uploads\/2025\/04\/c531e399-3808-4d9d-bf76-866217722b1c-300x200.jpeg 300w, https:\/\/webpe.colegiomayor.cl\/wp-content\/uploads\/2025\/04\/c531e399-3808-4d9d-bf76-866217722b1c-768x512.jpeg 768w, https:\/\/webpe.colegiomayor.cl\/wp-content\/uploads\/2025\/04\/c531e399-3808-4d9d-bf76-866217722b1c-1536x1023.jpeg 1536w, https:\/\/webpe.colegiomayor.cl\/wp-content\/uploads\/2025\/04\/c531e399-3808-4d9d-bf76-866217722b1c-150x100.jpeg 150w, https:\/\/webpe.colegiomayor.cl\/wp-content\/uploads\/2025\/04\/c531e399-3808-4d9d-bf76-866217722b1c.jpeg 1600w\" sizes=\"auto, (max-width: 1024px) 100vw, 1024px\" \/><\/figure>\n\n\n\n<p>El departamento de Ed. f\u00edsica, realiz\u00f3 una serie de actividades iniciando el d\u00eda\u00a0con una activaci\u00f3n a primera hora de la ma\u00f1ana, con bailes y canto y una rica alimentaci\u00f3n saludable, aporte de nuestro querido Centro de Padres del colegio Mayor.<\/p>\n\n\n\n<figure class=\"wp-block-gallery has-nested-images columns-default is-cropped wp-block-gallery-1 is-layout-flex wp-block-gallery-is-layout-flex\">\n<figure class=\"wp-block-image size-large\"><img loading=\"lazy\" decoding=\"async\" width=\"1024\" height=\"682\" data-id=\"37580\" src=\"https:\/\/webpe.colegiomayor.cl\/wp-content\/uploads\/2025\/04\/04a43182-74ef-468d-b589-a8ef38e2ce8d-1024x682.jpeg\" alt=\"\" class=\"wp-image-37580\" srcset=\"https:\/\/webpe.colegiomayor.cl\/wp-content\/uploads\/2025\/04\/04a43182-74ef-468d-b589-a8ef38e2ce8d-1024x682.jpeg 1024w, https:\/\/webpe.colegiomayor.cl\/wp-content\/uploads\/2025\/04\/04a43182-74ef-468d-b589-a8ef38e2ce8d-300x200.jpeg 300w, https:\/\/webpe.colegiomayor.cl\/wp-content\/uploads\/2025\/04\/04a43182-74ef-468d-b589-a8ef38e2ce8d-768x512.jpeg 768w, https:\/\/webpe.colegiomayor.cl\/wp-content\/uploads\/2025\/04\/04a43182-74ef-468d-b589-a8ef38e2ce8d-1536x1023.jpeg 1536w, https:\/\/webpe.colegiomayor.cl\/wp-content\/uploads\/2025\/04\/04a43182-74ef-468d-b589-a8ef38e2ce8d-150x100.jpeg 150w, https:\/\/webpe.colegiomayor.cl\/wp-content\/uploads\/2025\/04\/04a43182-74ef-468d-b589-a8ef38e2ce8d.jpeg 1600w\" sizes=\"auto, (max-width: 1024px) 100vw, 1024px\" \/><\/figure>\n\n\n\n<figure class=\"wp-block-image size-large\"><img loading=\"lazy\" decoding=\"async\" width=\"1024\" height=\"682\" data-id=\"37581\" src=\"https:\/\/webpe.colegiomayor.cl\/wp-content\/uploads\/2025\/04\/79e107be-3f62-46c3-b4b2-1a0c9e4410f0-1024x682.jpeg\" alt=\"\" class=\"wp-image-37581\" srcset=\"https:\/\/webpe.colegiomayor.cl\/wp-content\/uploads\/2025\/04\/79e107be-3f62-46c3-b4b2-1a0c9e4410f0-1024x682.jpeg 1024w, https:\/\/webpe.colegiomayor.cl\/wp-content\/uploads\/2025\/04\/79e107be-3f62-46c3-b4b2-1a0c9e4410f0-300x200.jpeg 300w, https:\/\/webpe.colegiomayor.cl\/wp-content\/uploads\/2025\/04\/79e107be-3f62-46c3-b4b2-1a0c9e4410f0-768x512.jpeg 768w, https:\/\/webpe.colegiomayor.cl\/wp-content\/uploads\/2025\/04\/79e107be-3f62-46c3-b4b2-1a0c9e4410f0-1536x1023.jpeg 1536w, https:\/\/webpe.colegiomayor.cl\/wp-content\/uploads\/2025\/04\/79e107be-3f62-46c3-b4b2-1a0c9e4410f0-150x100.jpeg 150w, https:\/\/webpe.colegiomayor.cl\/wp-content\/uploads\/2025\/04\/79e107be-3f62-46c3-b4b2-1a0c9e4410f0.jpeg 1600w\" sizes=\"auto, (max-width: 1024px) 100vw, 1024px\" \/><\/figure>\n<\/figure>\n\n\n\n<p>Estas actividades se replicaron en distintas&nbsp;instancias y en todos los ciclos. Adem\u00e1s, el Programa de Proyecto Colegio Saludable se encarg\u00f3 de realizar&nbsp;juegos dirigidos en los primeros recreos.<\/p>\n\n\n\n<figure class=\"wp-block-gallery has-nested-images columns-default is-cropped wp-block-gallery-2 is-layout-flex wp-block-gallery-is-layout-flex\">\n<figure class=\"wp-block-image size-large\"><img loading=\"lazy\" decoding=\"async\" width=\"1024\" height=\"682\" data-id=\"37582\" src=\"https:\/\/webpe.colegiomayor.cl\/wp-content\/uploads\/2025\/04\/667802ab-47c1-49f4-a0b9-cc6b98f32058-1024x682.jpeg\" alt=\"\" class=\"wp-image-37582\" srcset=\"https:\/\/webpe.colegiomayor.cl\/wp-content\/uploads\/2025\/04\/667802ab-47c1-49f4-a0b9-cc6b98f32058-1024x682.jpeg 1024w, https:\/\/webpe.colegiomayor.cl\/wp-content\/uploads\/2025\/04\/667802ab-47c1-49f4-a0b9-cc6b98f32058-300x200.jpeg 300w, https:\/\/webpe.colegiomayor.cl\/wp-content\/uploads\/2025\/04\/667802ab-47c1-49f4-a0b9-cc6b98f32058-768x512.jpeg 768w, https:\/\/webpe.colegiomayor.cl\/wp-content\/uploads\/2025\/04\/667802ab-47c1-49f4-a0b9-cc6b98f32058-1536x1023.jpeg 1536w, https:\/\/webpe.colegiomayor.cl\/wp-content\/uploads\/2025\/04\/667802ab-47c1-49f4-a0b9-cc6b98f32058-150x100.jpeg 150w, https:\/\/webpe.colegiomayor.cl\/wp-content\/uploads\/2025\/04\/667802ab-47c1-49f4-a0b9-cc6b98f32058.jpeg 1600w\" sizes=\"auto, (max-width: 1024px) 100vw, 1024px\" \/><\/figure>\n\n\n\n<figure class=\"wp-block-image size-large\"><img loading=\"lazy\" decoding=\"async\" width=\"1024\" height=\"682\" data-id=\"37583\" src=\"https:\/\/webpe.colegiomayor.cl\/wp-content\/uploads\/2025\/04\/fff5d8a0-7ae4-4fa2-9911-a36da7185f4f-1024x682.jpeg\" alt=\"\" class=\"wp-image-37583\" srcset=\"https:\/\/webpe.colegiomayor.cl\/wp-content\/uploads\/2025\/04\/fff5d8a0-7ae4-4fa2-9911-a36da7185f4f-1024x682.jpeg 1024w, https:\/\/webpe.colegiomayor.cl\/wp-content\/uploads\/2025\/04\/fff5d8a0-7ae4-4fa2-9911-a36da7185f4f-300x200.jpeg 300w, https:\/\/webpe.colegiomayor.cl\/wp-content\/uploads\/2025\/04\/fff5d8a0-7ae4-4fa2-9911-a36da7185f4f-768x512.jpeg 768w, https:\/\/webpe.colegiomayor.cl\/wp-content\/uploads\/2025\/04\/fff5d8a0-7ae4-4fa2-9911-a36da7185f4f-1536x1023.jpeg 1536w, https:\/\/webpe.colegiomayor.cl\/wp-content\/uploads\/2025\/04\/fff5d8a0-7ae4-4fa2-9911-a36da7185f4f-150x100.jpeg 150w, https:\/\/webpe.colegiomayor.cl\/wp-content\/uploads\/2025\/04\/fff5d8a0-7ae4-4fa2-9911-a36da7185f4f.jpeg 1600w\" sizes=\"auto, (max-width: 1024px) 100vw, 1024px\" \/><\/figure>\n<\/figure>\n\n\n\n<p class=\"has-background\" style=\"background-color:#abb7c266\">Invitamos a toda la comunidad Mayor a realizar al menos una vez por semana actividad f\u00edsica.<\/p>\n\n\n\n<p><\/p>\n","protected":false},"excerpt":{"rendered":"<p>El d\u00eda viernes 4 de abril en Colegio Mayor Pe\u00f1alol\u00e9n celebramos el D\u00eda Mundial de la Actividad F\u00edsica con el objetivo principal de sensibilizar a nuestros estudiantes sobre la importancia de practicar actividad f\u00edsica de manera regular y sistem\u00e1tica para mejorar la salud y adquirir&nbsp;<a href=\"https:\/\/webpe.colegiomayor.cl\/?p=37578\">&hellip;<\/a><\/p>\n","protected":false},"author":5,"featured_media":37579,"comment_status":"closed","ping_status":"closed","sticky":false,"template":"","format":"standard","meta":{"content-type":"","footnotes":""},"categories":[23],"tags":[],"class_list":["post-37578","post","type-post","status-publish","format-standard","has-post-thumbnail","hentry","category-actualidad","odd"],"rttpg_featured_image_url":{"full":["https:\/\/webpe.colegiomayor.cl\/wp-content\/uploads\/2025\/04\/c531e399-3808-4d9d-bf76-866217722b1c.jpeg",1600,1066,false],"landscape":["https:\/\/webpe.colegiomayor.cl\/wp-content\/uploads\/2025\/04\/c531e399-3808-4d9d-bf76-866217722b1c.jpeg",1600,1066,false],"portraits":["https:\/\/webpe.colegiomayor.cl\/wp-content\/uploads\/2025\/04\/c531e399-3808-4d9d-bf76-866217722b1c.jpeg",1600,1066,false],"thumbnail":["https:\/\/webpe.colegiomayor.cl\/wp-content\/uploads\/2025\/04\/c531e399-3808-4d9d-bf76-866217722b1c-150x150.jpeg",150,150,true],"medium":["https:\/\/webpe.colegiomayor.cl\/wp-content\/uploads\/2025\/04\/c531e399-3808-4d9d-bf76-866217722b1c-300x200.jpeg",300,200,true],"large":["https:\/\/webpe.colegiomayor.cl\/wp-content\/uploads\/2025\/04\/c531e399-3808-4d9d-bf76-866217722b1c-1024x682.jpeg",1024,682,true],"1536x1536":["https:\/\/webpe.colegiomayor.cl\/wp-content\/uploads\/2025\/04\/c531e399-3808-4d9d-bf76-866217722b1c-1536x1023.jpeg",1536,1023,true],"2048x2048":["https:\/\/webpe.colegiomayor.cl\/wp-content\/uploads\/2025\/04\/c531e399-3808-4d9d-bf76-866217722b1c-1600x1066.jpeg",1600,1066,true],"post-thumbnail":["https:\/\/webpe.colegiomayor.cl\/wp-content\/uploads\/2025\/04\/c531e399-3808-4d9d-bf76-866217722b1c-150x100.jpeg",150,100,true],"ed-school-featured-image":["https:\/\/webpe.colegiomayor.cl\/wp-content\/uploads\/2025\/04\/c531e399-3808-4d9d-bf76-866217722b1c-990x500.jpeg",990,500,true],"ed-school-medium":["https:\/\/webpe.colegiomayor.cl\/wp-content\/uploads\/2025\/04\/c531e399-3808-4d9d-bf76-866217722b1c-768x510.jpeg",768,510,true],"ed-school-medium-alt":["https:\/\/webpe.colegiomayor.cl\/wp-content\/uploads\/2025\/04\/c531e399-3808-4d9d-bf76-866217722b1c-768x410.jpeg",768,410,true],"ed-school-square":["https:\/\/webpe.colegiomayor.cl\/wp-content\/uploads\/2025\/04\/c531e399-3808-4d9d-bf76-866217722b1c-768x768.jpeg",768,768,true],"ed-school-square-small":["https:\/\/webpe.colegiomayor.cl\/wp-content\/uploads\/2025\/04\/c531e399-3808-4d9d-bf76-866217722b1c-420x420.jpeg",420,420,true]},"rttpg_author":{"display_name":"Flor Parragu\u00e9z","author_link":"https:\/\/webpe.colegiomayor.cl\/?author=5"},"rttpg_comment":0,"rttpg_category":"<a href=\"https:\/\/webpe.colegiomayor.cl\/?cat=23\" rel=\"category\">COLEGIO<\/a>","rttpg_excerpt":"El d\u00eda viernes 4 de abril en Colegio Mayor Pe\u00f1alol\u00e9n celebramos el D\u00eda Mundial de la Actividad F\u00edsica con el objetivo principal de sensibilizar a nuestros estudiantes sobre la importancia de practicar actividad f\u00edsica de manera regular y sistem\u00e1tica para mejorar la salud y adquirir&nbsp;&hellip;","_links":{"self":[{"href":"https:\/\/webpe.colegiomayor.cl\/index.php?rest_route=\/wp\/v2\/posts\/37578","targetHints":{"allow":["GET"]}}],"collection":[{"href":"https:\/\/webpe.colegiomayor.cl\/index.php?rest_route=\/wp\/v2\/posts"}],"about":[{"href":"https:\/\/webpe.colegiomayor.cl\/index.php?rest_route=\/wp\/v2\/types\/post"}],"author":[{"embeddable":true,"href":"https:\/\/webpe.colegiomayor.cl\/index.php?rest_route=\/wp\/v2\/users\/5"}],"replies":[{"embeddable":true,"href":"https:\/\/webpe.colegiomayor.cl\/index.php?rest_route=%2Fwp%2Fv2%2Fcomments&post=37578"}],"version-history":[{"count":1,"href":"https:\/\/webpe.colegiomayor.cl\/index.php?rest_route=\/wp\/v2\/posts\/37578\/revisions"}],"predecessor-version":[{"id":37584,"href":"https:\/\/webpe.colegiomayor.cl\/index.php?rest_route=\/wp\/v2\/posts\/37578\/revisions\/37584"}],"wp:featuredmedia":[{"embeddable":true,"href":"https:\/\/webpe.colegiomayor.cl\/index.php?rest_route=\/wp\/v2\/media\/37579"}],"wp:attachment":[{"href":"https:\/\/webpe.colegiomayor.cl\/index.php?rest_route=%2Fwp%2Fv2%2Fmedia&parent=37578"}],"wp:term":[{"taxonomy":"category","embeddable":true,"href":"https:\/\/webpe.colegiomayor.cl\/index.php?rest_route=%2Fwp%2Fv2%2Fcategories&post=37578"},{"taxonomy":"post_tag","embeddable":true,"href":"https:\/\/webpe.colegiomayor.cl\/index.php?rest_route=%2Fwp%2Fv2%2Ftags&post=37578"}],"curies":[{"name":"wp","href":"https:\/\/api.w.org\/{rel}","templated":true}]}}