{"id":37572,"date":"2025-04-09T14:00:21","date_gmt":"2025-04-09T17:00:21","guid":{"rendered":"https:\/\/webpe.colegiomayor.cl\/?p=37572"},"modified":"2025-04-15T14:02:43","modified_gmt":"2025-04-15T17:02:43","slug":"encuentro-padre-hijo-2025","status":"publish","type":"post","link":"https:\/\/webpe.colegiomayor.cl\/?p=37572","title":{"rendered":"Encuentro Padre &amp; Hijo 2025"},"content":{"rendered":"\n<p class=\"has-text-align-center has-background\" style=\"background-color:#abb7c247\"><strong>El d\u00eda s\u00e1bado 29 de marzo se desarroll\u00f3 el tradicional encuentro Padre &amp; Hijo en nuestro colegio, y cont\u00f3 con la colaboraci\u00f3n de la Unidad de Apoyo a la Crianza de la Municipalidad de Pe\u00f1alol\u00e9n.<\/strong><\/p>\n\n\n\n<p>La tem\u00e1tica principal fue parentalidad positiva del programa Triple P, y cont\u00f3 con un taller desarrollado por la Municipalidad de Pe\u00f1alol\u00e9n espec\u00edficamente desde la oficina de apoyo a la Crianza.<\/p>\n\n\n\n<p>Triple P, es uno de los programas basados en evidencia m\u00e1s efectivos en el mundo y que cuenta con el respaldo de m\u00e1s de 35 a\u00f1os de investigaci\u00f3n.&nbsp; Triple P entrega a los padres y madres estrategias simples y pr\u00e1cticas para ayudarlos a manejar, con confianza, la conducta de sus hijos e hijas, a prevenir problemas en el desarrollo y a construir relaciones fuertes y saludables.<\/p>\n\n\n\n<figure class=\"wp-block-image size-large\"><img loading=\"lazy\" decoding=\"async\" width=\"1024\" height=\"576\" src=\"https:\/\/webpe.colegiomayor.cl\/wp-content\/uploads\/2025\/04\/padre-hijo1-scaled-1024x576.jpeg\" alt=\"\" class=\"wp-image-37574\" srcset=\"https:\/\/webpe.colegiomayor.cl\/wp-content\/uploads\/2025\/04\/padre-hijo1-scaled-1024x576.jpeg 1024w, https:\/\/webpe.colegiomayor.cl\/wp-content\/uploads\/2025\/04\/padre-hijo1-scaled-300x169.jpeg 300w\" sizes=\"auto, (max-width: 1024px) 100vw, 1024px\" \/><\/figure>\n\n\n\n<p>El encuentro se desarroll\u00f3 con la participaci\u00f3n masiva de apoderados y estudiantes quienes escucharon los tips de las expositoras sobre c\u00f3mo mejorar la comunicaci\u00f3n y guiar a los hijos en esta etapa compleja y desafiante, mientras los estudiantes desarrollaban un taller destinado a fortalecer el trabajo colaborativo que termin\u00f3 mostrando los trabajos presentados a sus padres<\/p>\n\n\n\n<p>Agradecemos la participaci\u00f3n de m\u00e1s de 200 personas entre padres y estudiantes del nivel 7\u00b0 B\u00e1sico que han demostrado el inter\u00e9s por participar en estas actividades que les permite enfrentar los desaf\u00edos que presenta la Educaci\u00f3n Media, no tan s\u00f3lo en aspectos acad\u00e9micos sino que tambi\u00e9n en Convivencia Escolar.<\/p>\n","protected":false},"excerpt":{"rendered":"<p>El d\u00eda s\u00e1bado 29 de marzo se desarroll\u00f3 el tradicional encuentro Padre &amp; Hijo en nuestro colegio, y cont\u00f3 con la colaboraci\u00f3n de la Unidad de Apoyo a la Crianza de la Municipalidad de Pe\u00f1alol\u00e9n. La tem\u00e1tica principal fue parentalidad positiva del programa Triple P,&nbsp;<a href=\"https:\/\/webpe.colegiomayor.cl\/?p=37572\">&hellip;<\/a><\/p>\n","protected":false},"author":5,"featured_media":37573,"comment_status":"closed","ping_status":"closed","sticky":false,"template":"","format":"standard","meta":{"content-type":"","footnotes":""},"categories":[23],"tags":[],"class_list":["post-37572","post","type-post","status-publish","format-standard","has-post-thumbnail","hentry","category-actualidad","odd"],"rttpg_featured_image_url":{"full":["https:\/\/webpe.colegiomayor.cl\/wp-content\/uploads\/2025\/04\/padre-hijo-scaled.jpeg",2560,1920,false],"landscape":["https:\/\/webpe.colegiomayor.cl\/wp-content\/uploads\/2025\/04\/padre-hijo-scaled.jpeg",2560,1920,false],"portraits":["https:\/\/webpe.colegiomayor.cl\/wp-content\/uploads\/2025\/04\/padre-hijo-scaled.jpeg",2560,1920,false],"thumbnail":["https:\/\/webpe.colegiomayor.cl\/wp-content\/uploads\/2025\/04\/padre-hijo-150x150.jpeg",150,150,true],"medium":["https:\/\/webpe.colegiomayor.cl\/wp-content\/uploads\/2025\/04\/padre-hijo-300x225.jpeg",300,225,true],"large":["https:\/\/webpe.colegiomayor.cl\/wp-content\/uploads\/2025\/04\/padre-hijo-1024x768.jpeg",1024,768,true],"1536x1536":["https:\/\/webpe.colegiomayor.cl\/wp-content\/uploads\/2025\/04\/padre-hijo-1536x1152.jpeg",1536,1152,true],"2048x2048":["https:\/\/webpe.colegiomayor.cl\/wp-content\/uploads\/2025\/04\/padre-hijo-2048x1536.jpeg",2048,1536,true],"post-thumbnail":["https:\/\/webpe.colegiomayor.cl\/wp-content\/uploads\/2025\/04\/padre-hijo-150x113.jpeg",150,113,true],"ed-school-featured-image":["https:\/\/webpe.colegiomayor.cl\/wp-content\/uploads\/2025\/04\/padre-hijo-990x500.jpeg",990,500,true],"ed-school-medium":["https:\/\/webpe.colegiomayor.cl\/wp-content\/uploads\/2025\/04\/padre-hijo-768x510.jpeg",768,510,true],"ed-school-medium-alt":["https:\/\/webpe.colegiomayor.cl\/wp-content\/uploads\/2025\/04\/padre-hijo-768x410.jpeg",768,410,true],"ed-school-square":["https:\/\/webpe.colegiomayor.cl\/wp-content\/uploads\/2025\/04\/padre-hijo-768x768.jpeg",768,768,true],"ed-school-square-small":["https:\/\/webpe.colegiomayor.cl\/wp-content\/uploads\/2025\/04\/padre-hijo-420x420.jpeg",420,420,true]},"rttpg_author":{"display_name":"Flor Parragu\u00e9z","author_link":"https:\/\/webpe.colegiomayor.cl\/?author=5"},"rttpg_comment":0,"rttpg_category":"<a href=\"https:\/\/webpe.colegiomayor.cl\/?cat=23\" rel=\"category\">COLEGIO<\/a>","rttpg_excerpt":"El d\u00eda s\u00e1bado 29 de marzo se desarroll\u00f3 el tradicional encuentro Padre &amp; Hijo en nuestro colegio, y cont\u00f3 con la colaboraci\u00f3n de la Unidad de Apoyo a la Crianza de la Municipalidad de Pe\u00f1alol\u00e9n. La tem\u00e1tica principal fue parentalidad positiva del programa Triple P,&nbsp;&hellip;","_links":{"self":[{"href":"https:\/\/webpe.colegiomayor.cl\/index.php?rest_route=\/wp\/v2\/posts\/37572","targetHints":{"allow":["GET"]}}],"collection":[{"href":"https:\/\/webpe.colegiomayor.cl\/index.php?rest_route=\/wp\/v2\/posts"}],"about":[{"href":"https:\/\/webpe.colegiomayor.cl\/index.php?rest_route=\/wp\/v2\/types\/post"}],"author":[{"embeddable":true,"href":"https:\/\/webpe.colegiomayor.cl\/index.php?rest_route=\/wp\/v2\/users\/5"}],"replies":[{"embeddable":true,"href":"https:\/\/webpe.colegiomayor.cl\/index.php?rest_route=%2Fwp%2Fv2%2Fcomments&post=37572"}],"version-history":[{"count":2,"href":"https:\/\/webpe.colegiomayor.cl\/index.php?rest_route=\/wp\/v2\/posts\/37572\/revisions"}],"predecessor-version":[{"id":37576,"href":"https:\/\/webpe.colegiomayor.cl\/index.php?rest_route=\/wp\/v2\/posts\/37572\/revisions\/37576"}],"wp:featuredmedia":[{"embeddable":true,"href":"https:\/\/webpe.colegiomayor.cl\/index.php?rest_route=\/wp\/v2\/media\/37573"}],"wp:attachment":[{"href":"https:\/\/webpe.colegiomayor.cl\/index.php?rest_route=%2Fwp%2Fv2%2Fmedia&parent=37572"}],"wp:term":[{"taxonomy":"category","embeddable":true,"href":"https:\/\/webpe.colegiomayor.cl\/index.php?rest_route=%2Fwp%2Fv2%2Fcategories&post=37572"},{"taxonomy":"post_tag","embeddable":true,"href":"https:\/\/webpe.colegiomayor.cl\/index.php?rest_route=%2Fwp%2Fv2%2Ftags&post=37572"}],"curies":[{"name":"wp","href":"https:\/\/api.w.org\/{rel}","templated":true}]}}