{"id":37566,"date":"2025-04-15T13:51:24","date_gmt":"2025-04-15T16:51:24","guid":{"rendered":"https:\/\/webpe.colegiomayor.cl\/?p=37566"},"modified":"2025-04-15T13:52:11","modified_gmt":"2025-04-15T16:52:11","slug":"capacitacion-aula-invertida","status":"publish","type":"post","link":"https:\/\/webpe.colegiomayor.cl\/?p=37566","title":{"rendered":"Capacitaci\u00f3n Aula Invertida"},"content":{"rendered":"\n<p class=\"has-text-align-center has-background\" style=\"background-color:#abb7c257\"><strong>A partir del 6 de marzo Colegio Mayor de Pe\u00f1alol\u00e9n se encuentra llevando a cabo un Taller Metodol\u00f3gico de Aula Invertida dirigido a las y los profesores que se integraron este a\u00f1o 2025 al Proyecto Educativo, con el objetivo de transmitir la experiencia y aplicaci\u00f3n de este modelo pedag\u00f3gico.<\/strong><\/p>\n\n\n\n<p>El taller est\u00e1 a cargo de la docente Olivia Leiva, quien ha vivenciado y aplicado desde sus inicios el Modelo de Aula Invertida en nuestro Colegio y Ximena Mu\u00f1oz, Directora de Tecnolog\u00edas para el Aprendizaje.<em><\/em><\/p>\n\n\n\n<p>Se realizar\u00e1n distintas sesiones continuas a lo largo del a\u00f1o, que tienen como principal objetivo, dise\u00f1ar clases taller y aplicar en el&nbsp;aula&nbsp;toda la experiencia adquirida y compartida por este grupo que me corresponde liderar.<\/p>\n\n\n\n<figure class=\"wp-block-image size-large\"><img loading=\"lazy\" decoding=\"async\" width=\"1024\" height=\"768\" src=\"https:\/\/webpe.colegiomayor.cl\/wp-content\/uploads\/2025\/04\/e03e6c37-7906-439f-9ef8-8103be2ade38-1024x768.jpeg\" alt=\"\" class=\"wp-image-37569\" srcset=\"https:\/\/webpe.colegiomayor.cl\/wp-content\/uploads\/2025\/04\/e03e6c37-7906-439f-9ef8-8103be2ade38-1024x768.jpeg 1024w, https:\/\/webpe.colegiomayor.cl\/wp-content\/uploads\/2025\/04\/e03e6c37-7906-439f-9ef8-8103be2ade38-300x225.jpeg 300w, https:\/\/webpe.colegiomayor.cl\/wp-content\/uploads\/2025\/04\/e03e6c37-7906-439f-9ef8-8103be2ade38-768x576.jpeg 768w, https:\/\/webpe.colegiomayor.cl\/wp-content\/uploads\/2025\/04\/e03e6c37-7906-439f-9ef8-8103be2ade38-1536x1152.jpeg 1536w, https:\/\/webpe.colegiomayor.cl\/wp-content\/uploads\/2025\/04\/e03e6c37-7906-439f-9ef8-8103be2ade38-150x113.jpeg 150w, https:\/\/webpe.colegiomayor.cl\/wp-content\/uploads\/2025\/04\/e03e6c37-7906-439f-9ef8-8103be2ade38.jpeg 1600w\" sizes=\"auto, (max-width: 1024px) 100vw, 1024px\" \/><\/figure>\n\n\n\n<p>La profesora Olivia Leiva, nos se\u00f1al\u00f3 al respecto<strong><em> &#8220;para mi es una experiencia muy gratificante y motivadora. Esta es la tercera versi\u00f3n del taller y re\u00fane&nbsp;a docentes de distintas asignaturas, todos dispuestos a aprender y aportar para que el aprendizaje de nuestros y nuestras estudiantes sea significativo y desarrollen habilidades del siglo XXI, que les permita desenvolverse con \u00e9xito en su etapa educativa escolar, y adquirir las competencias necesarias para la educaci\u00f3n superior&#8221;.<\/em><\/strong><\/p>\n","protected":false},"excerpt":{"rendered":"<p>A partir del 6 de marzo Colegio Mayor de Pe\u00f1alol\u00e9n se encuentra llevando a cabo un Taller Metodol\u00f3gico de Aula Invertida dirigido a las y los profesores que se integraron este a\u00f1o 2025 al Proyecto Educativo, con el objetivo de transmitir la experiencia y aplicaci\u00f3n&nbsp;<a href=\"https:\/\/webpe.colegiomayor.cl\/?p=37566\">&hellip;<\/a><\/p>\n","protected":false},"author":5,"featured_media":37568,"comment_status":"closed","ping_status":"closed","sticky":false,"template":"","format":"standard","meta":{"content-type":"","footnotes":""},"categories":[23],"tags":[],"class_list":["post-37566","post","type-post","status-publish","format-standard","has-post-thumbnail","hentry","category-actualidad","odd"],"rttpg_featured_image_url":{"full":["https:\/\/webpe.colegiomayor.cl\/wp-content\/uploads\/2025\/04\/a243320c-5c7c-4413-9c49-6d8be28cc03e.jpeg",1600,1200,false],"landscape":["https:\/\/webpe.colegiomayor.cl\/wp-content\/uploads\/2025\/04\/a243320c-5c7c-4413-9c49-6d8be28cc03e.jpeg",1600,1200,false],"portraits":["https:\/\/webpe.colegiomayor.cl\/wp-content\/uploads\/2025\/04\/a243320c-5c7c-4413-9c49-6d8be28cc03e.jpeg",1600,1200,false],"thumbnail":["https:\/\/webpe.colegiomayor.cl\/wp-content\/uploads\/2025\/04\/a243320c-5c7c-4413-9c49-6d8be28cc03e-150x150.jpeg",150,150,true],"medium":["https:\/\/webpe.colegiomayor.cl\/wp-content\/uploads\/2025\/04\/a243320c-5c7c-4413-9c49-6d8be28cc03e-300x225.jpeg",300,225,true],"large":["https:\/\/webpe.colegiomayor.cl\/wp-content\/uploads\/2025\/04\/a243320c-5c7c-4413-9c49-6d8be28cc03e-1024x768.jpeg",1024,768,true],"1536x1536":["https:\/\/webpe.colegiomayor.cl\/wp-content\/uploads\/2025\/04\/a243320c-5c7c-4413-9c49-6d8be28cc03e-1536x1152.jpeg",1536,1152,true],"2048x2048":["https:\/\/webpe.colegiomayor.cl\/wp-content\/uploads\/2025\/04\/a243320c-5c7c-4413-9c49-6d8be28cc03e-1600x1200.jpeg",1600,1200,true],"post-thumbnail":["https:\/\/webpe.colegiomayor.cl\/wp-content\/uploads\/2025\/04\/a243320c-5c7c-4413-9c49-6d8be28cc03e-150x113.jpeg",150,113,true],"ed-school-featured-image":["https:\/\/webpe.colegiomayor.cl\/wp-content\/uploads\/2025\/04\/a243320c-5c7c-4413-9c49-6d8be28cc03e-990x500.jpeg",990,500,true],"ed-school-medium":["https:\/\/webpe.colegiomayor.cl\/wp-content\/uploads\/2025\/04\/a243320c-5c7c-4413-9c49-6d8be28cc03e-768x510.jpeg",768,510,true],"ed-school-medium-alt":["https:\/\/webpe.colegiomayor.cl\/wp-content\/uploads\/2025\/04\/a243320c-5c7c-4413-9c49-6d8be28cc03e-768x410.jpeg",768,410,true],"ed-school-square":["https:\/\/webpe.colegiomayor.cl\/wp-content\/uploads\/2025\/04\/a243320c-5c7c-4413-9c49-6d8be28cc03e-768x768.jpeg",768,768,true],"ed-school-square-small":["https:\/\/webpe.colegiomayor.cl\/wp-content\/uploads\/2025\/04\/a243320c-5c7c-4413-9c49-6d8be28cc03e-420x420.jpeg",420,420,true]},"rttpg_author":{"display_name":"Flor Parragu\u00e9z","author_link":"https:\/\/webpe.colegiomayor.cl\/?author=5"},"rttpg_comment":0,"rttpg_category":"<a href=\"https:\/\/webpe.colegiomayor.cl\/?cat=23\" rel=\"category\">COLEGIO<\/a>","rttpg_excerpt":"A partir del 6 de marzo Colegio Mayor de Pe\u00f1alol\u00e9n se encuentra llevando a cabo un Taller Metodol\u00f3gico de Aula Invertida dirigido a las y los profesores que se integraron este a\u00f1o 2025 al Proyecto Educativo, con el objetivo de transmitir la experiencia y aplicaci\u00f3n&nbsp;&hellip;","_links":{"self":[{"href":"https:\/\/webpe.colegiomayor.cl\/index.php?rest_route=\/wp\/v2\/posts\/37566","targetHints":{"allow":["GET"]}}],"collection":[{"href":"https:\/\/webpe.colegiomayor.cl\/index.php?rest_route=\/wp\/v2\/posts"}],"about":[{"href":"https:\/\/webpe.colegiomayor.cl\/index.php?rest_route=\/wp\/v2\/types\/post"}],"author":[{"embeddable":true,"href":"https:\/\/webpe.colegiomayor.cl\/index.php?rest_route=\/wp\/v2\/users\/5"}],"replies":[{"embeddable":true,"href":"https:\/\/webpe.colegiomayor.cl\/index.php?rest_route=%2Fwp%2Fv2%2Fcomments&post=37566"}],"version-history":[{"count":2,"href":"https:\/\/webpe.colegiomayor.cl\/index.php?rest_route=\/wp\/v2\/posts\/37566\/revisions"}],"predecessor-version":[{"id":37571,"href":"https:\/\/webpe.colegiomayor.cl\/index.php?rest_route=\/wp\/v2\/posts\/37566\/revisions\/37571"}],"wp:featuredmedia":[{"embeddable":true,"href":"https:\/\/webpe.colegiomayor.cl\/index.php?rest_route=\/wp\/v2\/media\/37568"}],"wp:attachment":[{"href":"https:\/\/webpe.colegiomayor.cl\/index.php?rest_route=%2Fwp%2Fv2%2Fmedia&parent=37566"}],"wp:term":[{"taxonomy":"category","embeddable":true,"href":"https:\/\/webpe.colegiomayor.cl\/index.php?rest_route=%2Fwp%2Fv2%2Fcategories&post=37566"},{"taxonomy":"post_tag","embeddable":true,"href":"https:\/\/webpe.colegiomayor.cl\/index.php?rest_route=%2Fwp%2Fv2%2Ftags&post=37566"}],"curies":[{"name":"wp","href":"https:\/\/api.w.org\/{rel}","templated":true}]}}