{"id":37560,"date":"2025-04-15T12:38:04","date_gmt":"2025-04-15T15:38:04","guid":{"rendered":"https:\/\/webpe.colegiomayor.cl\/?p=37560"},"modified":"2025-04-15T12:42:19","modified_gmt":"2025-04-15T15:42:19","slug":"gran-desempeno-en-la-segunda-fecha-de-la-liga-escolar-de-gimnasia","status":"publish","type":"post","link":"https:\/\/webpe.colegiomayor.cl\/?p=37560","title":{"rendered":"Gran desempe\u00f1o en la Segunda Fecha de la Liga Escolar de Gimnasia"},"content":{"rendered":"\n<p><\/p>\n\n\n\n<p class=\"has-background\" style=\"background-color:#abb7c252\"><strong>El pasado s\u00e1bado 12 de abril se llev\u00f3 a cabo la segunda fecha de la Liga de Gimnasia Escolar, correspondiente al Nivel 1, en las dependencias del Colegio Sagrados Corazones de la Alameda. En esta ocasi\u00f3n, participaron 10 equipos provenientes de distintos establecimientos educacionales, y nuestro colegio tuvo una destacada participaci\u00f3n.<\/strong><\/p>\n\n\n\n<p>Con esfuerzo, disciplina y talento nuestro equipo logr\u00f3 quedarse con el <strong>segundo lugar por equipos<\/strong>, consolidando as\u00ed el trabajo que se viene realizando desde inicios de temporada. Adem\u00e1s, varias de nuestras gimnastas obtuvieron importantes logros individuales.<\/p>\n\n\n\n<figure class=\"wp-block-image size-large\"><img loading=\"lazy\" decoding=\"async\" width=\"1024\" height=\"768\" src=\"https:\/\/webpe.colegiomayor.cl\/wp-content\/uploads\/2025\/04\/WhatsApp-Image-2025-04-13-at-15.48.32-1024x768.jpeg\" alt=\"\" class=\"wp-image-37562\" srcset=\"https:\/\/webpe.colegiomayor.cl\/wp-content\/uploads\/2025\/04\/WhatsApp-Image-2025-04-13-at-15.48.32-1024x768.jpeg 1024w, https:\/\/webpe.colegiomayor.cl\/wp-content\/uploads\/2025\/04\/WhatsApp-Image-2025-04-13-at-15.48.32-300x225.jpeg 300w, https:\/\/webpe.colegiomayor.cl\/wp-content\/uploads\/2025\/04\/WhatsApp-Image-2025-04-13-at-15.48.32-768x576.jpeg 768w, https:\/\/webpe.colegiomayor.cl\/wp-content\/uploads\/2025\/04\/WhatsApp-Image-2025-04-13-at-15.48.32-1536x1152.jpeg 1536w, https:\/\/webpe.colegiomayor.cl\/wp-content\/uploads\/2025\/04\/WhatsApp-Image-2025-04-13-at-15.48.32-2048x1536.jpeg 2048w, https:\/\/webpe.colegiomayor.cl\/wp-content\/uploads\/2025\/04\/WhatsApp-Image-2025-04-13-at-15.48.32-150x113.jpeg 150w\" sizes=\"auto, (max-width: 1024px) 100vw, 1024px\" \/><\/figure>\n\n\n\n<p>Felicitamos especialmente a <strong>Elo\u00edsa Araya<\/strong>, quien en la Franja 1<strong> obtuvo el primer lugar all around, alcanzando un puntaje sobresaliente que le permitir\u00e1 ascender al Nivel 2. <\/strong>Tambi\u00e9n celebramos el <strong>tercer lugar de<\/strong> <strong>Maite Burboa<\/strong>, quien compiti\u00f3 en la misma franja.<\/p>\n\n\n\n<p>Reconocemos adem\u00e1s el excelente desempe\u00f1o de las gimnastas <strong>Agustina Opazo<\/strong> (Franja 1), <strong>Blanca Guzm\u00e1n<\/strong> (Franja 2) y <strong>Mar\u00eda Jes\u00fas Vera<\/strong> (Franja 3), quienes <strong>se ubicaron dentro de las seis mejores gimnastas de sus respectivas franjas<\/strong>, demostrando gran nivel t\u00e9cnico.<\/p>\n\n\n\n<figure class=\"wp-block-image size-large\"><img loading=\"lazy\" decoding=\"async\" width=\"1024\" height=\"768\" src=\"https:\/\/webpe.colegiomayor.cl\/wp-content\/uploads\/2025\/04\/WhatsApp-Image-2025-04-13-at-15.48.35-scaled-1024x768.jpeg\" alt=\"\" class=\"wp-image-37563\" srcset=\"https:\/\/webpe.colegiomayor.cl\/wp-content\/uploads\/2025\/04\/WhatsApp-Image-2025-04-13-at-15.48.35-scaled-1024x768.jpeg 1024w, https:\/\/webpe.colegiomayor.cl\/wp-content\/uploads\/2025\/04\/WhatsApp-Image-2025-04-13-at-15.48.35-scaled-300x225.jpeg 300w\" sizes=\"auto, (max-width: 1024px) 100vw, 1024px\" \/><\/figure>\n\n\n\n<p class=\"has-background\" style=\"background-color:#abb7c261\"><strong>\u00a1Felicitaciones a todo el equipo por su dedicaci\u00f3n y esp\u00edritu de superaci\u00f3n! Seguimos avanzando con orgullo y motivaci\u00f3n hacia los pr\u00f3ximos desaf\u00edos.<\/strong><\/p>\n\n\n\n<p><\/p>\n","protected":false},"excerpt":{"rendered":"<p>El pasado s\u00e1bado 12 de abril se llev\u00f3 a cabo la segunda fecha de la Liga de Gimnasia Escolar, correspondiente al Nivel 1, en las dependencias del Colegio Sagrados Corazones de la Alameda. En esta ocasi\u00f3n, participaron 10 equipos provenientes de distintos establecimientos educacionales, y&nbsp;<a href=\"https:\/\/webpe.colegiomayor.cl\/?p=37560\">&hellip;<\/a><\/p>\n","protected":false},"author":5,"featured_media":37561,"comment_status":"closed","ping_status":"closed","sticky":false,"template":"","format":"standard","meta":{"content-type":"","footnotes":""},"categories":[25],"tags":[],"class_list":["post-37560","post","type-post","status-publish","format-standard","has-post-thumbnail","hentry","category-deportes","odd"],"rttpg_featured_image_url":{"full":["https:\/\/webpe.colegiomayor.cl\/wp-content\/uploads\/2025\/04\/WhatsApp-Image-2025-04-13-at-15.48.25-scaled.jpeg",2560,1920,false],"landscape":["https:\/\/webpe.colegiomayor.cl\/wp-content\/uploads\/2025\/04\/WhatsApp-Image-2025-04-13-at-15.48.25-scaled.jpeg",2560,1920,false],"portraits":["https:\/\/webpe.colegiomayor.cl\/wp-content\/uploads\/2025\/04\/WhatsApp-Image-2025-04-13-at-15.48.25-scaled.jpeg",2560,1920,false],"thumbnail":["https:\/\/webpe.colegiomayor.cl\/wp-content\/uploads\/2025\/04\/WhatsApp-Image-2025-04-13-at-15.48.25-scaled-150x150.jpeg",150,150,true],"medium":["https:\/\/webpe.colegiomayor.cl\/wp-content\/uploads\/2025\/04\/WhatsApp-Image-2025-04-13-at-15.48.25-scaled-300x225.jpeg",300,225,true],"large":["https:\/\/webpe.colegiomayor.cl\/wp-content\/uploads\/2025\/04\/WhatsApp-Image-2025-04-13-at-15.48.25-scaled-1024x768.jpeg",1024,768,true],"1536x1536":["https:\/\/webpe.colegiomayor.cl\/wp-content\/uploads\/2025\/04\/WhatsApp-Image-2025-04-13-at-15.48.25-scaled-1536x1152.jpeg",1536,1152,true],"2048x2048":["https:\/\/webpe.colegiomayor.cl\/wp-content\/uploads\/2025\/04\/WhatsApp-Image-2025-04-13-at-15.48.25-scaled-2048x1536.jpeg",2048,1536,true],"post-thumbnail":["https:\/\/webpe.colegiomayor.cl\/wp-content\/uploads\/2025\/04\/WhatsApp-Image-2025-04-13-at-15.48.25-scaled-150x113.jpeg",150,113,true],"ed-school-featured-image":["https:\/\/webpe.colegiomayor.cl\/wp-content\/uploads\/2025\/04\/WhatsApp-Image-2025-04-13-at-15.48.25-scaled-990x500.jpeg",990,500,true],"ed-school-medium":["https:\/\/webpe.colegiomayor.cl\/wp-content\/uploads\/2025\/04\/WhatsApp-Image-2025-04-13-at-15.48.25-scaled-768x510.jpeg",768,510,true],"ed-school-medium-alt":["https:\/\/webpe.colegiomayor.cl\/wp-content\/uploads\/2025\/04\/WhatsApp-Image-2025-04-13-at-15.48.25-scaled-768x410.jpeg",768,410,true],"ed-school-square":["https:\/\/webpe.colegiomayor.cl\/wp-content\/uploads\/2025\/04\/WhatsApp-Image-2025-04-13-at-15.48.25-scaled-768x768.jpeg",768,768,true],"ed-school-square-small":["https:\/\/webpe.colegiomayor.cl\/wp-content\/uploads\/2025\/04\/WhatsApp-Image-2025-04-13-at-15.48.25-scaled-420x420.jpeg",420,420,true]},"rttpg_author":{"display_name":"Flor Parragu\u00e9z","author_link":"https:\/\/webpe.colegiomayor.cl\/?author=5"},"rttpg_comment":0,"rttpg_category":"<a href=\"https:\/\/webpe.colegiomayor.cl\/?cat=25\" rel=\"category\">DEPORTES<\/a>","rttpg_excerpt":"El pasado s\u00e1bado 12 de abril se llev\u00f3 a cabo la segunda fecha de la Liga de Gimnasia Escolar, correspondiente al Nivel 1, en las dependencias del Colegio Sagrados Corazones de la Alameda. En esta ocasi\u00f3n, participaron 10 equipos provenientes de distintos establecimientos educacionales, y&nbsp;&hellip;","_links":{"self":[{"href":"https:\/\/webpe.colegiomayor.cl\/index.php?rest_route=\/wp\/v2\/posts\/37560","targetHints":{"allow":["GET"]}}],"collection":[{"href":"https:\/\/webpe.colegiomayor.cl\/index.php?rest_route=\/wp\/v2\/posts"}],"about":[{"href":"https:\/\/webpe.colegiomayor.cl\/index.php?rest_route=\/wp\/v2\/types\/post"}],"author":[{"embeddable":true,"href":"https:\/\/webpe.colegiomayor.cl\/index.php?rest_route=\/wp\/v2\/users\/5"}],"replies":[{"embeddable":true,"href":"https:\/\/webpe.colegiomayor.cl\/index.php?rest_route=%2Fwp%2Fv2%2Fcomments&post=37560"}],"version-history":[{"count":2,"href":"https:\/\/webpe.colegiomayor.cl\/index.php?rest_route=\/wp\/v2\/posts\/37560\/revisions"}],"predecessor-version":[{"id":37565,"href":"https:\/\/webpe.colegiomayor.cl\/index.php?rest_route=\/wp\/v2\/posts\/37560\/revisions\/37565"}],"wp:featuredmedia":[{"embeddable":true,"href":"https:\/\/webpe.colegiomayor.cl\/index.php?rest_route=\/wp\/v2\/media\/37561"}],"wp:attachment":[{"href":"https:\/\/webpe.colegiomayor.cl\/index.php?rest_route=%2Fwp%2Fv2%2Fmedia&parent=37560"}],"wp:term":[{"taxonomy":"category","embeddable":true,"href":"https:\/\/webpe.colegiomayor.cl\/index.php?rest_route=%2Fwp%2Fv2%2Fcategories&post=37560"},{"taxonomy":"post_tag","embeddable":true,"href":"https:\/\/webpe.colegiomayor.cl\/index.php?rest_route=%2Fwp%2Fv2%2Ftags&post=37560"}],"curies":[{"name":"wp","href":"https:\/\/api.w.org\/{rel}","templated":true}]}}