{"id":37528,"date":"2025-04-11T14:33:53","date_gmt":"2025-04-11T17:33:53","guid":{"rendered":"https:\/\/webpe.colegiomayor.cl\/?p=37528"},"modified":"2025-04-11T14:33:57","modified_gmt":"2025-04-11T17:33:57","slug":"actividades-deportivas-sabado-12-de-abril","status":"publish","type":"post","link":"https:\/\/webpe.colegiomayor.cl\/?p=37528","title":{"rendered":"Actividades deportivas, s\u00e1bado 12 de abril"},"content":{"rendered":"\n<figure class=\"wp-block-image size-large\"><img loading=\"lazy\" decoding=\"async\" width=\"1024\" height=\"731\" src=\"https:\/\/webpe.colegiomayor.cl\/wp-content\/uploads\/2025\/04\/9660-1024x731.jpg\" alt=\"\" class=\"wp-image-37529\" srcset=\"https:\/\/webpe.colegiomayor.cl\/wp-content\/uploads\/2025\/04\/9660-1024x731.jpg 1024w, https:\/\/webpe.colegiomayor.cl\/wp-content\/uploads\/2025\/04\/9660-300x214.jpg 300w, https:\/\/webpe.colegiomayor.cl\/wp-content\/uploads\/2025\/04\/9660-1536x1097.jpg 1536w, https:\/\/webpe.colegiomayor.cl\/wp-content\/uploads\/2025\/04\/9660.jpg 1984w, https:\/\/webpe.colegiomayor.cl\/wp-content\/uploads\/2025\/04\/9660-150x107.jpg 150w\" sizes=\"auto, (max-width: 1024px) 100vw, 1024px\" \/><\/figure>\n\n\n\n<p class=\"has-cyan-bluish-gray-background-color has-background\"><strong>ATLETISMO<\/strong><\/p>\n\n\n\n<ul class=\"wp-block-list\">\n<li>S\u00e1bado 12 y Domingo 13 de abril<\/li>\n\n\n\n<li>(09:15 a 18:15 hrs. (ambos d\u00edas)\u00a0\u00a0\u00a0\u00a0\u00a0\u00a0\u00a0\u00a0\u00a0\u00a0\u00a0\u00a0\u00a0\u00a0\u00a0\u00a0\u00a0\u00a0\u00a0\u00a0\u00a0\u00a0\u00a0\u00a0\u00a0\u00a0\u00a0\u00a0\u00a0\u00a0\u00a0\u00a0\u00a0\u00a0\u00a0\u00a0\u00a0\u00a0\u00a0\u00a0\u00a0\u00a0\u00a0\u00a0\u00a0\u00a0\u00a0\u00a0\u00a0\u00a0\u00a0\u00a0\u00a0\u00a0\u00a0\u00a0\u00a0\u00a0\u00a0\u00a0\u00a0\u00a0\u00a0\u00a0\u00a0\u00a0\u00a0\u00a0\u00a0\u00a0\u00a0\u00a0\u00a0\u00a0\u00a0\u00a0\u00a0\u00a0\u00a0\u00a0\u00a0\u00a0\u00a0\u00a0\u00a0\u00a0\u00a0\u00a0\u00a0\u00a0\u00a0\u00a0\u00a0\u00a0\u00a0\u00a0\u00a0\u00a0\u00a0\u00a0\u00a0\u00a0\u00a0\u00a0\u00a0\u00a0\u00a0\u00a0\u00a0\u00a0\u00a0\u00a0\u00a0\u00a0\u00a0\u00a0\u00a0\u00a0\u00a0\u00a0\u00a0\u00a0\u00a0\u00a0\u00a0\u00a0\u00a0\u00a0\u00a0\u00a0\u00a0\u00a0\u00a0\u00a0\u00a0\u00a0\u00a0 53\u00b0 Torneo Escolar de Atletismo Rolf Hoppe &#8211; Soprole 2025<\/li>\n\n\n\n<li>\u00a0Lugar: Estadio San Carlos de Apoquindo UC, Avenida Las Flores # 13.000, comuna de Las Condes.\u00a0\u00a0\u00a0\u00a0\u00a0\u00a0\u00a0\u00a0\u00a0\u00a0\u00a0\u00a0\u00a0\u00a0\u00a0\u00a0\u00a0\u00a0\u00a0\u00a0\u00a0\u00a0\u00a0\u00a0\u00a0\u00a0\u00a0\u00a0\u00a0\u00a0\u00a0\u00a0\u00a0\u00a0\u00a0\u00a0\u00a0\u00a0\u00a0\u00a0\u00a0\u00a0\u00a0\u00a0\u00a0\u00a0\u00a0\u00a0\u00a0\u00a0\u00a0\u00a0\u00a0\u00a0\u00a0\u00a0\u00a0\u00a0\u00a0\u00a0\u00a0\u00a0\u00a0\u00a0\u00a0\u00a0\u00a0\u00a0\u00a0\u00a0\u00a0\u00a0\u00a0\u00a0\u00a0<\/li>\n\n\n\n<li>Presentarse una hora antes de la competencia, tenida deportiva de competencia.\u00a0\u00a0\u00a0\u00a0\u00a0\u00a0<\/li>\n<\/ul>\n\n\n\n<p><strong>Profesores a cargo:<\/strong><\/p>\n\n\n\n<p><strong>Claudio Ulloa<\/strong><\/p>\n\n\n\n<p><strong>Mario G\u00f3mez<\/strong><\/p>\n\n\n\n<p><strong>\u00darsula Rebolledo<\/strong><\/p>\n\n\n\n<p><strong>Carlos Soto<\/strong><\/p>\n\n\n\n<p class=\"has-cyan-bluish-gray-background-color has-background\"><strong>B\u00c1SQUETBOL<\/strong><\/p>\n\n\n\n<p>Fecha 2 Torneo UC<\/p>\n\n\n\n<ul class=\"wp-block-list\">\n<li>Mayor vs Trewhellas Chicureo<\/li>\n\n\n\n<li>Lugar: Gimnasio Trewhellas Chicureo<\/li>\n\n\n\n<li>Ubicaci\u00f3n: Camino lo pinto, parcela 16, Chicureo.<\/li>\n<\/ul>\n\n\n\n<ul class=\"wp-block-list\">\n<li>Serie Superior<\/li>\n\n\n\n<li>Citaci\u00f3n: 08:30 hrs.<\/li>\n\n\n\n<li>Partido: 09:00 Hrs.<\/li>\n<\/ul>\n\n\n\n<ul class=\"wp-block-list\">\n<li>Serie Intermedia<\/li>\n\n\n\n<li>Citaci\u00f3n: 09:30 hrs.<\/li>\n\n\n\n<li>Partido: 10:30 hrs.<\/li>\n<\/ul>\n\n\n\n<p><strong>Profesor a cargo:<\/strong><\/p>\n\n\n\n<p><strong>Nicol\u00e1s Ortiz<\/strong><\/p>\n\n\n\n<p>Liforbasket<\/p>\n\n\n\n<ul class=\"wp-block-list\">\n<li>Mini Primer a\u00f1o<\/li>\n\n\n\n<li>Fecha 1<\/li>\n\n\n\n<li>Colegio San Ignacio el bosque.<\/li>\n<\/ul>\n\n\n\n<ul class=\"wp-block-list\">\n<li>Masivo mini b\u00e1squetbol<\/li>\n\n\n\n<li>9:00 a 11:00 am.<\/li>\n\n\n\n<li>Ubicaci\u00f3n: Av. Pocuro #2801, Providencia.<\/li>\n\n\n\n<li>Citaci\u00f3n: 08:40 hrs.<\/li>\n<\/ul>\n\n\n\n<p><strong>Profesor a cargo:<\/strong><\/p>\n\n\n\n<p><strong>Carlos Cerecera<\/strong><\/p>\n\n\n\n<p><strong>Suspendido entrenamiento mini e infantil.<\/strong><\/p>\n\n\n\n<p class=\"has-cyan-bluish-gray-background-color has-background\"><strong>F\u00daTBOL<\/strong><\/p>\n\n\n\n<ul class=\"wp-block-list\">\n<li>Torneo UC, fecha 2<\/li>\n\n\n\n<li>Lugar: Estadio Mayor<\/li>\n\n\n\n<li>Rival: Instituto Ingl\u00e9s de Rancagua.<\/li>\n<\/ul>\n\n\n\n<ul class=\"wp-block-list\">\n<li>INTERMEDIA<\/li>\n\n\n\n<li>citaci\u00f3n: 09:15 hrs.<\/li>\n\n\n\n<li>Partido: 10:00 hrs.<\/li>\n<\/ul>\n\n\n\n<ul class=\"wp-block-list\">\n<li>SUPERIOR<\/li>\n\n\n\n<li>citaci\u00f3n 10:30 hrs.<\/li>\n\n\n\n<li>Partido 11:30 hrs.<\/li>\n<\/ul>\n\n\n\n<ul class=\"wp-block-list\">\n<li>Entrenamientos<\/li>\n<\/ul>\n\n\n\n<ul class=\"wp-block-list\">\n<li>INFANTIL:<\/li>\n\n\n\n<li>Citaci\u00f3n: 10:00 a 11:00 hrs.<\/li>\n<\/ul>\n\n\n\n<ul class=\"wp-block-list\">\n<li>MINI:<\/li>\n\n\n\n<li>Citaci\u00f3n: 11:00 a 12:00 hrs.<\/li>\n<\/ul>\n\n\n\n<p><strong>Profesores a cargo:<\/strong><\/p>\n\n\n\n<p><strong>Pablo S\u00e1nchez<\/strong><\/p>\n\n\n\n<p><strong>Edgard Vargas<\/strong><\/p>\n\n\n\n<p class=\"has-cyan-bluish-gray-background-color has-background\"><strong>GIMNASIA ART\u00cdSTICA<\/strong><\/p>\n\n\n\n<ul class=\"wp-block-list\">\n<li>Entrenamiento<\/li>\n\n\n\n<li>Nivel iniciaci\u00f3n- 0- 1-2<\/li>\n\n\n\n<li>09:00 hrs a 10:30 hrs<\/li>\n<\/ul>\n\n\n\n<ul class=\"wp-block-list\">\n<li>Nivel 3-4-5-6<\/li>\n\n\n\n<li>10:30 hrs a 12:00 hrs<\/li>\n<\/ul>\n\n\n\n<ul class=\"wp-block-list\">\n<li>Lugar: Carpeta estadio mayor<\/li>\n<\/ul>\n\n\n\n<p><strong>Profesor a cargo:<\/strong><\/p>\n\n\n\n<p><strong>Yabet Oblitas<\/strong><\/p>\n\n\n\n<p>Competencia nivel 1<\/p>\n\n\n\n<p>Lugar: Colegio SSCC Alameda<\/p>\n\n\n\n<p>Horario citaci\u00f3n 10:50 hrs<\/p>\n\n\n\n<p><strong>Profesoras a cargo:<\/strong><\/p>\n\n\n\n<p><strong>Loreto Erazo<\/strong><\/p>\n\n\n\n<p><strong>Millaray Albornoz<\/strong><\/p>\n\n\n\n<p class=\"has-cyan-bluish-gray-background-color has-background\"><strong>NATACI\u00d3N<\/strong><\/p>\n\n\n\n<ul class=\"wp-block-list\">\n<li>Entrenamiento<\/li>\n\n\n\n<li>09:00 a 11:00 hrs. Grupo competencia<\/li>\n\n\n\n<li>11.00 a 12.00 hrs. Grupo 1ro a 5to b\u00e1sico<\/li>\n\n\n\n<li>Lugar: Piscina Estadio Mayor<\/li>\n<\/ul>\n\n\n\n<p><strong>Profesores a cargo:<\/strong><\/p>\n\n\n\n<p><strong>&#8211; Katalina Bravo<\/strong><\/p>\n\n\n\n<p><strong>&#8211; <\/strong><strong>\u2060<\/strong><strong>Nicolas Frias<\/strong><\/p>\n\n\n\n<ul class=\"wp-block-list\">\n<li>Competencia Copa Chile 2<\/li>\n\n\n\n<li>Lugar: Estadio Nacional<\/li>\n\n\n\n<li>Ambas piscinas<\/li>\n\n\n\n<li>Viernes: 14:00 a 20:10 hrs.<\/li>\n\n\n\n<li>S\u00e1bado: 08:00 a 17:00 hrs.<\/li>\n<\/ul>\n\n\n\n<p><strong>Profesores a cargo:<\/strong><\/p>\n\n\n\n<p><strong>\u2060<\/strong><strong>Sim<\/strong><strong>\u00f3<\/strong><strong>n Fern<\/strong><strong>\u00e1<\/strong><strong>ndez<\/strong><\/p>\n\n\n\n<p><strong>\u2060<\/strong><strong>Mat\u00edas Jaque<\/strong><\/p>\n\n\n\n<p class=\"has-cyan-bluish-gray-background-color has-background\"><strong>VOLEIBOL MASCULINO<\/strong><\/p>\n\n\n\n<ul class=\"wp-block-list\">\n<li>Categor\u00eda Superior<\/li>\n\n\n\n<li>Entrenamiento Suspendido<\/li>\n<\/ul>\n\n\n\n<ul class=\"wp-block-list\">\n<li>Categor\u00eda infantil<\/li>\n\n\n\n<li>Entrenamiento<\/li>\n\n\n\n<li>citaci\u00f3n 10:30 hrs.<\/li>\n\n\n\n<li>Lugar: Foro<\/li>\n<\/ul>\n\n\n\n<ul class=\"wp-block-list\">\n<li>Categor\u00eda Mini<\/li>\n\n\n\n<li>Entrenamiento y amistoso masivo (1\u00b0 a 5\u00b0)<\/li>\n\n\n\n<li>citaci\u00f3n: 09:00 hrs.<\/li>\n\n\n\n<li>Lugar: Foro<\/li>\n<\/ul>\n\n\n\n<p><strong>Profesor a cargo:<\/strong><\/p>\n\n\n\n<p><strong>Joaqu\u00edn M\u00e9ndez<\/strong><\/p>\n\n\n\n<p><strong>Valent\u00edn Tamayo<\/strong><\/p>\n\n\n\n<p class=\"has-cyan-bluish-gray-background-color has-background\"><strong>VOLEIBOL FEMENINO<\/strong><\/p>\n\n\n\n<ul class=\"wp-block-list\">\n<li>Categor\u00eda Superior<\/li>\n\n\n\n<li>Torneo UC<\/li>\n\n\n\n<li>citaci\u00f3n: 08:15 hrs.<\/li>\n\n\n\n<li>Rival: Colegio San Benito.<\/li>\n\n\n\n<li>Lugar: Carpeta Estadio Mayor<\/li>\n<\/ul>\n\n\n\n<ul class=\"wp-block-list\">\n<li>Categor\u00eda Infantil<\/li>\n\n\n\n<li>Encuentro Amistoso<\/li>\n\n\n\n<li>citaci\u00f3n: 09:30 hrs.<\/li>\n\n\n\n<li>Rival: Colegio Santa Cruz de Chicureo.<\/li>\n\n\n\n<li>Lugar: Foro, Colegio Mayor<\/li>\n<\/ul>\n\n\n\n<p><strong>Categor\u00eda mini<\/strong><\/p>\n\n\n\n<p><strong>Entrenamiento suspendido<\/strong><\/p>\n\n\n\n<ul class=\"wp-block-list\">\n<li>Escuela Deportiva<\/li>\n\n\n\n<li>1ro a 5to b\u00e1sico.<\/li>\n\n\n\n<li>Masivo de Voleibol<\/li>\n\n\n\n<li>citaci\u00f3n: 08:40 hrs.<\/li>\n\n\n\n<li>Rival: Colegio Hebreo y Trewhelas de Providencia.<\/li>\n\n\n\n<li>Lugar: Colegio Mayor Pe\u00f1alol\u00e9n, Foro.<\/li>\n<\/ul>\n\n\n\n<p><strong>Profesor a cargo:<\/strong><\/p>\n\n\n\n<p><strong>Pablo Beltr\u00e1n<\/strong><\/p>\n\n\n\n<p><strong>Joaqu\u00edn M\u00e9ndez<\/strong><\/p>\n\n\n\n<p class=\"has-cyan-bluish-gray-background-color has-background\"><strong>TENIS<\/strong><\/p>\n\n\n\n<ul class=\"wp-block-list\">\n<li>Entrenamiento<\/li>\n\n\n\n<li>Lugar: Canchas de tenis<\/li>\n\n\n\n<li>Primer grupo infantil de 09:00 a 10:20 hrs.<\/li>\n\n\n\n<li>Segundo grupo Intermedia de 10:30 a 12:00 hrs.<\/li>\n<\/ul>\n\n\n\n<p><strong>Profesor a cargo:<\/strong><\/p>\n\n\n\n<p><strong>Hern\u00e1n P\u00e9rez<\/strong><\/p>\n\n\n\n<ul class=\"wp-block-list\">\n<li>Participaci\u00f3n en el torneo Mario Caracci\u00a0<\/li>\n\n\n\n<li>Lugar: Estadio Universidad Cat\u00f3lica\u00a0\u00a0<\/li>\n\n\n\n<li>damas categor\u00eda 16 a\u00f1os.<\/li>\n\n\n\n<li>Hora: 13:30 hrs.<\/li>\n<\/ul>\n\n\n\n<p><strong>Profesor a cargo:<\/strong><\/p>\n\n\n\n<p><strong>Claudio Catal\u00e1n<\/strong><\/p>\n\n\n\n<p class=\"has-cyan-bluish-gray-background-color has-background\"><strong>CHEERLEADERS<\/strong><\/p>\n\n\n\n<p>Entrenamiento<\/p>\n\n\n\n<ul class=\"wp-block-list\">\n<li>09:00 a 10:45 hrs. categor\u00eda Junior<\/li>\n\n\n\n<li>10:45 a 12:30 hrs. categor\u00eda Senior<\/li>\n<\/ul>\n\n\n\n<p>Lugar: Foro<\/p>\n\n\n\n<p><strong>Profesores a cargo:<\/strong><\/p>\n\n\n\n<p><strong>Daniela Acu\u00f1a<\/strong><\/p>\n\n\n\n<p><strong>Ricardo Vergara<\/strong><\/p>\n","protected":false},"excerpt":{"rendered":"<p>ATLETISMO Profesores a cargo: Claudio Ulloa Mario G\u00f3mez \u00darsula Rebolledo Carlos Soto B\u00c1SQUETBOL Fecha 2 Torneo UC Profesor a cargo: Nicol\u00e1s Ortiz Liforbasket Profesor a cargo: Carlos Cerecera Suspendido entrenamiento mini e infantil. F\u00daTBOL Profesores a cargo: Pablo S\u00e1nchez Edgard Vargas GIMNASIA ART\u00cdSTICA Profesor a&nbsp;<a href=\"https:\/\/webpe.colegiomayor.cl\/?p=37528\">&hellip;<\/a><\/p>\n","protected":false},"author":5,"featured_media":37529,"comment_status":"closed","ping_status":"closed","sticky":false,"template":"","format":"standard","meta":{"content-type":"","footnotes":""},"categories":[25],"tags":[],"class_list":["post-37528","post","type-post","status-publish","format-standard","has-post-thumbnail","hentry","category-deportes","odd"],"rttpg_featured_image_url":{"full":["https:\/\/webpe.colegiomayor.cl\/wp-content\/uploads\/2025\/04\/9660.jpg",1984,1417,false],"landscape":["https:\/\/webpe.colegiomayor.cl\/wp-content\/uploads\/2025\/04\/9660.jpg",1984,1417,false],"portraits":["https:\/\/webpe.colegiomayor.cl\/wp-content\/uploads\/2025\/04\/9660.jpg",1984,1417,false],"thumbnail":["https:\/\/webpe.colegiomayor.cl\/wp-content\/uploads\/2025\/04\/9660-150x150.jpg",150,150,true],"medium":["https:\/\/webpe.colegiomayor.cl\/wp-content\/uploads\/2025\/04\/9660-300x214.jpg",300,214,true],"large":["https:\/\/webpe.colegiomayor.cl\/wp-content\/uploads\/2025\/04\/9660-1024x731.jpg",1024,731,true],"1536x1536":["https:\/\/webpe.colegiomayor.cl\/wp-content\/uploads\/2025\/04\/9660-1536x1097.jpg",1536,1097,true],"2048x2048":["https:\/\/webpe.colegiomayor.cl\/wp-content\/uploads\/2025\/04\/9660-1984x1417.jpg",1984,1417,true],"post-thumbnail":["https:\/\/webpe.colegiomayor.cl\/wp-content\/uploads\/2025\/04\/9660-150x107.jpg",150,107,true],"ed-school-featured-image":["https:\/\/webpe.colegiomayor.cl\/wp-content\/uploads\/2025\/04\/9660-990x500.jpg",990,500,true],"ed-school-medium":["https:\/\/webpe.colegiomayor.cl\/wp-content\/uploads\/2025\/04\/9660-768x510.jpg",768,510,true],"ed-school-medium-alt":["https:\/\/webpe.colegiomayor.cl\/wp-content\/uploads\/2025\/04\/9660-768x410.jpg",768,410,true],"ed-school-square":["https:\/\/webpe.colegiomayor.cl\/wp-content\/uploads\/2025\/04\/9660-768x768.jpg",768,768,true],"ed-school-square-small":["https:\/\/webpe.colegiomayor.cl\/wp-content\/uploads\/2025\/04\/9660-420x420.jpg",420,420,true]},"rttpg_author":{"display_name":"Flor Parragu\u00e9z","author_link":"https:\/\/webpe.colegiomayor.cl\/?author=5"},"rttpg_comment":0,"rttpg_category":"<a href=\"https:\/\/webpe.colegiomayor.cl\/?cat=25\" rel=\"category\">DEPORTES<\/a>","rttpg_excerpt":"ATLETISMO Profesores a cargo: Claudio Ulloa Mario G\u00f3mez \u00darsula Rebolledo Carlos Soto B\u00c1SQUETBOL Fecha 2 Torneo UC Profesor a cargo: Nicol\u00e1s Ortiz Liforbasket Profesor a cargo: Carlos Cerecera Suspendido entrenamiento mini e infantil. F\u00daTBOL Profesores a cargo: Pablo S\u00e1nchez Edgard Vargas GIMNASIA ART\u00cdSTICA Profesor a&nbsp;&hellip;","_links":{"self":[{"href":"https:\/\/webpe.colegiomayor.cl\/index.php?rest_route=\/wp\/v2\/posts\/37528","targetHints":{"allow":["GET"]}}],"collection":[{"href":"https:\/\/webpe.colegiomayor.cl\/index.php?rest_route=\/wp\/v2\/posts"}],"about":[{"href":"https:\/\/webpe.colegiomayor.cl\/index.php?rest_route=\/wp\/v2\/types\/post"}],"author":[{"embeddable":true,"href":"https:\/\/webpe.colegiomayor.cl\/index.php?rest_route=\/wp\/v2\/users\/5"}],"replies":[{"embeddable":true,"href":"https:\/\/webpe.colegiomayor.cl\/index.php?rest_route=%2Fwp%2Fv2%2Fcomments&post=37528"}],"version-history":[{"count":1,"href":"https:\/\/webpe.colegiomayor.cl\/index.php?rest_route=\/wp\/v2\/posts\/37528\/revisions"}],"predecessor-version":[{"id":37530,"href":"https:\/\/webpe.colegiomayor.cl\/index.php?rest_route=\/wp\/v2\/posts\/37528\/revisions\/37530"}],"wp:featuredmedia":[{"embeddable":true,"href":"https:\/\/webpe.colegiomayor.cl\/index.php?rest_route=\/wp\/v2\/media\/37529"}],"wp:attachment":[{"href":"https:\/\/webpe.colegiomayor.cl\/index.php?rest_route=%2Fwp%2Fv2%2Fmedia&parent=37528"}],"wp:term":[{"taxonomy":"category","embeddable":true,"href":"https:\/\/webpe.colegiomayor.cl\/index.php?rest_route=%2Fwp%2Fv2%2Fcategories&post=37528"},{"taxonomy":"post_tag","embeddable":true,"href":"https:\/\/webpe.colegiomayor.cl\/index.php?rest_route=%2Fwp%2Fv2%2Ftags&post=37528"}],"curies":[{"name":"wp","href":"https:\/\/api.w.org\/{rel}","templated":true}]}}