{"id":32439,"date":"2024-11-25T17:19:22","date_gmt":"2024-11-25T17:19:22","guid":{"rendered":"https:\/\/webpe.colegiomayor.cl\/?p=32439"},"modified":"2024-12-11T17:26:18","modified_gmt":"2024-12-11T20:26:18","slug":"gran-logro-de-nuestros-estudiantes-en-la-expociencias-nacional-chile-2024","status":"publish","type":"post","link":"https:\/\/webpe.colegiomayor.cl\/?p=32439","title":{"rendered":"Gran logro de nuestros estudiantes en la ExpoCiencias Nacional Chile 2024"},"content":{"rendered":"\n<p class=\"has-text-align-center has-very-light-gray-background-color has-background\"><em><strong>Entre el 12 al 16 de noviembre los estudiantes Esteban Castro (8\u00b0 B\u00e1sico),&nbsp;Martina Meneses,&nbsp;Rosario P\u00e9rez, Isabella Guti\u00e9rrez y Fernanda Escobar (I\u00b0 Medio), acompa\u00f1ados por las profesoras Yenny Gacit\u00faa y Macarena Hern\u00e1ndez,&nbsp;representaron a nuestra instituci\u00f3n en la&nbsp;ExpoCiencias Nacional Chile 2024, organizada por la&nbsp;Fundaci\u00f3n Club&nbsp;Ciencias&nbsp;Chile. <\/strong><\/em><\/p>\n\n\n\n<figure class=\"wp-block-gallery has-nested-images columns-default is-cropped wp-block-gallery-1 is-layout-flex wp-block-gallery-is-layout-flex\">\n<figure class=\"wp-block-image size-large\"><img loading=\"lazy\" decoding=\"async\" width=\"1024\" height=\"768\" data-id=\"36899\" src=\"https:\/\/webpe.colegiomayor.cl\/wp-content\/uploads\/2024\/11\/35e9d990-f771-4181-8d58-f3497623c7c2-3-1024x768-1-1024x768.jpg\" alt=\"\" class=\"wp-image-36899\" srcset=\"https:\/\/webpe.colegiomayor.cl\/wp-content\/uploads\/2024\/11\/35e9d990-f771-4181-8d58-f3497623c7c2-3-1024x768-1.jpg 1024w, https:\/\/webpe.colegiomayor.cl\/wp-content\/uploads\/2024\/11\/35e9d990-f771-4181-8d58-f3497623c7c2-3-1024x768-1-300x225.jpg 300w, https:\/\/webpe.colegiomayor.cl\/wp-content\/uploads\/2024\/11\/35e9d990-f771-4181-8d58-f3497623c7c2-3-1024x768-1-150x113.jpg 150w\" sizes=\"auto, (max-width: 1024px) 100vw, 1024px\" \/><\/figure>\n<\/figure>\n\n\n\n<p>Nos llena de orgullo compartir con nuestra\ncomunidad educativa una noticia que destaca el talento y la dedicaci\u00f3n de\nnuestros estudiantes.<\/p>\n\n\n\n<p>Este importante evento reuni\u00f3 a j\u00f3venes de\ndiferentes lugares de Chile y Latinoam\u00e9rica, quienes compartieron sus\ninnovadores proyectos en torno a las \u00e1reas de Ciencia, Tecnolog\u00eda, Ingenier\u00eda y\nMatem\u00e1ticas (STEM).<\/p>\n\n\n\n<p>Nuestros estudiantes presentaron proyectos que destacaron por su originalidad y enfoque en la resoluci\u00f3n de problemas actuales, demostrando un nivel de preparaci\u00f3n y pasi\u00f3n que nos enorgullece profundamente. Cada uno de ellos defendi\u00f3 sus ideas con gran elocuencia y rigor cient\u00edfico, gan\u00e1ndose el reconocimiento de los jueces y del p\u00fablico asistente.<\/p>\n\n\n\n<figure class=\"wp-block-image size-large\"><img loading=\"lazy\" decoding=\"async\" width=\"1024\" height=\"768\" src=\"https:\/\/webpe.colegiomayor.cl\/wp-content\/uploads\/2024\/11\/105e4a7f-90c6-4572-b711-27c95ce7e9de-1-1024x768.jpg\" alt=\"\" class=\"wp-image-36946\" srcset=\"https:\/\/webpe.colegiomayor.cl\/wp-content\/uploads\/2024\/11\/105e4a7f-90c6-4572-b711-27c95ce7e9de-1-1024x768.jpg 1024w, https:\/\/webpe.colegiomayor.cl\/wp-content\/uploads\/2024\/11\/105e4a7f-90c6-4572-b711-27c95ce7e9de-1-300x225.jpg 300w, https:\/\/webpe.colegiomayor.cl\/wp-content\/uploads\/2024\/11\/105e4a7f-90c6-4572-b711-27c95ce7e9de-1.jpg 1600w\" sizes=\"auto, (max-width: 1024px) 100vw, 1024px\" \/><\/figure>\n\n\n\n<p>Los estudiantes nos comentan que, &#8220;Fue una\nexperiencia sumamente enriquecedora en el \u00e1mbito de relaciones interpersonales,\nacad\u00e9micas y cient\u00edficas. Conocer proyectos de diferentes lugares de Chile y\nLatinoam\u00e9rica nos otorg\u00f3 una experiencia invaluable en cuanto a nuestro\naprendizaje y \u00e9sto nos motiva a trabajar arduamente en mejorar para participar\nen una pr\u00f3xima oportunidad.&#8221;&nbsp;<\/p>\n\n\n\n<p>Sin embargo, lo que nos llena de especial alegr\u00eda es que&nbsp;<strong>Esteban Castro<\/strong>, con su proyecto titulado&nbsp;<strong>\u201cReducci\u00f3n de Contaminaci\u00f3n por CO\u2082 utilizando un Filtro de Zeolita\u201d&nbsp;<\/strong>fue&nbsp;<strong>seleccionado entre los mejores proyectos del certamen<\/strong>. Gracias a su esfuerzo y al apoyo de sus profesores mentores, Esteban ha sido acreditado para representar a&nbsp;<strong>Chile en la ExpoCiencias Nacional Milset Brasil 2025<\/strong>, un evento internacional que se llevar\u00e1 a cabo el pr\u00f3ximo a\u00f1o y que re\u00fane a los mejores talentos juveniles de la ciencia.<\/p>\n\n\n\n<figure class=\"wp-block-image size-large\"><img loading=\"lazy\" decoding=\"async\" width=\"1024\" height=\"768\" src=\"https:\/\/webpe.colegiomayor.cl\/wp-content\/uploads\/2024\/11\/IMG_1255-1024x768-1-1024x768.jpeg\" alt=\"\" class=\"wp-image-36978\" srcset=\"https:\/\/webpe.colegiomayor.cl\/wp-content\/uploads\/2024\/11\/IMG_1255-1024x768-1.jpeg 1024w, https:\/\/webpe.colegiomayor.cl\/wp-content\/uploads\/2024\/11\/IMG_1255-1024x768-1-300x225.jpeg 300w\" sizes=\"auto, (max-width: 1024px) 100vw, 1024px\" \/><\/figure>\n\n\n\n<p>El proyecto de Esteban se centra en la\nutilizaci\u00f3n de&nbsp;<strong>filtros de zeolita<\/strong>, un material natural\ncapaz de capturar y reducir emisiones de CO\u2082, una propuesta que no solo\ndemuestra un conocimiento profundo en qu\u00edmica y&nbsp;ciencias&nbsp;ambientales,\nsino tambi\u00e9n un compromiso con el cuidado del medio ambiente. Este logro pone\nde manifiesto el impacto positivo que los j\u00f3venes pueden tener en la b\u00fasqueda\nde soluciones para los desaf\u00edos globales.<\/p>\n\n\n\n<figure class=\"wp-block-image size-large\"><img loading=\"lazy\" decoding=\"async\" width=\"1024\" height=\"768\" src=\"https:\/\/webpe.colegiomayor.cl\/wp-content\/uploads\/2024\/11\/52297c93-7742-49fc-b3dd-6b46eb644f0a-1-1024x768-1-1024x768.jpg\" alt=\"\" class=\"wp-image-37001\" srcset=\"https:\/\/webpe.colegiomayor.cl\/wp-content\/uploads\/2024\/11\/52297c93-7742-49fc-b3dd-6b46eb644f0a-1-1024x768-1.jpg 1024w, https:\/\/webpe.colegiomayor.cl\/wp-content\/uploads\/2024\/11\/52297c93-7742-49fc-b3dd-6b46eb644f0a-1-1024x768-1-300x225.jpg 300w\" sizes=\"auto, (max-width: 1024px) 100vw, 1024px\" \/><\/figure>\n\n\n\n<p>Queremos agradecer enormemente a todos los&nbsp;<strong>profesores, especialmente a Nicole Contreras y Daniel Izquierdo que fueron asesores oficiales del proyecto de Esteban, tutores y compa\u00f1eros<\/strong>&nbsp;que acompa\u00f1aron a nuestros estudiantes en este proceso, brind\u00e1ndoles su apoyo y gui\u00e1ndolos en el desarrollo de sus proyectos. El trabajo colaborativo ha sido clave para este \u00e9xito, y estamos seguros de que muchos m\u00e1s logros est\u00e1n por venir.<\/p>\n\n\n\n<figure class=\"wp-block-image size-large is-resized\"><img loading=\"lazy\" decoding=\"async\" width=\"768\" height=\"1024\" src=\"https:\/\/webpe.colegiomayor.cl\/wp-content\/uploads\/2024\/11\/WhatsApp-Image-2024-11-18-at-16.21.27-1-768x1024-1-768x1024.jpeg\" alt=\"\" class=\"wp-image-37018\" style=\"width:581px;height:774px\" srcset=\"https:\/\/webpe.colegiomayor.cl\/wp-content\/uploads\/2024\/11\/WhatsApp-Image-2024-11-18-at-16.21.27-1-768x1024-1.jpeg 768w, https:\/\/webpe.colegiomayor.cl\/wp-content\/uploads\/2024\/11\/WhatsApp-Image-2024-11-18-at-16.21.27-1-768x1024-1-225x300.jpeg 225w\" sizes=\"auto, (max-width: 768px) 100vw, 768px\" \/><\/figure>\n\n\n\n<p>Extendemos nuestras&nbsp;m\u00e1s sinceras felicitaciones&nbsp;a Esteban, Martina, Rosario, Isabella y Fernanda por su esfuerzo, dedicaci\u00f3n y compromiso. \u00a1Esperamos que su participaci\u00f3n y triunfo sirvan de inspiraci\u00f3n para toda nuestra comunidad educativa y motiven a m\u00e1s estudiantes a sumarse a futuros proyectos cient\u00edficos y tecnol\u00f3gicos!<\/p>\n\n\n\n<p>\u00a1Sigamos trabajando juntos para fomentar la\ncuriosidad y el amor por la ciencia en nuestros estudiantes! \u00a1Felicitaciones a\ntodos por este gran logro!<\/p>\n","protected":false},"excerpt":{"rendered":"<p>Entre el 12 al 16 de noviembre los estudiantes Esteban Castro (8\u00b0 B\u00e1sico),&nbsp;Martina Meneses,&nbsp;Rosario P\u00e9rez, Isabella Guti\u00e9rrez y Fernanda Escobar (I\u00b0 Medio), acompa\u00f1ados por las profesoras Yenny Gacit\u00faa y Macarena Hern\u00e1ndez,&nbsp;representaron a nuestra instituci\u00f3n en la&nbsp;ExpoCiencias Nacional Chile 2024, organizada por la&nbsp;Fundaci\u00f3n Club&nbsp;Ciencias&nbsp;Chile. Nos llena&nbsp;<a href=\"https:\/\/webpe.colegiomayor.cl\/?p=32439\">&hellip;<\/a><\/p>\n","protected":false},"author":5,"featured_media":36899,"comment_status":"closed","ping_status":"closed","sticky":false,"template":"","format":"standard","meta":{"content-type":"","footnotes":""},"categories":[23],"tags":[],"class_list":["post-32439","post","type-post","status-publish","format-standard","has-post-thumbnail","hentry","category-actualidad","odd"],"rttpg_featured_image_url":{"full":["https:\/\/webpe.colegiomayor.cl\/wp-content\/uploads\/2024\/11\/35e9d990-f771-4181-8d58-f3497623c7c2-3-1024x768-1.jpg",1024,768,false],"landscape":["https:\/\/webpe.colegiomayor.cl\/wp-content\/uploads\/2024\/11\/35e9d990-f771-4181-8d58-f3497623c7c2-3-1024x768-1.jpg",1024,768,false],"portraits":["https:\/\/webpe.colegiomayor.cl\/wp-content\/uploads\/2024\/11\/35e9d990-f771-4181-8d58-f3497623c7c2-3-1024x768-1.jpg",1024,768,false],"thumbnail":["https:\/\/webpe.colegiomayor.cl\/wp-content\/uploads\/2024\/11\/35e9d990-f771-4181-8d58-f3497623c7c2-3-1024x768-1-150x150.jpg",150,150,true],"medium":["https:\/\/webpe.colegiomayor.cl\/wp-content\/uploads\/2024\/11\/35e9d990-f771-4181-8d58-f3497623c7c2-3-1024x768-1-300x225.jpg",300,225,true],"large":["https:\/\/webpe.colegiomayor.cl\/wp-content\/uploads\/2024\/11\/35e9d990-f771-4181-8d58-f3497623c7c2-3-1024x768-1-1024x768.jpg",1024,768,true],"1536x1536":["https:\/\/webpe.colegiomayor.cl\/wp-content\/uploads\/2024\/11\/35e9d990-f771-4181-8d58-f3497623c7c2-3-1024x768-1-1024x768.jpg",1024,768,true],"2048x2048":["https:\/\/webpe.colegiomayor.cl\/wp-content\/uploads\/2024\/11\/35e9d990-f771-4181-8d58-f3497623c7c2-3-1024x768-1-1024x768.jpg",1024,768,true],"post-thumbnail":["https:\/\/webpe.colegiomayor.cl\/wp-content\/uploads\/2024\/11\/35e9d990-f771-4181-8d58-f3497623c7c2-3-1024x768-1-150x113.jpg",150,113,true],"ed-school-featured-image":["https:\/\/webpe.colegiomayor.cl\/wp-content\/uploads\/2024\/11\/35e9d990-f771-4181-8d58-f3497623c7c2-3-1024x768-1-990x500.jpg",990,500,true],"ed-school-medium":["https:\/\/webpe.colegiomayor.cl\/wp-content\/uploads\/2024\/11\/35e9d990-f771-4181-8d58-f3497623c7c2-3-1024x768-1-768x510.jpg",768,510,true],"ed-school-medium-alt":["https:\/\/webpe.colegiomayor.cl\/wp-content\/uploads\/2024\/11\/35e9d990-f771-4181-8d58-f3497623c7c2-3-1024x768-1-768x410.jpg",768,410,true],"ed-school-square":["https:\/\/webpe.colegiomayor.cl\/wp-content\/uploads\/2024\/11\/35e9d990-f771-4181-8d58-f3497623c7c2-3-1024x768-1-768x768.jpg",768,768,true],"ed-school-square-small":["https:\/\/webpe.colegiomayor.cl\/wp-content\/uploads\/2024\/11\/35e9d990-f771-4181-8d58-f3497623c7c2-3-1024x768-1-420x420.jpg",420,420,true]},"rttpg_author":{"display_name":"Flor Parragu\u00e9z","author_link":"https:\/\/webpe.colegiomayor.cl\/?author=5"},"rttpg_comment":0,"rttpg_category":"<a href=\"https:\/\/webpe.colegiomayor.cl\/?cat=23\" rel=\"category\">COLEGIO<\/a>","rttpg_excerpt":"Entre el 12 al 16 de noviembre los estudiantes Esteban Castro (8\u00b0 B\u00e1sico),&nbsp;Martina Meneses,&nbsp;Rosario P\u00e9rez, Isabella Guti\u00e9rrez y Fernanda Escobar (I\u00b0 Medio), acompa\u00f1ados por las profesoras Yenny Gacit\u00faa y Macarena Hern\u00e1ndez,&nbsp;representaron a nuestra instituci\u00f3n en la&nbsp;ExpoCiencias Nacional Chile 2024, organizada por la&nbsp;Fundaci\u00f3n Club&nbsp;Ciencias&nbsp;Chile. Nos llena&nbsp;&hellip;","_links":{"self":[{"href":"https:\/\/webpe.colegiomayor.cl\/index.php?rest_route=\/wp\/v2\/posts\/32439","targetHints":{"allow":["GET"]}}],"collection":[{"href":"https:\/\/webpe.colegiomayor.cl\/index.php?rest_route=\/wp\/v2\/posts"}],"about":[{"href":"https:\/\/webpe.colegiomayor.cl\/index.php?rest_route=\/wp\/v2\/types\/post"}],"author":[{"embeddable":true,"href":"https:\/\/webpe.colegiomayor.cl\/index.php?rest_route=\/wp\/v2\/users\/5"}],"replies":[{"embeddable":true,"href":"https:\/\/webpe.colegiomayor.cl\/index.php?rest_route=%2Fwp%2Fv2%2Fcomments&post=32439"}],"version-history":[{"count":2,"href":"https:\/\/webpe.colegiomayor.cl\/index.php?rest_route=\/wp\/v2\/posts\/32439\/revisions"}],"predecessor-version":[{"id":37023,"href":"https:\/\/webpe.colegiomayor.cl\/index.php?rest_route=\/wp\/v2\/posts\/32439\/revisions\/37023"}],"wp:featuredmedia":[{"embeddable":true,"href":"https:\/\/webpe.colegiomayor.cl\/index.php?rest_route=\/wp\/v2\/media\/36899"}],"wp:attachment":[{"href":"https:\/\/webpe.colegiomayor.cl\/index.php?rest_route=%2Fwp%2Fv2%2Fmedia&parent=32439"}],"wp:term":[{"taxonomy":"category","embeddable":true,"href":"https:\/\/webpe.colegiomayor.cl\/index.php?rest_route=%2Fwp%2Fv2%2Fcategories&post=32439"},{"taxonomy":"post_tag","embeddable":true,"href":"https:\/\/webpe.colegiomayor.cl\/index.php?rest_route=%2Fwp%2Fv2%2Ftags&post=32439"}],"curies":[{"name":"wp","href":"https:\/\/api.w.org\/{rel}","templated":true}]}}