{"id":32407,"date":"2024-11-14T19:19:28","date_gmt":"2024-11-14T19:19:28","guid":{"rendered":"https:\/\/webpe.colegiomayor.cl\/?p=32407"},"modified":"2024-12-11T17:36:57","modified_gmt":"2024-12-11T20:36:57","slug":"selecciones-deportivas-colegio-mayor-penalolen-sabado-16-de-noviembre","status":"publish","type":"post","link":"https:\/\/webpe.colegiomayor.cl\/?p=32407","title":{"rendered":"Selecciones Deportivas, Colegio Mayor Pe\u00f1alol\u00e9n, s\u00e1bado 16 de noviembre"},"content":{"rendered":"\n<figure class=\"wp-block-image size-large\"><img loading=\"lazy\" decoding=\"async\" width=\"1024\" height=\"589\" src=\"https:\/\/webpe.colegiomayor.cl\/wp-content\/uploads\/2024\/11\/1200x690-Fu\u0301tbol-1024x589-1-1024x589.png\" alt=\"\" class=\"wp-image-37024\" srcset=\"https:\/\/webpe.colegiomayor.cl\/wp-content\/uploads\/2024\/11\/1200x690-Fu\u0301tbol-1024x589-1.png 1024w, https:\/\/webpe.colegiomayor.cl\/wp-content\/uploads\/2024\/11\/1200x690-Fu\u0301tbol-1024x589-1-300x173.png 300w, https:\/\/webpe.colegiomayor.cl\/wp-content\/uploads\/2024\/11\/1200x690-Fu\u0301tbol-1024x589-1-150x86.png 150w\" sizes=\"auto, (max-width: 1024px) 100vw, 1024px\" \/><\/figure>\n\n\n\n<p class=\"has-very-light-gray-background-color has-background\"><strong>Atletismo\nSelecci\u00f3n:<\/strong><\/p>\n\n\n\n<p><strong>TORNEO COPA\nDE ATLETISMO ESCOLAR <\/strong><\/p>\n\n\n\n<p><strong>Lugar:<\/strong> Estadio San Carlos de Apoquindo<\/p>\n\n\n\n<p><strong>Horario:\n<\/strong>desde las 09:00 horas<\/p>\n\n\n\n<p><strong>Categor\u00edas:\n<\/strong>preparatoria \u2013 penecas<\/p>\n\n\n\n<p><strong>Profesores\na cargo: <\/strong>\u00darsula Rebolledo \u2013 Javiera Gonz\u00e1lez \u2013 Claudio\nUlloa \u2013 Carlos Soto<\/p>\n\n\n\n<p><strong>ENTRENAMIENTO\nSUSPENDIDO<\/strong><\/p>\n\n\n\n<p class=\"has-very-light-gray-background-color has-background\"><strong>B\u00e1squetbol<\/strong><\/p>\n\n\n\n<p><strong>DOMINGO\n18 DE NOVIEMBRE PREMIACI\u00d3N METROU11<\/strong><\/p>\n\n\n\n<p><strong>Lugar:<\/strong>&nbsp; Edificio de deportes UC, Camino\nLas Flores 13000, Las condes<\/p>\n\n\n\n<p><strong>Horario:\n<\/strong>desde las 16:00 horas<\/p>\n\n\n\n<p><strong>Partidos<\/strong><\/p>\n\n\n\n<p>18:00 horas CMPE V\/S TEAM PALMARES<\/p>\n\n\n\n<p>19:20 horas CMPE V\/S BASKET UC<\/p>\n\n\n\n<p><strong>Categor\u00edas:<\/strong> U11<\/p>\n\n\n\n<p><strong>Profesora\na cargo:<\/strong> Carlos Cerecera \u2013 Nicol\u00e1s Ortiz <\/p>\n\n\n\n<p><strong>ENTRENAMIENTOS\nSUSPENDIDOS<\/strong><\/p>\n\n\n\n<p class=\"has-very-light-gray-background-color has-background\"><strong>Cheerleaders<\/strong><\/p>\n\n\n\n<p><strong>ENTRENAMIENTOS\nSUSPENDIDOS POR GIRA INTERNACIONAL <\/strong><\/p>\n\n\n\n<p class=\"has-very-light-gray-background-color has-background\"><strong>F\u00fatbol<\/strong><\/p>\n\n\n\n<p><strong>TORNEO\nUC PARTIDO CMPE V\/S COLEGIO SAN ISIDRO<\/strong><\/p>\n\n\n\n<p><strong>Lugar:<\/strong> Club deportivo CACIQUE DE BUIN, calle 1 600-634 Buin<\/p>\n\n\n\n<p><strong>Horario<\/strong>: desde 09:00 horas<\/p>\n\n\n\n<p><strong>Categor\u00edas:<\/strong> infantil<\/p>\n\n\n\n<p><strong>Profesores\na Cargo:<\/strong> Pablo S\u00e1nchez &#8211; Edgar Vargas<\/p>\n\n\n\n<p><strong>ENTRENAMIENTO\nSUSPENDIDO INTERMEDIA \/ SUPERIOR \/ MINI<\/strong><\/p>\n\n\n\n<p class=\"has-very-light-gray-background-color has-background\"><strong>Gimnasia\nArt\u00edstica<\/strong><\/p>\n\n\n\n<p><strong>COMPETENCIA\nLEGA NIVEL 4 \u2013 5 Y 6<\/strong><\/p>\n\n\n\n<p><strong>Lugar: <\/strong>Colegio SSCC Alameda<\/p>\n\n\n\n<p><strong>Horario:\n<\/strong>08:50 horas<\/p>\n\n\n\n<p><strong>Profesor\na Cargo:<\/strong> Millaray Albornoz \u2013 Yabhet Albornoz<\/p>\n\n\n\n<p><strong>ENTRENAMIENTO\nSUSPENDIDO<\/strong><\/p>\n\n\n\n<p class=\"has-very-light-gray-background-color has-background\"><strong>Nataci\u00f3n<\/strong><\/p>\n\n\n\n<p><strong>ENTRENAMIENTO\nNORMAL<\/strong><\/p>\n\n\n\n<p><strong>Lugar: <\/strong>Piscina Estadio Mayor<\/p>\n\n\n\n<p><strong>Horario:\n<\/strong>De 10:30 a 12:00 horas<\/p>\n\n\n\n<p><strong>Categor\u00edas:\n<\/strong>Todas <\/p>\n\n\n\n<p>Profesores a cargo: Marly Delgado &#8211; Nicol\u00e1s\nFr\u00edas<\/p>\n\n\n\n<p>TORNEO CLAISFICATORIO GYMNASIADA 2025 UC <\/p>\n\n\n\n<p>Lugar: Piscina San Carlos de Apoquindo UC<\/p>\n\n\n\n<p>Horario: desde las 14:00 horas<\/p>\n\n\n\n<p>Categor\u00edas: 2012 \u2013 2011 \u2013 2010<\/p>\n\n\n\n<p>Profesores a cargo: Mat\u00edas Jaque \u2013 Sim\u00f3n\nFern\u00e1ndez <\/p>\n\n\n\n<p class=\"has-very-light-gray-background-color has-background\"><strong>Tenis <\/strong><\/p>\n\n\n\n<p><strong>ENTRENAMIENTO\nNORMAL<\/strong><\/p>\n\n\n\n<p><strong>Lugar: <\/strong>Canchas Estadio Mayor<\/p>\n\n\n\n<p><strong>Horario:\n<\/strong>de 09:00 a 10:20 \/ 10:30 a 12:00 horas<\/p>\n\n\n\n<p><strong>Categor\u00edas:\n<\/strong>grupo 1 \/ grupo 2<\/p>\n\n\n\n<p><strong>Profesor\na cargo: <\/strong>Sebasti\u00e1n Mondaca<\/p>\n\n\n\n<p class=\"has-very-light-gray-background-color has-background\"><strong>V\u00f3leibol Femenino<\/strong><\/p>\n\n\n\n<p><strong>ENTRENAMIENTOS\nSUSPENDIDOS<\/strong><\/p>\n\n\n\n<p class=\"has-very-light-gray-background-color has-background\"><strong>V\u00f3leibol Masculino<\/strong><\/p>\n\n\n\n<p><strong>TORNEO\nUC CMPE V\/S COLEGIO DON ORIONE <\/strong><\/p>\n\n\n\n<p><strong>Lugar: <\/strong>Colegio SSCC Manquehue<\/p>\n\n\n\n<p><strong>Horario:\n<\/strong>desde las 11:00 horas<\/p>\n\n\n\n<p><strong>Categor\u00eda:\n<\/strong>Infantil <\/p>\n\n\n\n<p><strong>Profesores\na cargo<\/strong>: Valent\u00edn Tamayo \u2013 Pablo Beltr\u00e1n <\/p>\n\n\n\n<p><strong>ENTRENAMIENTO\nSUSPENDIDO SUPERIOR<\/strong><\/p>\n\n\n\n<p><strong>CATEGOR\u00cdA\nMINI SIN PROGRAMACI\u00d3N ACTUALMENTE<\/strong><\/p>\n","protected":false},"excerpt":{"rendered":"<p>Atletismo Selecci\u00f3n: TORNEO COPA DE ATLETISMO ESCOLAR Lugar: Estadio San Carlos de Apoquindo Horario: desde las 09:00 horas Categor\u00edas: preparatoria \u2013 penecas Profesores a cargo: \u00darsula Rebolledo \u2013 Javiera Gonz\u00e1lez \u2013 Claudio Ulloa \u2013 Carlos Soto ENTRENAMIENTO SUSPENDIDO B\u00e1squetbol DOMINGO 18 DE NOVIEMBRE PREMIACI\u00d3N METROU11&nbsp;<a href=\"https:\/\/webpe.colegiomayor.cl\/?p=32407\">&hellip;<\/a><\/p>\n","protected":false},"author":5,"featured_media":37024,"comment_status":"closed","ping_status":"closed","sticky":false,"template":"","format":"standard","meta":{"content-type":"","footnotes":""},"categories":[25],"tags":[],"class_list":["post-32407","post","type-post","status-publish","format-standard","has-post-thumbnail","hentry","category-deportes","odd"],"rttpg_featured_image_url":{"full":["https:\/\/webpe.colegiomayor.cl\/wp-content\/uploads\/2024\/11\/1200x690-Fu\u0301tbol-1024x589-1.png",1024,589,false],"landscape":["https:\/\/webpe.colegiomayor.cl\/wp-content\/uploads\/2024\/11\/1200x690-Fu\u0301tbol-1024x589-1.png",1024,589,false],"portraits":["https:\/\/webpe.colegiomayor.cl\/wp-content\/uploads\/2024\/11\/1200x690-Fu\u0301tbol-1024x589-1.png",1024,589,false],"thumbnail":["https:\/\/webpe.colegiomayor.cl\/wp-content\/uploads\/2024\/11\/1200x690-Fu\u0301tbol-1024x589-1-150x150.png",150,150,true],"medium":["https:\/\/webpe.colegiomayor.cl\/wp-content\/uploads\/2024\/11\/1200x690-Fu\u0301tbol-1024x589-1-300x173.png",300,173,true],"large":["https:\/\/webpe.colegiomayor.cl\/wp-content\/uploads\/2024\/11\/1200x690-Fu\u0301tbol-1024x589-1-1024x589.png",1024,589,true],"1536x1536":["https:\/\/webpe.colegiomayor.cl\/wp-content\/uploads\/2024\/11\/1200x690-Fu\u0301tbol-1024x589-1-1024x589.png",1024,589,true],"2048x2048":["https:\/\/webpe.colegiomayor.cl\/wp-content\/uploads\/2024\/11\/1200x690-Fu\u0301tbol-1024x589-1-1024x589.png",1024,589,true],"post-thumbnail":["https:\/\/webpe.colegiomayor.cl\/wp-content\/uploads\/2024\/11\/1200x690-Fu\u0301tbol-1024x589-1-150x86.png",150,86,true],"ed-school-featured-image":["https:\/\/webpe.colegiomayor.cl\/wp-content\/uploads\/2024\/11\/1200x690-Fu\u0301tbol-1024x589-1-990x500.png",990,500,true],"ed-school-medium":["https:\/\/webpe.colegiomayor.cl\/wp-content\/uploads\/2024\/11\/1200x690-Fu\u0301tbol-1024x589-1-768x510.png",768,510,true],"ed-school-medium-alt":["https:\/\/webpe.colegiomayor.cl\/wp-content\/uploads\/2024\/11\/1200x690-Fu\u0301tbol-1024x589-1-768x410.png",768,410,true],"ed-school-square":["https:\/\/webpe.colegiomayor.cl\/wp-content\/uploads\/2024\/11\/1200x690-Fu\u0301tbol-1024x589-1-768x589.png",768,589,true],"ed-school-square-small":["https:\/\/webpe.colegiomayor.cl\/wp-content\/uploads\/2024\/11\/1200x690-Fu\u0301tbol-1024x589-1-420x420.png",420,420,true]},"rttpg_author":{"display_name":"Flor Parragu\u00e9z","author_link":"https:\/\/webpe.colegiomayor.cl\/?author=5"},"rttpg_comment":0,"rttpg_category":"<a href=\"https:\/\/webpe.colegiomayor.cl\/?cat=25\" rel=\"category\">DEPORTES<\/a>","rttpg_excerpt":"Atletismo Selecci\u00f3n: TORNEO COPA DE ATLETISMO ESCOLAR Lugar: Estadio San Carlos de Apoquindo Horario: desde las 09:00 horas Categor\u00edas: preparatoria \u2013 penecas Profesores a cargo: \u00darsula Rebolledo \u2013 Javiera Gonz\u00e1lez \u2013 Claudio Ulloa \u2013 Carlos Soto ENTRENAMIENTO SUSPENDIDO B\u00e1squetbol DOMINGO 18 DE NOVIEMBRE PREMIACI\u00d3N METROU11&nbsp;&hellip;","_links":{"self":[{"href":"https:\/\/webpe.colegiomayor.cl\/index.php?rest_route=\/wp\/v2\/posts\/32407","targetHints":{"allow":["GET"]}}],"collection":[{"href":"https:\/\/webpe.colegiomayor.cl\/index.php?rest_route=\/wp\/v2\/posts"}],"about":[{"href":"https:\/\/webpe.colegiomayor.cl\/index.php?rest_route=\/wp\/v2\/types\/post"}],"author":[{"embeddable":true,"href":"https:\/\/webpe.colegiomayor.cl\/index.php?rest_route=\/wp\/v2\/users\/5"}],"replies":[{"embeddable":true,"href":"https:\/\/webpe.colegiomayor.cl\/index.php?rest_route=%2Fwp%2Fv2%2Fcomments&post=32407"}],"version-history":[{"count":1,"href":"https:\/\/webpe.colegiomayor.cl\/index.php?rest_route=\/wp\/v2\/posts\/32407\/revisions"}],"predecessor-version":[{"id":37025,"href":"https:\/\/webpe.colegiomayor.cl\/index.php?rest_route=\/wp\/v2\/posts\/32407\/revisions\/37025"}],"wp:featuredmedia":[{"embeddable":true,"href":"https:\/\/webpe.colegiomayor.cl\/index.php?rest_route=\/wp\/v2\/media\/37024"}],"wp:attachment":[{"href":"https:\/\/webpe.colegiomayor.cl\/index.php?rest_route=%2Fwp%2Fv2%2Fmedia&parent=32407"}],"wp:term":[{"taxonomy":"category","embeddable":true,"href":"https:\/\/webpe.colegiomayor.cl\/index.php?rest_route=%2Fwp%2Fv2%2Fcategories&post=32407"},{"taxonomy":"post_tag","embeddable":true,"href":"https:\/\/webpe.colegiomayor.cl\/index.php?rest_route=%2Fwp%2Fv2%2Ftags&post=32407"}],"curies":[{"name":"wp","href":"https:\/\/api.w.org\/{rel}","templated":true}]}}