{"id":32398,"date":"2024-11-11T18:34:01","date_gmt":"2024-11-11T18:34:01","guid":{"rendered":"https:\/\/webpe.colegiomayor.cl\/?p=32398"},"modified":"2024-12-11T17:53:32","modified_gmt":"2024-12-11T20:53:32","slug":"competencia-de-nivel-3-de-gimnasia-artistica","status":"publish","type":"post","link":"https:\/\/webpe.colegiomayor.cl\/?p=32398","title":{"rendered":"Competencia de Nivel 3 de Gimnasia Art\u00edstica"},"content":{"rendered":"\n<p class=\"has-text-align-center has-very-light-gray-background-color has-background\"><strong><em>El pasado s\u00e1bado, en las instalaciones del Colegio La Misi\u00f3n de Calera de Tango, se llev\u00f3 a cabo la competencia de Gimnasia Art\u00edstica de Nivel 3<\/em><\/strong>, <em><strong>in<\/strong><\/em><strong><em>stancia en que la selecci\u00f3n del Colegio Mayor, integrada por 10 talentosas gimnastas de diversas categor\u00edas, demostr\u00f3 una vez m\u00e1s su compromiso y habilidades al obtener el segundo lugar por equipos.  <\/em><\/strong><\/p>\n\n\n\n<figure class=\"wp-block-image size-large\"><img loading=\"lazy\" decoding=\"async\" width=\"1024\" height=\"1024\" src=\"https:\/\/webpe.colegiomayor.cl\/wp-content\/uploads\/2024\/11\/466950535_18043039496153655_6602568704024897299_n-1024x1024.jpg\" alt=\"\" class=\"wp-image-37028\" srcset=\"https:\/\/webpe.colegiomayor.cl\/wp-content\/uploads\/2024\/11\/466950535_18043039496153655_6602568704024897299_n-1024x1024.jpg 1024w, https:\/\/webpe.colegiomayor.cl\/wp-content\/uploads\/2024\/11\/466950535_18043039496153655_6602568704024897299_n-150x150.jpg 150w, https:\/\/webpe.colegiomayor.cl\/wp-content\/uploads\/2024\/11\/466950535_18043039496153655_6602568704024897299_n-300x300.jpg 300w, https:\/\/webpe.colegiomayor.cl\/wp-content\/uploads\/2024\/11\/466950535_18043039496153655_6602568704024897299_n.jpg 1080w, https:\/\/webpe.colegiomayor.cl\/wp-content\/uploads\/2024\/11\/466950535_18043039496153655_6602568704024897299_n-768x768.jpg 768w, https:\/\/webpe.colegiomayor.cl\/wp-content\/uploads\/2024\/11\/466950535_18043039496153655_6602568704024897299_n-420x420.jpg 420w\" sizes=\"auto, (max-width: 1024px) 100vw, 1024px\" \/><\/figure>\n\n\n\n<p>Gracias a este resultado, el equipo del Colegio Mayor mantiene su\nliderazgo en la tabla semestral,\nreafirmando su posici\u00f3n como uno de los principales contendientes en la liga.\nEste logro es un reflejo del arduo trabajo de las gimnastas, as\u00ed como del apoyo\nconstante de sus familias.<\/p>\n\n\n\n<p>Sin embargo, esta competencia tuvo un matiz especial y emotivo, ya que\nmarc\u00f3 la despedida de una de nuestras gimnastas con mayor trayectoria, Catalina\nMorales, quien termina su etapa escolar este a\u00f1o. Tras a\u00f1os de dedicaci\u00f3n,\ndisciplina y entrega, esta fue su \u00faltima competencia representando al Colegio\nMayor. Su contribuci\u00f3n al equipo ha sido invaluable, tanto por sus logros deportivos\ncomo por su liderazgo y esp\u00edritu de compa\u00f1erismo.<\/p>\n\n\n\n<p>Le deseamos el mayor de los \u00e9xitos en esta nueva etapa de su vida,\nsabiendo que los valores y aprendizajes de la gimnasia la acompa\u00f1ar\u00e1n siempre.\n\u00a1Gracias por todo y hasta siempre!<\/p>\n","protected":false},"excerpt":{"rendered":"<p>El pasado s\u00e1bado, en las instalaciones del Colegio La Misi\u00f3n de Calera de Tango, se llev\u00f3 a cabo la competencia de Gimnasia Art\u00edstica de Nivel 3, instancia en que la selecci\u00f3n del Colegio Mayor, integrada por 10 talentosas gimnastas de diversas categor\u00edas, demostr\u00f3 una vez&nbsp;<a href=\"https:\/\/webpe.colegiomayor.cl\/?p=32398\">&hellip;<\/a><\/p>\n","protected":false},"author":5,"featured_media":37028,"comment_status":"closed","ping_status":"closed","sticky":false,"template":"","format":"standard","meta":{"content-type":"","footnotes":""},"categories":[25],"tags":[],"class_list":["post-32398","post","type-post","status-publish","format-standard","has-post-thumbnail","hentry","category-deportes","odd"],"rttpg_featured_image_url":{"full":["https:\/\/webpe.colegiomayor.cl\/wp-content\/uploads\/2024\/11\/466950535_18043039496153655_6602568704024897299_n.jpg",1080,1080,false],"landscape":["https:\/\/webpe.colegiomayor.cl\/wp-content\/uploads\/2024\/11\/466950535_18043039496153655_6602568704024897299_n.jpg",1080,1080,false],"portraits":["https:\/\/webpe.colegiomayor.cl\/wp-content\/uploads\/2024\/11\/466950535_18043039496153655_6602568704024897299_n.jpg",1080,1080,false],"thumbnail":["https:\/\/webpe.colegiomayor.cl\/wp-content\/uploads\/2024\/11\/466950535_18043039496153655_6602568704024897299_n-150x150.jpg",150,150,true],"medium":["https:\/\/webpe.colegiomayor.cl\/wp-content\/uploads\/2024\/11\/466950535_18043039496153655_6602568704024897299_n-300x300.jpg",300,300,true],"large":["https:\/\/webpe.colegiomayor.cl\/wp-content\/uploads\/2024\/11\/466950535_18043039496153655_6602568704024897299_n-1024x1024.jpg",1024,1024,true],"1536x1536":["https:\/\/webpe.colegiomayor.cl\/wp-content\/uploads\/2024\/11\/466950535_18043039496153655_6602568704024897299_n-1080x1080.jpg",1080,1080,true],"2048x2048":["https:\/\/webpe.colegiomayor.cl\/wp-content\/uploads\/2024\/11\/466950535_18043039496153655_6602568704024897299_n-1080x1080.jpg",1080,1080,true],"post-thumbnail":["https:\/\/webpe.colegiomayor.cl\/wp-content\/uploads\/2024\/11\/466950535_18043039496153655_6602568704024897299_n-150x150.jpg",150,150,true],"ed-school-featured-image":["https:\/\/webpe.colegiomayor.cl\/wp-content\/uploads\/2024\/11\/466950535_18043039496153655_6602568704024897299_n-990x500.jpg",990,500,true],"ed-school-medium":["https:\/\/webpe.colegiomayor.cl\/wp-content\/uploads\/2024\/11\/466950535_18043039496153655_6602568704024897299_n-768x510.jpg",768,510,true],"ed-school-medium-alt":["https:\/\/webpe.colegiomayor.cl\/wp-content\/uploads\/2024\/11\/466950535_18043039496153655_6602568704024897299_n-768x410.jpg",768,410,true],"ed-school-square":["https:\/\/webpe.colegiomayor.cl\/wp-content\/uploads\/2024\/11\/466950535_18043039496153655_6602568704024897299_n-768x768.jpg",768,768,true],"ed-school-square-small":["https:\/\/webpe.colegiomayor.cl\/wp-content\/uploads\/2024\/11\/466950535_18043039496153655_6602568704024897299_n-420x420.jpg",420,420,true]},"rttpg_author":{"display_name":"Flor Parragu\u00e9z","author_link":"https:\/\/webpe.colegiomayor.cl\/?author=5"},"rttpg_comment":0,"rttpg_category":"<a href=\"https:\/\/webpe.colegiomayor.cl\/?cat=25\" rel=\"category\">DEPORTES<\/a>","rttpg_excerpt":"El pasado s\u00e1bado, en las instalaciones del Colegio La Misi\u00f3n de Calera de Tango, se llev\u00f3 a cabo la competencia de Gimnasia Art\u00edstica de Nivel 3, instancia en que la selecci\u00f3n del Colegio Mayor, integrada por 10 talentosas gimnastas de diversas categor\u00edas, demostr\u00f3 una vez&nbsp;&hellip;","_links":{"self":[{"href":"https:\/\/webpe.colegiomayor.cl\/index.php?rest_route=\/wp\/v2\/posts\/32398","targetHints":{"allow":["GET"]}}],"collection":[{"href":"https:\/\/webpe.colegiomayor.cl\/index.php?rest_route=\/wp\/v2\/posts"}],"about":[{"href":"https:\/\/webpe.colegiomayor.cl\/index.php?rest_route=\/wp\/v2\/types\/post"}],"author":[{"embeddable":true,"href":"https:\/\/webpe.colegiomayor.cl\/index.php?rest_route=\/wp\/v2\/users\/5"}],"replies":[{"embeddable":true,"href":"https:\/\/webpe.colegiomayor.cl\/index.php?rest_route=%2Fwp%2Fv2%2Fcomments&post=32398"}],"version-history":[{"count":1,"href":"https:\/\/webpe.colegiomayor.cl\/index.php?rest_route=\/wp\/v2\/posts\/32398\/revisions"}],"predecessor-version":[{"id":37029,"href":"https:\/\/webpe.colegiomayor.cl\/index.php?rest_route=\/wp\/v2\/posts\/32398\/revisions\/37029"}],"wp:featuredmedia":[{"embeddable":true,"href":"https:\/\/webpe.colegiomayor.cl\/index.php?rest_route=\/wp\/v2\/media\/37028"}],"wp:attachment":[{"href":"https:\/\/webpe.colegiomayor.cl\/index.php?rest_route=%2Fwp%2Fv2%2Fmedia&parent=32398"}],"wp:term":[{"taxonomy":"category","embeddable":true,"href":"https:\/\/webpe.colegiomayor.cl\/index.php?rest_route=%2Fwp%2Fv2%2Fcategories&post=32398"},{"taxonomy":"post_tag","embeddable":true,"href":"https:\/\/webpe.colegiomayor.cl\/index.php?rest_route=%2Fwp%2Fv2%2Ftags&post=32398"}],"curies":[{"name":"wp","href":"https:\/\/api.w.org\/{rel}","templated":true}]}}