{"id":32367,"date":"2024-11-11T14:23:34","date_gmt":"2024-11-11T14:23:34","guid":{"rendered":"https:\/\/webpe.colegiomayor.cl\/?p=32367"},"modified":"2024-11-11T14:23:34","modified_gmt":"2024-11-11T14:23:34","slug":"xivo-festival-de-la-voz-mi-mayor-2024","status":"publish","type":"post","link":"https:\/\/webpe.colegiomayor.cl\/?p=32367","title":{"rendered":"XIV\u00ba Festival de la Voz Mi Mayor 2024"},"content":{"rendered":"\n<p class=\"has-background has-text-align-center has-very-light-gray-background-color\"><strong><em>El d\u00eda viernes 25 de octubre se llev\u00f3 a cabo el XIV\u00ba Festival de la Voz Mi Mayor 2024, evento que cont\u00f3 con la participaci\u00f3n de estudiantes y profesores divididos en cuatro categor\u00edas.<\/em><\/strong><\/p>\n\n\n\n<p>La obertura del Festival la hizo: Roc\u00edo Orcaistegui D. Ex. Estudiante, egresada 2027.<\/p>\n\n\n\n<figure class=\"wp-block-image size-large\"><img decoding=\"async\" src=\"https:\/\/webpe.colegiomayor.cl\/wp-content\/uploads\/Ex-alumna_Roc\u00edo-Orcaistegui.jpg\" alt=\"\" class=\"wp-image-32368\"\/><\/figure>\n\n\n\n<p class=\"has-background has-cyan-bluish-gray-background-color\"><br><strong> Ganadores Festival de la voz 2024:<\/strong><\/p>\n\n\n\n<p class=\"has-background has-very-light-gray-background-color\"><strong>Categor\u00eda La menor 3\u00ba a 5\u00ba B\u00e1sico:<\/strong><br> 3\u00b0 Lugar: Tom\u00e1s Espinoza P. \u2013 4\u00b0A<br> 2\u00ba Lugar: Josefa Salda\u00f1a L, 5\u00b0D.<br> 1\u00ba Lugar: Amanda Herz D, 5\u00b0D.<\/p>\n\n\n\n<figure class=\"wp-block-gallery columns-2 is-cropped wp-block-gallery-1 is-layout-flex wp-block-gallery-is-layout-flex\"><ul class=\"blocks-gallery-grid\"><li class=\"blocks-gallery-item\"><figure><img decoding=\"async\" src=\"https:\/\/webpe.colegiomayor.cl\/wp-content\/uploads\/4\u00b0A_Tom\u00e1s-Espinoza.jpg\" alt=\"\" data-id=\"32379\" data-full-url=\"https:\/\/webpe.colegiomayor.cl\/wp-content\/uploads\/4\u00b0A_Tom\u00e1s-Espinoza.jpg\" data-link=\"https:\/\/webpe.colegiomayor.cl\/?attachment_id=32379\" class=\"wp-image-32379\"\/><figcaption class=\"blocks-gallery-item__caption\">Tom\u00e1s Espinoza<\/figcaption><\/figure><\/li><li class=\"blocks-gallery-item\"><figure><img decoding=\"async\" src=\"https:\/\/webpe.colegiomayor.cl\/wp-content\/uploads\/5\u00b0D_Josefa-Salda\u00f1a.jpg\" alt=\"\" data-id=\"32380\" data-full-url=\"https:\/\/webpe.colegiomayor.cl\/wp-content\/uploads\/5\u00b0D_Josefa-Salda\u00f1a.jpg\" data-link=\"https:\/\/webpe.colegiomayor.cl\/?attachment_id=32380\" class=\"wp-image-32380\"\/><figcaption class=\"blocks-gallery-item__caption\">Josefa Salda\u00f1a<\/figcaption><\/figure><\/li><\/ul><\/figure>\n\n\n\n<p class=\"has-background has-cyan-bluish-gray-background-color\"><strong>Categor\u00eda Mi menor 6\u00ba a 8\u00ba B\u00e1sico:<\/strong><br> 3\u00b0 Lugar: Camila Toro D, 7\u00b0E.<br> 2\u00ba Lugar: Josefina Mardones C, 8\u00b0E.<br> 1\u00ba Lugar: Milena Ormaz\u00e1bal B, 8\u00b0B.<\/p>\n\n\n\n<figure class=\"wp-block-gallery columns-2 is-cropped wp-block-gallery-2 is-layout-flex wp-block-gallery-is-layout-flex\"><ul class=\"blocks-gallery-grid\"><li class=\"blocks-gallery-item\"><figure><img decoding=\"async\" src=\"https:\/\/webpe.colegiomayor.cl\/wp-content\/uploads\/7\u00b0E_Camnila-Toro-680x1024.jpg\" alt=\"\" data-id=\"32383\" data-full-url=\"https:\/\/webpe.colegiomayor.cl\/wp-content\/uploads\/7\u00b0E_Camnila-Toro.jpg\" data-link=\"https:\/\/webpe.colegiomayor.cl\/?attachment_id=32383\" class=\"wp-image-32383\"\/><\/figure><\/li><li class=\"blocks-gallery-item\"><figure><img decoding=\"async\" src=\"https:\/\/webpe.colegiomayor.cl\/wp-content\/uploads\/8\u00b0E_Josefina-Caro.jpg\" alt=\"\" data-id=\"32384\" data-full-url=\"https:\/\/webpe.colegiomayor.cl\/wp-content\/uploads\/8\u00b0E_Josefina-Caro.jpg\" data-link=\"https:\/\/webpe.colegiomayor.cl\/?attachment_id=32384\" class=\"wp-image-32384\"\/><\/figure><\/li><\/ul><\/figure>\n\n\n\n<p class=\"has-background has-very-light-gray-background-color\"><strong>Categor\u00eda Mi Mayor I\u00ba A IV\u00ba:<\/strong><br> 3\u00b0 Lugar: B\u00e1rbara Ureta I, II\u00b0C.<br> 2\u00ba Lugar: Valentina Garc\u00eda C, III\u00b0C.<br> 1\u00ba Lugar: Elisa Arcos H, IV\u00b0A.<\/p>\n\n\n\n<figure class=\"wp-block-gallery columns-3 is-cropped wp-block-gallery-3 is-layout-flex wp-block-gallery-is-layout-flex\"><ul class=\"blocks-gallery-grid\"><li class=\"blocks-gallery-item\"><figure><img decoding=\"async\" src=\"https:\/\/webpe.colegiomayor.cl\/wp-content\/uploads\/IV\u00b0A_Elisa-Arcos.jpg\" alt=\"\" data-id=\"32374\" data-full-url=\"https:\/\/webpe.colegiomayor.cl\/wp-content\/uploads\/IV\u00b0A_Elisa-Arcos.jpg\" data-link=\"https:\/\/webpe.colegiomayor.cl\/?attachment_id=32374\" class=\"wp-image-32374\"\/><figcaption class=\"blocks-gallery-item__caption\">Elisa Arcos<\/figcaption><\/figure><\/li><li class=\"blocks-gallery-item\"><figure><img decoding=\"async\" src=\"https:\/\/webpe.colegiomayor.cl\/wp-content\/uploads\/III\u00b0C_Valentina-Garc\u00eda.jpg\" alt=\"\" data-id=\"32373\" data-full-url=\"https:\/\/webpe.colegiomayor.cl\/wp-content\/uploads\/III\u00b0C_Valentina-Garc\u00eda.jpg\" data-link=\"https:\/\/webpe.colegiomayor.cl\/?attachment_id=32373\" class=\"wp-image-32373\"\/><figcaption class=\"blocks-gallery-item__caption\">Valentina Garc\u00eda<\/figcaption><\/figure><\/li><li class=\"blocks-gallery-item\"><figure><img decoding=\"async\" src=\"https:\/\/webpe.colegiomayor.cl\/wp-content\/uploads\/II\u00b0C_B\u00e1rbara-Ureta.jpg\" alt=\"\" data-id=\"32372\" data-full-url=\"https:\/\/webpe.colegiomayor.cl\/wp-content\/uploads\/II\u00b0C_B\u00e1rbara-Ureta.jpg\" data-link=\"https:\/\/webpe.colegiomayor.cl\/?attachment_id=32372\" class=\"wp-image-32372\"\/><figcaption class=\"blocks-gallery-item__caption\">B\u00e1rbara Ureta<\/figcaption><\/figure><\/li><\/ul><\/figure>\n\n\n\n<p class=\"has-background has-cyan-bluish-gray-background-color\">Los profesores participan en una categor\u00eda llamada <strong>\u201cCategor\u00eda Sol Mayor\u201d<\/strong>, y fueron:<\/p>\n\n\n\n<ul class=\"wp-block-list\"><li><strong>Categor\u00eda \u201cSol Mayor\u201d &#8211; Funcionarios<\/strong><\/li><li>Valentina Madrid S. \u2013 Profesores<\/li><li>Natalia Pacheco V. \u2013 Profesora <\/li><\/ul>\n\n\n\n<figure class=\"wp-block-gallery columns-2 is-cropped wp-block-gallery-4 is-layout-flex wp-block-gallery-is-layout-flex\"><ul class=\"blocks-gallery-grid\"><li class=\"blocks-gallery-item\"><figure><img decoding=\"async\" src=\"https:\/\/webpe.colegiomayor.cl\/wp-content\/uploads\/Profesora_Natalia-Pacheco.jpg\" alt=\"\" data-id=\"32369\" data-full-url=\"https:\/\/webpe.colegiomayor.cl\/wp-content\/uploads\/Profesora_Natalia-Pacheco.jpg\" data-link=\"https:\/\/webpe.colegiomayor.cl\/?attachment_id=32369\" class=\"wp-image-32369\"\/><figcaption class=\"blocks-gallery-item__caption\">Natalia Pacheco<\/figcaption><\/figure><\/li><li class=\"blocks-gallery-item\"><figure><img decoding=\"async\" src=\"https:\/\/webpe.colegiomayor.cl\/wp-content\/uploads\/Profesora_Valentina-Madrid.jpg\" alt=\"\" data-id=\"32370\" data-full-url=\"https:\/\/webpe.colegiomayor.cl\/wp-content\/uploads\/Profesora_Valentina-Madrid.jpg\" data-link=\"https:\/\/webpe.colegiomayor.cl\/?attachment_id=32370\" class=\"wp-image-32370\"\/><figcaption class=\"blocks-gallery-item__caption\">Valentina Madrid<\/figcaption><\/figure><\/li><\/ul><\/figure>\n","protected":false},"excerpt":{"rendered":"<p>El d\u00eda viernes 25 de octubre se llev\u00f3 a cabo el XIV\u00ba Festival de la Voz Mi Mayor 2024, evento que cont\u00f3 con la participaci\u00f3n de estudiantes y profesores divididos en cuatro categor\u00edas. La obertura del Festival la hizo: Roc\u00edo Orcaistegui D. Ex. Estudiante, egresada&nbsp;<a href=\"https:\/\/webpe.colegiomayor.cl\/?p=32367\">&hellip;<\/a><\/p>\n","protected":false},"author":5,"featured_media":32374,"comment_status":"closed","ping_status":"closed","sticky":false,"template":"","format":"standard","meta":{"content-type":"","footnotes":""},"categories":[23],"tags":[],"class_list":["post-32367","post","type-post","status-publish","format-standard","has-post-thumbnail","hentry","category-actualidad","odd"],"rttpg_featured_image_url":null,"rttpg_author":{"display_name":"Flor Parragu\u00e9z","author_link":"https:\/\/webpe.colegiomayor.cl\/?author=5"},"rttpg_comment":0,"rttpg_category":"<a href=\"https:\/\/webpe.colegiomayor.cl\/?cat=23\" rel=\"category\">COLEGIO<\/a>","rttpg_excerpt":"El d\u00eda viernes 25 de octubre se llev\u00f3 a cabo el XIV\u00ba Festival de la Voz Mi Mayor 2024, evento que cont\u00f3 con la participaci\u00f3n de estudiantes y profesores divididos en cuatro categor\u00edas. La obertura del Festival la hizo: Roc\u00edo Orcaistegui D. Ex. Estudiante, egresada&nbsp;&hellip;","_links":{"self":[{"href":"https:\/\/webpe.colegiomayor.cl\/index.php?rest_route=\/wp\/v2\/posts\/32367","targetHints":{"allow":["GET"]}}],"collection":[{"href":"https:\/\/webpe.colegiomayor.cl\/index.php?rest_route=\/wp\/v2\/posts"}],"about":[{"href":"https:\/\/webpe.colegiomayor.cl\/index.php?rest_route=\/wp\/v2\/types\/post"}],"author":[{"embeddable":true,"href":"https:\/\/webpe.colegiomayor.cl\/index.php?rest_route=\/wp\/v2\/users\/5"}],"replies":[{"embeddable":true,"href":"https:\/\/webpe.colegiomayor.cl\/index.php?rest_route=%2Fwp%2Fv2%2Fcomments&post=32367"}],"version-history":[{"count":0,"href":"https:\/\/webpe.colegiomayor.cl\/index.php?rest_route=\/wp\/v2\/posts\/32367\/revisions"}],"wp:featuredmedia":[{"embeddable":true,"href":"https:\/\/webpe.colegiomayor.cl\/index.php?rest_route=\/"}],"wp:attachment":[{"href":"https:\/\/webpe.colegiomayor.cl\/index.php?rest_route=%2Fwp%2Fv2%2Fmedia&parent=32367"}],"wp:term":[{"taxonomy":"category","embeddable":true,"href":"https:\/\/webpe.colegiomayor.cl\/index.php?rest_route=%2Fwp%2Fv2%2Fcategories&post=32367"},{"taxonomy":"post_tag","embeddable":true,"href":"https:\/\/webpe.colegiomayor.cl\/index.php?rest_route=%2Fwp%2Fv2%2Ftags&post=32367"}],"curies":[{"name":"wp","href":"https:\/\/api.w.org\/{rel}","templated":true}]}}