{"id":32328,"date":"2024-11-07T15:32:54","date_gmt":"2024-11-07T15:32:54","guid":{"rendered":"https:\/\/webpe.colegiomayor.cl\/?p=32328"},"modified":"2024-11-07T15:32:54","modified_gmt":"2024-11-07T15:32:54","slug":"concurso-ojo-con-el-arte-2024","status":"publish","type":"post","link":"https:\/\/webpe.colegiomayor.cl\/?p=32328","title":{"rendered":"Concurso &#8220;Ojo con el arte&#8221; 2024"},"content":{"rendered":"\n<p class=\"has-background has-text-align-center has-very-light-gray-background-color\"><strong><em>El viernes 25 de octubre se realiz\u00f3 la premiaci\u00f3n de nuestro VII\u00ba Concurso \u201cOjo con el Arte\u201d que cont\u00f3 con una gran participaci\u00f3n de&nbsp; estudiantes de Play Group a III\u00ba Medio.<\/em><\/strong><\/p>\n\n\n\n<figure class=\"wp-block-image size-large\"><img decoding=\"async\" src=\"https:\/\/webpe.colegiomayor.cl\/wp-content\/uploads\/1200x690-ojo-con-el-arte-3-1024x589.jpg\" alt=\"\" class=\"wp-image-32353\"\/><\/figure>\n\n\n\n<p>Los\nparticipantes pintaron con entusiasmo, desplegando toda su creatividad para\ninterpretar la tem\u00e1tica \u201cOp Art\u201d, creando su obra y aplicando elementos del\nlenguaje visual, expresando adem\u00e1s emociones e ideas a partir del tema.&nbsp;<\/p>\n\n\n\n<p>Este a\u00f1o nuestro jurado fue&nbsp; conformado por &nbsp;Carol Matte encargada de audiovisual del colegio. Acompa\u00f1ada por nuestros ex estudiantes Valentina Venegas, Annette Montes y Claudio Ju\u00e1rez.<\/p>\n\n\n\n<figure class=\"wp-block-gallery columns-2 is-cropped wp-block-gallery-1 is-layout-flex wp-block-gallery-is-layout-flex\"><ul class=\"blocks-gallery-grid\"><li class=\"blocks-gallery-item\"><figure><img decoding=\"async\" src=\"https:\/\/webpe.colegiomayor.cl\/wp-content\/uploads\/IMG_6891-1.jpg\" alt=\"\" data-id=\"32346\" data-full-url=\"https:\/\/webpe.colegiomayor.cl\/wp-content\/uploads\/IMG_6891-1.jpg\" data-link=\"https:\/\/webpe.colegiomayor.cl\/?attachment_id=32346\" class=\"wp-image-32346\"\/><\/figure><\/li><li class=\"blocks-gallery-item\"><figure><img decoding=\"async\" src=\"https:\/\/webpe.colegiomayor.cl\/wp-content\/uploads\/IMG_6914.jpg\" alt=\"\" data-id=\"32347\" data-full-url=\"https:\/\/webpe.colegiomayor.cl\/wp-content\/uploads\/IMG_6914.jpg\" data-link=\"https:\/\/webpe.colegiomayor.cl\/?attachment_id=32347\" class=\"wp-image-32347\"\/><\/figure><\/li><\/ul><\/figure>\n\n\n\n<p class=\"has-background has-cyan-bluish-gray-background-color\"><strong>Los ganadores de concurso 2024 fueron:<\/strong><\/p>\n\n\n\n<p class=\"has-background has-very-light-gray-background-color\"><strong>Categor\u00eda Amarillo (Play Group a 1\u00ba B\u00e1sico):<\/strong><\/p>\n\n\n\n<p>1\u00ba lugar: Maite Burboa 1\u00baA<\/p>\n\n\n\n<p>2\u00ba lugar: Amanda Orellana K\u00baA<\/p>\n\n\n\n<p>3\u00ba lugar: Isabella Goyeneche 1\u00baE<\/p>\n\n\n\n<figure class=\"wp-block-gallery columns-3 is-cropped wp-block-gallery-2 is-layout-flex wp-block-gallery-is-layout-flex\"><ul class=\"blocks-gallery-grid\"><li class=\"blocks-gallery-item\"><figure><img decoding=\"async\" src=\"https:\/\/webpe.colegiomayor.cl\/wp-content\/uploads\/1\u00ba-Lugar-Categor\u00eda-Amarillo-Maite-Burboa-1\u00baA-1.jpg\" alt=\"\" data-id=\"32332\" data-full-url=\"https:\/\/webpe.colegiomayor.cl\/wp-content\/uploads\/1\u00ba-Lugar-Categor\u00eda-Amarillo-Maite-Burboa-1\u00baA-1.jpg\" data-link=\"https:\/\/webpe.colegiomayor.cl\/?attachment_id=32332\" class=\"wp-image-32332\"\/><figcaption class=\"blocks-gallery-item__caption\">1er Lugar<\/figcaption><\/figure><\/li><li class=\"blocks-gallery-item\"><figure><img decoding=\"async\" src=\"https:\/\/webpe.colegiomayor.cl\/wp-content\/uploads\/2\u00ba-Lugar-Categor\u00eda-Amarillo-Amanda-Orellana-K\u00baA-1-744x1024.jpg\" alt=\"\" data-id=\"32333\" data-full-url=\"https:\/\/webpe.colegiomayor.cl\/wp-content\/uploads\/2\u00ba-Lugar-Categor\u00eda-Amarillo-Amanda-Orellana-K\u00baA-1.jpg\" data-link=\"https:\/\/webpe.colegiomayor.cl\/?attachment_id=32333\" class=\"wp-image-32333\"\/><figcaption class=\"blocks-gallery-item__caption\">2do Lugar<\/figcaption><\/figure><\/li><li class=\"blocks-gallery-item\"><figure><img decoding=\"async\" src=\"https:\/\/webpe.colegiomayor.cl\/wp-content\/uploads\/3\u00ba-Lugar-Categor\u00eda-Amarillo-Isabella-Goyeneche-1\u00baE-1.jpg\" alt=\"\" data-id=\"32334\" data-full-url=\"https:\/\/webpe.colegiomayor.cl\/wp-content\/uploads\/3\u00ba-Lugar-Categor\u00eda-Amarillo-Isabella-Goyeneche-1\u00baE-1.jpg\" data-link=\"https:\/\/webpe.colegiomayor.cl\/?attachment_id=32334\" class=\"wp-image-32334\"\/><figcaption class=\"blocks-gallery-item__caption\">3er Lugar<\/figcaption><\/figure><\/li><\/ul><\/figure>\n\n\n\n<p class=\"has-background has-very-light-gray-background-color\"><strong>Categor\u00eda Rojo (2\u00ba a 4\u00ba B\u00e1sico)<\/strong>:<\/p>\n\n\n\n<p>1\u00ba lugar: Javiera Lobos 3\u00baA<\/p>\n\n\n\n<p>2\u00ba lugar: Catalina Recabarren 2\u00baA<\/p>\n\n\n\n<p>3\u00ba lugar: Matilde Lobos 3\u00baC<\/p>\n\n\n\n<figure class=\"wp-block-gallery columns-3 is-cropped wp-block-gallery-3 is-layout-flex wp-block-gallery-is-layout-flex\"><ul class=\"blocks-gallery-grid\"><li class=\"blocks-gallery-item\"><figure><img decoding=\"async\" src=\"https:\/\/webpe.colegiomayor.cl\/wp-content\/uploads\/1\u00ba-Lugar-Categor\u00eda-Rojo-Javiera-Lobos-3\u00baA.jpg\" alt=\"\" data-id=\"32335\" data-full-url=\"https:\/\/webpe.colegiomayor.cl\/wp-content\/uploads\/1\u00ba-Lugar-Categor\u00eda-Rojo-Javiera-Lobos-3\u00baA.jpg\" data-link=\"https:\/\/webpe.colegiomayor.cl\/?attachment_id=32335\" class=\"wp-image-32335\"\/><figcaption class=\"blocks-gallery-item__caption\">1er Lugar<\/figcaption><\/figure><\/li><li class=\"blocks-gallery-item\"><figure><img decoding=\"async\" src=\"https:\/\/webpe.colegiomayor.cl\/wp-content\/uploads\/2\u00baLugar-Categor\u00eda-Rojo-Catalina-Recabarren-2\u00baA.jpg\" alt=\"\" data-id=\"32336\" data-full-url=\"https:\/\/webpe.colegiomayor.cl\/wp-content\/uploads\/2\u00baLugar-Categor\u00eda-Rojo-Catalina-Recabarren-2\u00baA.jpg\" data-link=\"https:\/\/webpe.colegiomayor.cl\/?attachment_id=32336\" class=\"wp-image-32336\"\/><figcaption class=\"blocks-gallery-item__caption\">2\u00ba Lugar<\/figcaption><\/figure><\/li><li class=\"blocks-gallery-item\"><figure><img decoding=\"async\" src=\"https:\/\/webpe.colegiomayor.cl\/wp-content\/uploads\/3\u00baLugar-Categor\u00eda-Rojo-Matilde-Lobos-3\u00baC.jpg\" alt=\"\" data-id=\"32337\" data-full-url=\"https:\/\/webpe.colegiomayor.cl\/wp-content\/uploads\/3\u00baLugar-Categor\u00eda-Rojo-Matilde-Lobos-3\u00baC.jpg\" data-link=\"https:\/\/webpe.colegiomayor.cl\/?attachment_id=32337\" class=\"wp-image-32337\"\/><figcaption class=\"blocks-gallery-item__caption\">3er Lugar<\/figcaption><\/figure><\/li><\/ul><\/figure>\n\n\n\n<p class=\"has-background has-very-light-gray-background-color\"><strong>Categor\u00eda Azul (5\u00ba a 7\u00ba B\u00e1sico)<\/strong>:<\/p>\n\n\n\n<p>1\u00ba lugar: Catalina Gonz\u00e1lez 7\u00baE<\/p>\n\n\n\n<p>2\u00ba lugar: Javiera Figueroa 7\u00baE<\/p>\n\n\n\n<p>3\u00ba lugar: Martina Causa 7\u00baA<\/p>\n\n\n\n<figure class=\"wp-block-gallery columns-3 is-cropped wp-block-gallery-4 is-layout-flex wp-block-gallery-is-layout-flex\"><ul class=\"blocks-gallery-grid\"><li class=\"blocks-gallery-item\"><figure><img decoding=\"async\" src=\"https:\/\/webpe.colegiomayor.cl\/wp-content\/uploads\/1\u00baLugar-Categor\u00eda-Azul-Catalina-Gonz\u00e1lez-7\u00baE.jpg\" alt=\"\" data-id=\"32338\" data-full-url=\"https:\/\/webpe.colegiomayor.cl\/wp-content\/uploads\/1\u00baLugar-Categor\u00eda-Azul-Catalina-Gonz\u00e1lez-7\u00baE.jpg\" data-link=\"https:\/\/webpe.colegiomayor.cl\/?attachment_id=32338\" class=\"wp-image-32338\"\/><figcaption class=\"blocks-gallery-item__caption\">1er Lugar<\/figcaption><\/figure><\/li><li class=\"blocks-gallery-item\"><figure><img decoding=\"async\" src=\"https:\/\/webpe.colegiomayor.cl\/wp-content\/uploads\/2\u00baLugar-Categor\u00eda-Azul-Javiera-Figueroa-7\u00baE.jpg\" alt=\"\" data-id=\"32339\" data-full-url=\"https:\/\/webpe.colegiomayor.cl\/wp-content\/uploads\/2\u00baLugar-Categor\u00eda-Azul-Javiera-Figueroa-7\u00baE.jpg\" data-link=\"https:\/\/webpe.colegiomayor.cl\/?attachment_id=32339\" class=\"wp-image-32339\"\/><figcaption class=\"blocks-gallery-item__caption\">2\u00ba Lugar<\/figcaption><\/figure><\/li><li class=\"blocks-gallery-item\"><figure><img decoding=\"async\" src=\"https:\/\/webpe.colegiomayor.cl\/wp-content\/uploads\/3\u00baLugar-Categor\u00eda-Azul-Martina-Causa-7\u00baA.jpg\" alt=\"\" data-id=\"32340\" data-full-url=\"https:\/\/webpe.colegiomayor.cl\/wp-content\/uploads\/3\u00baLugar-Categor\u00eda-Azul-Martina-Causa-7\u00baA.jpg\" data-link=\"https:\/\/webpe.colegiomayor.cl\/?attachment_id=32340\" class=\"wp-image-32340\"\/><figcaption class=\"blocks-gallery-item__caption\">3er Lugar<\/figcaption><\/figure><\/li><\/ul><\/figure>\n\n\n\n<p class=\"has-background has-very-light-gray-background-color\"><strong>Categor\u00eda Verde (8\u00ba B\u00e1sico a III\u00ba Medio)<\/strong>:<\/p>\n\n\n\n<p>1\u00ba lugar: Maximiliano Valderrama III\u00baA<\/p>\n\n\n\n<p>2\u00ba lugar: Florencia Torres I\u00baD<\/p>\n\n\n\n<p>3\u00ba lugar: Antonia Lucero III\u00baC<\/p>\n\n\n\n<figure class=\"wp-block-gallery columns-3 is-cropped wp-block-gallery-5 is-layout-flex wp-block-gallery-is-layout-flex\"><ul class=\"blocks-gallery-grid\"><li class=\"blocks-gallery-item\"><figure><img decoding=\"async\" src=\"https:\/\/webpe.colegiomayor.cl\/wp-content\/uploads\/1\u00baLugar-Categor\u00eda-Verde-Maximiliano-Valderrama-III\u00baA.jpg\" alt=\"\" data-id=\"32342\" data-full-url=\"https:\/\/webpe.colegiomayor.cl\/wp-content\/uploads\/1\u00baLugar-Categor\u00eda-Verde-Maximiliano-Valderrama-III\u00baA.jpg\" data-link=\"https:\/\/webpe.colegiomayor.cl\/?attachment_id=32342\" class=\"wp-image-32342\"\/><figcaption class=\"blocks-gallery-item__caption\">1er Lugar<\/figcaption><\/figure><\/li><li class=\"blocks-gallery-item\"><figure><img decoding=\"async\" src=\"https:\/\/webpe.colegiomayor.cl\/wp-content\/uploads\/2\u00baLugar-Categor\u00eda-Verde-Florencia-Torres-I\u00baD-727x1024.jpg\" alt=\"\" data-id=\"32343\" data-full-url=\"https:\/\/webpe.colegiomayor.cl\/wp-content\/uploads\/2\u00baLugar-Categor\u00eda-Verde-Florencia-Torres-I\u00baD.jpg\" data-link=\"https:\/\/webpe.colegiomayor.cl\/?attachment_id=32343\" class=\"wp-image-32343\"\/><figcaption class=\"blocks-gallery-item__caption\">2\u00ba Lugar<\/figcaption><\/figure><\/li><li class=\"blocks-gallery-item\"><figure><img decoding=\"async\" src=\"https:\/\/webpe.colegiomayor.cl\/wp-content\/uploads\/3\u00baLugar-Categor\u00eda-Verde-Antonia-Lucero-III\u00ba-C.jpg\" alt=\"\" data-id=\"32344\" data-full-url=\"https:\/\/webpe.colegiomayor.cl\/wp-content\/uploads\/3\u00baLugar-Categor\u00eda-Verde-Antonia-Lucero-III\u00ba-C.jpg\" data-link=\"https:\/\/webpe.colegiomayor.cl\/?attachment_id=32344\" class=\"wp-image-32344\"\/><figcaption class=\"blocks-gallery-item__caption\">3er Lugar<\/figcaption><\/figure><\/li><\/ul><\/figure>\n\n\n\n<p>\u00a1Felicitamos a\nlos artistas ganadores por su&nbsp;\nparticipaci\u00f3n!<\/p>\n\n\n\n<p>\u00a1Adem\u00e1s de agradecer a todos los estudiantes que participaron en esta nueva versi\u00f3n del <strong><em>Concurso Ojo con el Arte<\/em><\/strong>!<\/p>\n","protected":false},"excerpt":{"rendered":"<p>El viernes 25 de octubre se realiz\u00f3 la premiaci\u00f3n de nuestro VII\u00ba Concurso \u201cOjo con el Arte\u201d que cont\u00f3 con una gran participaci\u00f3n de&nbsp; estudiantes de Play Group a III\u00ba Medio. Los participantes pintaron con entusiasmo, desplegando toda su creatividad para interpretar la tem\u00e1tica \u201cOp&nbsp;<a href=\"https:\/\/webpe.colegiomayor.cl\/?p=32328\">&hellip;<\/a><\/p>\n","protected":false},"author":5,"featured_media":32353,"comment_status":"closed","ping_status":"closed","sticky":false,"template":"","format":"standard","meta":{"content-type":"","footnotes":""},"categories":[23],"tags":[],"class_list":["post-32328","post","type-post","status-publish","format-standard","has-post-thumbnail","hentry","category-actualidad","odd"],"rttpg_featured_image_url":null,"rttpg_author":{"display_name":"Flor Parragu\u00e9z","author_link":"https:\/\/webpe.colegiomayor.cl\/?author=5"},"rttpg_comment":0,"rttpg_category":"<a href=\"https:\/\/webpe.colegiomayor.cl\/?cat=23\" rel=\"category\">COLEGIO<\/a>","rttpg_excerpt":"El viernes 25 de octubre se realiz\u00f3 la premiaci\u00f3n de nuestro VII\u00ba Concurso \u201cOjo con el Arte\u201d que cont\u00f3 con una gran participaci\u00f3n de&nbsp; estudiantes de Play Group a III\u00ba Medio. Los participantes pintaron con entusiasmo, desplegando toda su creatividad para interpretar la tem\u00e1tica \u201cOp&nbsp;&hellip;","_links":{"self":[{"href":"https:\/\/webpe.colegiomayor.cl\/index.php?rest_route=\/wp\/v2\/posts\/32328","targetHints":{"allow":["GET"]}}],"collection":[{"href":"https:\/\/webpe.colegiomayor.cl\/index.php?rest_route=\/wp\/v2\/posts"}],"about":[{"href":"https:\/\/webpe.colegiomayor.cl\/index.php?rest_route=\/wp\/v2\/types\/post"}],"author":[{"embeddable":true,"href":"https:\/\/webpe.colegiomayor.cl\/index.php?rest_route=\/wp\/v2\/users\/5"}],"replies":[{"embeddable":true,"href":"https:\/\/webpe.colegiomayor.cl\/index.php?rest_route=%2Fwp%2Fv2%2Fcomments&post=32328"}],"version-history":[{"count":0,"href":"https:\/\/webpe.colegiomayor.cl\/index.php?rest_route=\/wp\/v2\/posts\/32328\/revisions"}],"wp:featuredmedia":[{"embeddable":true,"href":"https:\/\/webpe.colegiomayor.cl\/index.php?rest_route=\/"}],"wp:attachment":[{"href":"https:\/\/webpe.colegiomayor.cl\/index.php?rest_route=%2Fwp%2Fv2%2Fmedia&parent=32328"}],"wp:term":[{"taxonomy":"category","embeddable":true,"href":"https:\/\/webpe.colegiomayor.cl\/index.php?rest_route=%2Fwp%2Fv2%2Fcategories&post=32328"},{"taxonomy":"post_tag","embeddable":true,"href":"https:\/\/webpe.colegiomayor.cl\/index.php?rest_route=%2Fwp%2Fv2%2Ftags&post=32328"}],"curies":[{"name":"wp","href":"https:\/\/api.w.org\/{rel}","templated":true}]}}