{"id":32323,"date":"2024-11-07T13:51:13","date_gmt":"2024-11-07T13:51:13","guid":{"rendered":"https:\/\/webpe.colegiomayor.cl\/?p=32323"},"modified":"2024-11-07T13:51:13","modified_gmt":"2024-11-07T13:51:13","slug":"estudiantes-clasifican-a-fase-nacional-de-las-olimpiadas-de-quimica-de-la-schq","status":"publish","type":"post","link":"https:\/\/webpe.colegiomayor.cl\/?p=32323","title":{"rendered":"Estudiantes clasifican a fase nacional de las Olimpiadas de Qu\u00edmica de la SCHQ"},"content":{"rendered":"\n<p class=\"has-background has-text-align-center has-very-light-gray-background-color\"><strong><em>Estudiantes de III y IV\u00ba Medio de nuestro establecimiento, guiados por el profesor de qu\u00edmica Daniel Izquierdo, clasifican a la fase Nacional de las Olimpiadas de Qu\u00edmica organizadas por la Sociedad Chilena de Qu\u00edmica (SCHQ).&nbsp;<\/em><\/strong><\/p>\n\n\n\n<figure class=\"wp-block-image size-large\"><img decoding=\"async\" src=\"https:\/\/webpe.colegiomayor.cl\/wp-content\/uploads\/Estudiantes-quimica.jpg\" alt=\"\" class=\"wp-image-32324\"\/><\/figure>\n\n\n\n<p>Esta instancia es organizada por diversas entidades\np\u00fablico-privadas de nuestro pa\u00eds, como forma de brindar un espacio a los\nestudiantes de todo el pa\u00eds, para poner a prueba sus conocimientos de qu\u00edmica\nno solo a nivel escolar, sino su an\u00e1lisis y aplicaci\u00f3n en contextos\nmedioambientales.&nbsp;<\/p>\n\n\n\n<p>Este a\u00f1o corresponde a la primera vez que nuestro\ncolegio participa de este certamen organizado por la SCHQ, clasificando un\ntotal de siete de nuestros estudiantes a la siguiente fase.<\/p>\n\n\n\n<p class=\"has-background has-cyan-bluish-gray-background-color\"><strong>Los clasificados son:&nbsp;<\/strong><\/p>\n\n\n\n<p class=\"has-background has-very-light-gray-background-color\">Sebasti\u00e1n Oyarzo (III\u00baB)<\/p>\n\n\n\n<p class=\"has-background has-very-light-gray-background-color\">Aura Albornoz (IV\u00baD)<\/p>\n\n\n\n<p class=\"has-background has-very-light-gray-background-color\">Francisco Berr\u00edos (IV\u00baD)<\/p>\n\n\n\n<p class=\"has-background has-very-light-gray-background-color\">Ga\u00e9l Gomez (IV\u00baC)<\/p>\n\n\n\n<p class=\"has-background has-very-light-gray-background-color\">Magdalena Fa\u00fandez (IV\u00baB)<\/p>\n\n\n\n<p class=\"has-background has-very-light-gray-background-color\">Benjam\u00edn Maga\u00f1a (IV\u00baB)<\/p>\n\n\n\n<p class=\"has-background has-very-light-gray-background-color\">Martina N\u00fa\u00f1ez (IV\u00baA)<\/p>\n\n\n\n<p>La siguiente fase tendr\u00e1 lugar en Santiago, el d\u00eda\n16 de noviembre, donde nuestros queridos estudiantes disputar\u00e1n el paso a la\nfinal nacional contra los mejores estudiantes de cada regi\u00f3n de nuestro\npa\u00eds.&nbsp;<\/p>\n\n\n\n<p>Como colegio, les brindamos el mayor de los apoyos\ny \u00e9xito en esta desafiante actividad, esperando que puedan dar todo de s\u00ed para\ndemostrar sus conocimientos y su preparaci\u00f3n.&nbsp;<\/p>\n","protected":false},"excerpt":{"rendered":"<p>Estudiantes de III y IV\u00ba Medio de nuestro establecimiento, guiados por el profesor de qu\u00edmica Daniel Izquierdo, clasifican a la fase Nacional de las Olimpiadas de Qu\u00edmica organizadas por la Sociedad Chilena de Qu\u00edmica (SCHQ).&nbsp; Esta instancia es organizada por diversas entidades p\u00fablico-privadas de nuestro&nbsp;<a href=\"https:\/\/webpe.colegiomayor.cl\/?p=32323\">&hellip;<\/a><\/p>\n","protected":false},"author":5,"featured_media":32324,"comment_status":"closed","ping_status":"closed","sticky":false,"template":"","format":"standard","meta":{"content-type":"","footnotes":""},"categories":[23],"tags":[],"class_list":["post-32323","post","type-post","status-publish","format-standard","has-post-thumbnail","hentry","category-actualidad","odd"],"rttpg_featured_image_url":null,"rttpg_author":{"display_name":"Flor Parragu\u00e9z","author_link":"https:\/\/webpe.colegiomayor.cl\/?author=5"},"rttpg_comment":0,"rttpg_category":"<a href=\"https:\/\/webpe.colegiomayor.cl\/?cat=23\" rel=\"category\">COLEGIO<\/a>","rttpg_excerpt":"Estudiantes de III y IV\u00ba Medio de nuestro establecimiento, guiados por el profesor de qu\u00edmica Daniel Izquierdo, clasifican a la fase Nacional de las Olimpiadas de Qu\u00edmica organizadas por la Sociedad Chilena de Qu\u00edmica (SCHQ).&nbsp; Esta instancia es organizada por diversas entidades p\u00fablico-privadas de nuestro&nbsp;&hellip;","_links":{"self":[{"href":"https:\/\/webpe.colegiomayor.cl\/index.php?rest_route=\/wp\/v2\/posts\/32323","targetHints":{"allow":["GET"]}}],"collection":[{"href":"https:\/\/webpe.colegiomayor.cl\/index.php?rest_route=\/wp\/v2\/posts"}],"about":[{"href":"https:\/\/webpe.colegiomayor.cl\/index.php?rest_route=\/wp\/v2\/types\/post"}],"author":[{"embeddable":true,"href":"https:\/\/webpe.colegiomayor.cl\/index.php?rest_route=\/wp\/v2\/users\/5"}],"replies":[{"embeddable":true,"href":"https:\/\/webpe.colegiomayor.cl\/index.php?rest_route=%2Fwp%2Fv2%2Fcomments&post=32323"}],"version-history":[{"count":0,"href":"https:\/\/webpe.colegiomayor.cl\/index.php?rest_route=\/wp\/v2\/posts\/32323\/revisions"}],"wp:featuredmedia":[{"embeddable":true,"href":"https:\/\/webpe.colegiomayor.cl\/index.php?rest_route=\/"}],"wp:attachment":[{"href":"https:\/\/webpe.colegiomayor.cl\/index.php?rest_route=%2Fwp%2Fv2%2Fmedia&parent=32323"}],"wp:term":[{"taxonomy":"category","embeddable":true,"href":"https:\/\/webpe.colegiomayor.cl\/index.php?rest_route=%2Fwp%2Fv2%2Fcategories&post=32323"},{"taxonomy":"post_tag","embeddable":true,"href":"https:\/\/webpe.colegiomayor.cl\/index.php?rest_route=%2Fwp%2Fv2%2Ftags&post=32323"}],"curies":[{"name":"wp","href":"https:\/\/api.w.org\/{rel}","templated":true}]}}