{"id":32309,"date":"2024-10-25T16:20:24","date_gmt":"2024-10-25T16:20:24","guid":{"rendered":"https:\/\/webpe.colegiomayor.cl\/?p=32309"},"modified":"2024-10-25T16:20:24","modified_gmt":"2024-10-25T16:20:24","slug":"cmpe-es-un-rayo-en-las-vallas","status":"publish","type":"post","link":"https:\/\/webpe.colegiomayor.cl\/?p=32309","title":{"rendered":"CMPE es un rayo en las vallas."},"content":{"rendered":"\n<p class=\"has-background has-very-light-gray-background-color\"><strong><em>El fin de semana pasado se llev\u00f3 a cabo el Interescolar Mixto Final Atl\u00e9tico Santiago-Soprole, celebrado en el Estadio Nacional Julio Mart\u00ednez Pr\u00e1danos, con la participaci\u00f3n de m\u00e1s de 3.300 atletas de escuelas provenientes de distintos puntos del pa\u00eds.<\/em><\/strong><\/p>\n\n\n\n<figure class=\"wp-block-image size-large\"><img decoding=\"async\" src=\"https:\/\/webpe.colegiomayor.cl\/wp-content\/uploads\/Campeona-Emilia-Belmar-en-vallas-966x1024.jpeg\" alt=\"\" class=\"wp-image-32358\"\/><\/figure>\n\n\n\n<p>La 89\u00b0 edici\u00f3n del Interescolar Final Masculino <strong><em>\u201cMario Correa Letelier\u201d<\/em><\/strong> y la 76\u00b0 Femenino <strong><em>\u201cIlse Barends Heck\u201d<\/em><\/strong> permitieron a ni\u00f1os, ni\u00f1as y j\u00f3venes competir en un alto rendimiento en las distintas categor\u00edas de la disciplina de atletismo.<\/p>\n\n\n\n<p>Destacar a la reina de las vallas a nivel nacional, la estudiante <strong>Emilia Belmar Ventura <\/strong>logrando dos oros en los 80 metros vallas y en los 300 metros vallas con un tiempo de 12 segundos con 15 cent\u00e9simas y 46 segundos con 55 cent\u00e9simas respectivamente, ambas marcas se convierten en el nuevo record de nuestro colegio.<\/p>\n\n\n\n<p>Destacamos a la estudiante Constanza\nFigueroa Catal\u00e1n, en el lanzamiento de la jabalina logro el 5\u00b0 puesto a nivel\nnacional con 29 metros 56 cent\u00edmetros y el 6\u00b0 puesto en el lanzamiento de la\nbala con 10 metros con 80 cent\u00edmetros, ambas marcas se convierten en el record\ndel colegio.<\/p>\n\n\n\n<p>Destacamos a la estudiante Sof\u00eda Avil\u00e9s,\nlogrando el 8\u00b0 puesto a nivel nacional en el lanzamiento del disco con 25\nmetros 49 cent\u00edmetros.<\/p>\n\n\n\n<p>Producto de todo el esfuerzo de\ntodos\/as, el colegio logro posesionarse en el puesto n\u00famero 18 de Chile.<\/p>\n\n\n\n<p>Felicitaciones a todos\/as\nnuestros\/as atletas por competir y dar lo mejor de cada uno, demostrando\nconstancia, esfuerzo, esp\u00edritu de superaci\u00f3n en este proceso, logrando mejorar\nsus marcas personales y por mejorar el record institucional en algunas pruebas.<\/p>\n","protected":false},"excerpt":{"rendered":"<p>El fin de semana pasado se llev\u00f3 a cabo el Interescolar Mixto Final Atl\u00e9tico Santiago-Soprole, celebrado en el Estadio Nacional Julio Mart\u00ednez Pr\u00e1danos, con la participaci\u00f3n de m\u00e1s de 3.300 atletas de escuelas provenientes de distintos puntos del pa\u00eds. La 89\u00b0 edici\u00f3n del Interescolar Final&nbsp;<a href=\"https:\/\/webpe.colegiomayor.cl\/?p=32309\">&hellip;<\/a><\/p>\n","protected":false},"author":5,"featured_media":32358,"comment_status":"closed","ping_status":"closed","sticky":false,"template":"","format":"standard","meta":{"content-type":"","footnotes":""},"categories":[25],"tags":[],"class_list":["post-32309","post","type-post","status-publish","format-standard","has-post-thumbnail","hentry","category-deportes","odd"],"rttpg_featured_image_url":null,"rttpg_author":{"display_name":"Flor Parragu\u00e9z","author_link":"https:\/\/webpe.colegiomayor.cl\/?author=5"},"rttpg_comment":0,"rttpg_category":"<a href=\"https:\/\/webpe.colegiomayor.cl\/?cat=25\" rel=\"category\">DEPORTES<\/a>","rttpg_excerpt":"El fin de semana pasado se llev\u00f3 a cabo el Interescolar Mixto Final Atl\u00e9tico Santiago-Soprole, celebrado en el Estadio Nacional Julio Mart\u00ednez Pr\u00e1danos, con la participaci\u00f3n de m\u00e1s de 3.300 atletas de escuelas provenientes de distintos puntos del pa\u00eds. La 89\u00b0 edici\u00f3n del Interescolar Final&nbsp;&hellip;","_links":{"self":[{"href":"https:\/\/webpe.colegiomayor.cl\/index.php?rest_route=\/wp\/v2\/posts\/32309","targetHints":{"allow":["GET"]}}],"collection":[{"href":"https:\/\/webpe.colegiomayor.cl\/index.php?rest_route=\/wp\/v2\/posts"}],"about":[{"href":"https:\/\/webpe.colegiomayor.cl\/index.php?rest_route=\/wp\/v2\/types\/post"}],"author":[{"embeddable":true,"href":"https:\/\/webpe.colegiomayor.cl\/index.php?rest_route=\/wp\/v2\/users\/5"}],"replies":[{"embeddable":true,"href":"https:\/\/webpe.colegiomayor.cl\/index.php?rest_route=%2Fwp%2Fv2%2Fcomments&post=32309"}],"version-history":[{"count":0,"href":"https:\/\/webpe.colegiomayor.cl\/index.php?rest_route=\/wp\/v2\/posts\/32309\/revisions"}],"wp:featuredmedia":[{"embeddable":true,"href":"https:\/\/webpe.colegiomayor.cl\/index.php?rest_route=\/"}],"wp:attachment":[{"href":"https:\/\/webpe.colegiomayor.cl\/index.php?rest_route=%2Fwp%2Fv2%2Fmedia&parent=32309"}],"wp:term":[{"taxonomy":"category","embeddable":true,"href":"https:\/\/webpe.colegiomayor.cl\/index.php?rest_route=%2Fwp%2Fv2%2Fcategories&post=32309"},{"taxonomy":"post_tag","embeddable":true,"href":"https:\/\/webpe.colegiomayor.cl\/index.php?rest_route=%2Fwp%2Fv2%2Ftags&post=32309"}],"curies":[{"name":"wp","href":"https:\/\/api.w.org\/{rel}","templated":true}]}}