{"id":32273,"date":"2024-11-07T19:41:00","date_gmt":"2024-11-07T19:41:00","guid":{"rendered":"https:\/\/webpe.colegiomayor.cl\/?p=32273"},"modified":"2024-11-07T19:41:00","modified_gmt":"2024-11-07T19:41:00","slug":"calendario-de-rematricula-2025","status":"publish","type":"post","link":"https:\/\/webpe.colegiomayor.cl\/?p=32273","title":{"rendered":"\u00daltimos d\u00eda para Rematr\u00edcula 2025"},"content":{"rendered":"\n<p class=\"has-background has-text-align-center has-very-light-gray-background-color\"><em><strong>Revisa ac\u00e1 fecha asignada por curso para le renovaci\u00f3n de matr\u00edcula de tu hija o hijo para el a\u00f1o escolar 2025.<\/strong><\/em><\/p>\n\n\n\n<figure class=\"wp-block-image size-large\"><img decoding=\"async\" src=\"https:\/\/webpe.colegiomayor.cl\/wp-content\/uploads\/arte4-1024x589.jpeg\" alt=\"\" class=\"wp-image-32274\"\/><\/figure>\n\n\n\n<figure class=\"wp-block-image size-large\"><img decoding=\"async\" src=\"https:\/\/webpe.colegiomayor.cl\/wp-content\/uploads\/Circular-Mat\u00edcula-2025.-Final_page-0003-725x1024.jpg\" alt=\"\" class=\"wp-image-32275\"\/><\/figure>\n","protected":false},"excerpt":{"rendered":"<p>Revisa ac\u00e1 fecha asignada por curso para le renovaci\u00f3n de matr\u00edcula de tu hija o hijo para el a\u00f1o escolar 2025.<\/p>\n","protected":false},"author":5,"featured_media":32274,"comment_status":"closed","ping_status":"closed","sticky":false,"template":"","format":"standard","meta":{"content-type":"","footnotes":""},"categories":[23],"tags":[],"class_list":["post-32273","post","type-post","status-publish","format-standard","has-post-thumbnail","hentry","category-actualidad","odd"],"rttpg_featured_image_url":null,"rttpg_author":{"display_name":"Flor Parragu\u00e9z","author_link":"https:\/\/webpe.colegiomayor.cl\/?author=5"},"rttpg_comment":0,"rttpg_category":"<a href=\"https:\/\/webpe.colegiomayor.cl\/?cat=23\" rel=\"category\">COLEGIO<\/a>","rttpg_excerpt":"Revisa ac\u00e1 fecha asignada por curso para le renovaci\u00f3n de matr\u00edcula de tu hija o hijo para el a\u00f1o escolar 2025.","_links":{"self":[{"href":"https:\/\/webpe.colegiomayor.cl\/index.php?rest_route=\/wp\/v2\/posts\/32273","targetHints":{"allow":["GET"]}}],"collection":[{"href":"https:\/\/webpe.colegiomayor.cl\/index.php?rest_route=\/wp\/v2\/posts"}],"about":[{"href":"https:\/\/webpe.colegiomayor.cl\/index.php?rest_route=\/wp\/v2\/types\/post"}],"author":[{"embeddable":true,"href":"https:\/\/webpe.colegiomayor.cl\/index.php?rest_route=\/wp\/v2\/users\/5"}],"replies":[{"embeddable":true,"href":"https:\/\/webpe.colegiomayor.cl\/index.php?rest_route=%2Fwp%2Fv2%2Fcomments&post=32273"}],"version-history":[{"count":0,"href":"https:\/\/webpe.colegiomayor.cl\/index.php?rest_route=\/wp\/v2\/posts\/32273\/revisions"}],"wp:featuredmedia":[{"embeddable":true,"href":"https:\/\/webpe.colegiomayor.cl\/index.php?rest_route=\/"}],"wp:attachment":[{"href":"https:\/\/webpe.colegiomayor.cl\/index.php?rest_route=%2Fwp%2Fv2%2Fmedia&parent=32273"}],"wp:term":[{"taxonomy":"category","embeddable":true,"href":"https:\/\/webpe.colegiomayor.cl\/index.php?rest_route=%2Fwp%2Fv2%2Fcategories&post=32273"},{"taxonomy":"post_tag","embeddable":true,"href":"https:\/\/webpe.colegiomayor.cl\/index.php?rest_route=%2Fwp%2Fv2%2Ftags&post=32273"}],"curies":[{"name":"wp","href":"https:\/\/api.w.org\/{rel}","templated":true}]}}