{"id":32222,"date":"2024-10-11T14:31:02","date_gmt":"2024-10-11T14:31:02","guid":{"rendered":"https:\/\/webpe.colegiomayor.cl\/?p=32222"},"modified":"2024-10-11T14:31:02","modified_gmt":"2024-10-11T14:31:02","slug":"campeonato-sudamericano-absoluto-de-deportes-acuaticos","status":"publish","type":"post","link":"https:\/\/webpe.colegiomayor.cl\/?p=32222","title":{"rendered":"Campeonato Sudamericano Absoluto de Deportes Acu\u00e1ticos"},"content":{"rendered":"\n<p class=\"has-background has-text-align-center has-very-light-gray-background-color\"><strong><em>Desde el d\u00eda lunes 30 de septiembre al jueves 3 de octubre, en la Piscina Ol\u00edmpica Hernando Botero O\u2019byrne, en la ciudad de Cali, Colombia, se desarroll\u00f3 una nueva versi\u00f3n del torneo m\u00e1s exigente del continente, el Campeonato Sudamericano Absoluto de Deportes Acu\u00e1ticos.<\/em><\/strong><\/p>\n\n\n\n<figure class=\"wp-block-image size-large\"><img decoding=\"async\" src=\"https:\/\/webpe.colegiomayor.cl\/wp-content\/uploads\/Sin-t\u00edtulo-76-861x1024.png\" alt=\"\" class=\"wp-image-32227\"\/><\/figure>\n\n\n\n<p>En este encuentro deportivo el Team Chile de nataci\u00f3n dijo presente y podemos decir con orgullo que dos de sus integrantes son parte de nuestra comunidad educativa, nos referimos a la estudiante Martina R\u00f6per Joo de IV\u00b0 Medio, quien compiti\u00f3 en las pruebas de estilo espalda, y el profesor de nataci\u00f3n Sr. Mat\u00edas Jaque, quien es parte del Staff T\u00e9cnico del seleccionado.<\/p>\n\n\n\n<p>En la oportunidad Martina\ntuvo una destacada participaci\u00f3n, logrando disputar una final con un meritorio\n8\u00b0 lugar Sudamericano.<\/p>\n","protected":false},"excerpt":{"rendered":"<p>Desde el d\u00eda lunes 30 de septiembre al jueves 3 de octubre, en la Piscina Ol\u00edmpica Hernando Botero O\u2019byrne, en la ciudad de Cali, Colombia, se desarroll\u00f3 una nueva versi\u00f3n del torneo m\u00e1s exigente del continente, el Campeonato Sudamericano Absoluto de Deportes Acu\u00e1ticos. En este&nbsp;<a href=\"https:\/\/webpe.colegiomayor.cl\/?p=32222\">&hellip;<\/a><\/p>\n","protected":false},"author":5,"featured_media":32227,"comment_status":"closed","ping_status":"closed","sticky":false,"template":"","format":"standard","meta":{"content-type":"","footnotes":""},"categories":[25],"tags":[],"class_list":["post-32222","post","type-post","status-publish","format-standard","has-post-thumbnail","hentry","category-deportes","odd"],"rttpg_featured_image_url":null,"rttpg_author":{"display_name":"Flor Parragu\u00e9z","author_link":"https:\/\/webpe.colegiomayor.cl\/?author=5"},"rttpg_comment":0,"rttpg_category":"<a href=\"https:\/\/webpe.colegiomayor.cl\/?cat=25\" rel=\"category\">DEPORTES<\/a>","rttpg_excerpt":"Desde el d\u00eda lunes 30 de septiembre al jueves 3 de octubre, en la Piscina Ol\u00edmpica Hernando Botero O\u2019byrne, en la ciudad de Cali, Colombia, se desarroll\u00f3 una nueva versi\u00f3n del torneo m\u00e1s exigente del continente, el Campeonato Sudamericano Absoluto de Deportes Acu\u00e1ticos. En este&nbsp;&hellip;","_links":{"self":[{"href":"https:\/\/webpe.colegiomayor.cl\/index.php?rest_route=\/wp\/v2\/posts\/32222","targetHints":{"allow":["GET"]}}],"collection":[{"href":"https:\/\/webpe.colegiomayor.cl\/index.php?rest_route=\/wp\/v2\/posts"}],"about":[{"href":"https:\/\/webpe.colegiomayor.cl\/index.php?rest_route=\/wp\/v2\/types\/post"}],"author":[{"embeddable":true,"href":"https:\/\/webpe.colegiomayor.cl\/index.php?rest_route=\/wp\/v2\/users\/5"}],"replies":[{"embeddable":true,"href":"https:\/\/webpe.colegiomayor.cl\/index.php?rest_route=%2Fwp%2Fv2%2Fcomments&post=32222"}],"version-history":[{"count":0,"href":"https:\/\/webpe.colegiomayor.cl\/index.php?rest_route=\/wp\/v2\/posts\/32222\/revisions"}],"wp:featuredmedia":[{"embeddable":true,"href":"https:\/\/webpe.colegiomayor.cl\/index.php?rest_route=\/"}],"wp:attachment":[{"href":"https:\/\/webpe.colegiomayor.cl\/index.php?rest_route=%2Fwp%2Fv2%2Fmedia&parent=32222"}],"wp:term":[{"taxonomy":"category","embeddable":true,"href":"https:\/\/webpe.colegiomayor.cl\/index.php?rest_route=%2Fwp%2Fv2%2Fcategories&post=32222"},{"taxonomy":"post_tag","embeddable":true,"href":"https:\/\/webpe.colegiomayor.cl\/index.php?rest_route=%2Fwp%2Fv2%2Ftags&post=32222"}],"curies":[{"name":"wp","href":"https:\/\/api.w.org\/{rel}","templated":true}]}}