{"id":32183,"date":"2024-10-04T19:20:45","date_gmt":"2024-10-04T19:20:45","guid":{"rendered":"https:\/\/webpe.colegiomayor.cl\/?p=32183"},"modified":"2024-10-04T19:20:45","modified_gmt":"2024-10-04T19:20:45","slug":"selecciones-deportivas-colegio-mayor-penalolen-sabado-05-de-octubre","status":"publish","type":"post","link":"https:\/\/webpe.colegiomayor.cl\/?p=32183","title":{"rendered":"Selecciones Deportivas, Colegio Mayor Pe\u00f1alol\u00e9n, s\u00e1bado 05 de octubre"},"content":{"rendered":"\n<figure class=\"wp-block-image size-large\"><img decoding=\"async\" src=\"https:\/\/webpe.colegiomayor.cl\/wp-content\/uploads\/9660-1-1024x731.jpg\" alt=\"\" class=\"wp-image-32107\"\/><\/figure>\n\n\n\n<p class=\"has-background has-very-light-gray-background-color\"><strong>Atletismo\nSelecci\u00f3n:<\/strong><\/p>\n\n\n\n<p><strong>TORNEO\nATL\u00c9TICO FRANC\u00c9S S\u00c1BADO 05 Y DOMINGO 06 <\/strong><\/p>\n\n\n\n<p><strong>Lugar:<\/strong> Estadio San Carlos de Apoquindo<\/p>\n\n\n\n<p><strong>Profesores\na cargo:<\/strong> Carlos Soto <\/p>\n\n\n\n<p><strong>ENTRENAMIENTO\nCMPE<\/strong><\/p>\n\n\n\n<p><strong>Lugar: <\/strong>Pista atl\u00e9tica estadio mayor<\/p>\n\n\n\n<p><strong>Horario:\n<\/strong>desde las 09:00 horas<\/p>\n\n\n\n<p><strong>Categor\u00edas:\n<\/strong>preparatoria \u2013 infantil \u2013 intermedia \u2013 superior<\/p>\n\n\n\n<p><strong>Profesores\na cargo: <\/strong>\u00darsula Rebolledo \u2013 Javiera Gonz\u00e1lez <\/p>\n\n\n\n<p class=\"has-background has-very-light-gray-background-color\"><strong>B\u00e1squetbol<\/strong><\/p>\n\n\n\n<p><strong>TORNEO\nUC CMPE V\/S COLEGIO SAN MARCOS<\/strong><\/p>\n\n\n\n<p><strong>Lugar:<\/strong>&nbsp; Colegio San Marcos, Macul<\/p>\n\n\n\n<p><strong>Horario:\n<\/strong>desde las 08:40 horas <\/p>\n\n\n\n<p><strong>Categor\u00edas:<\/strong> Infantil \/ mini<\/p>\n\n\n\n<p><strong>Profesora\na cargo:<\/strong> Carlos Cerecera \u2013 Nicol\u00e1s Ortiz <\/p>\n\n\n\n<p><strong>ENTRENAMIENTOS\nSUSPENDIDO<\/strong><\/p>\n\n\n\n<p class=\"has-background has-very-light-gray-background-color\"><strong>Cheerleaders<\/strong><\/p>\n\n\n\n<p><strong>TORNEO\nANDES LEAGUE <\/strong><\/p>\n\n\n\n<p><strong>Lugar:<\/strong> Carpeta Estadio Mayor<\/p>\n\n\n\n<p><strong>Categor\u00eda:<\/strong> Junior <\/p>\n\n\n\n<p><strong>Horario\ncitaci\u00f3n: <\/strong>09:30 horas<\/p>\n\n\n\n<p><strong>Categor\u00eda:<\/strong> Senior<\/p>\n\n\n\n<p><strong>Horario\ncitaci\u00f3n: <\/strong>12:30 horas <\/p>\n\n\n\n<p><strong>Profesores\na Cargo:<\/strong> Daniela Acu\u00f1a &#8211; Ricardo Vergara<\/p>\n\n\n\n<p>Domingo 06 de octubre<\/p>\n\n\n\n<p><strong>CAMPEONATO\nCSCHILE<\/strong><\/p>\n\n\n\n<p><strong>Lugar: <\/strong>Centro de Eventos Chimkowe<\/p>\n\n\n\n<p><strong>Categor\u00eda:<\/strong> S<strong>e<\/strong>nior<\/p>\n\n\n\n<p><strong>Horario\ncitaci\u00f3n: <\/strong>09:15 horas<\/p>\n\n\n\n<p><strong>Profesores\na Cargo:<\/strong> Daniela Acu\u00f1a &#8211; Ricardo Vergara<\/p>\n\n\n\n<p class=\"has-background has-very-light-gray-background-color\"><strong>F\u00fatbol Selecci\u00f3n<\/strong><\/p>\n\n\n\n<p><strong>TORNEO\nUC PARTIDO CMPE V\/S COLEGIO SAN ISIDRO<\/strong><\/p>\n\n\n\n<p><strong>Lugar:<\/strong> Colegio San Isidro, hijuela Larga, parcela 13, Buin.<\/p>\n\n\n\n<p><strong>Horario<\/strong>: desde 08:15 horas<\/p>\n\n\n\n<p><strong>Categor\u00edas:<\/strong> <strong>&nbsp;<\/strong>Mini \/ infantil<\/p>\n\n\n\n<p><strong>Profesores\na Cargo:<\/strong> Pablo S\u00e1nchez &#8211; Edgar Vargas<\/p>\n\n\n\n<p><strong>ENTRENAMIENTO\nCMPE<\/strong><\/p>\n\n\n\n<p><strong>Lugar:<\/strong> Cancha Colegio Mayor<\/p>\n\n\n\n<p><strong>Horario<\/strong>: 09:00 \u2013 10:30 horas<\/p>\n\n\n\n<p><strong>Categor\u00edas:<\/strong> <strong>&nbsp;<\/strong>INTERMEDIA &#8211; SUPERIOR<\/p>\n\n\n\n<p><strong>Profesores\na Cargo:<\/strong> Ra\u00fal Briones<\/p>\n\n\n\n<p class=\"has-background has-very-light-gray-background-color\"><strong>Gimnasia\nArt\u00edstica<\/strong><\/p>\n\n\n\n<p><strong>COMPETENCIA\nLEGA NIVEL INICIACI\u00d3N (nivel 0)<\/strong><\/p>\n\n\n\n<p><strong>Lugar: <\/strong>Colegio Carmen Teresiano<\/p>\n\n\n\n<p><strong>Horario:\n<\/strong>07:45 horas<\/p>\n\n\n\n<p><strong>Profesor\na Cargo:<\/strong> Millaray Albornoz \u2013 Loreto Erazo<\/p>\n\n\n\n<p><strong>ENTRENAMIENTO\nSUSPENDIDO<\/strong><\/p>\n\n\n\n<p class=\"has-background has-very-light-gray-background-color\"><strong>Nataci\u00f3n Selecci\u00f3n<\/strong><\/p>\n\n\n\n<p><strong>TORNEO\nESCOLAR CMPE <\/strong><\/p>\n\n\n\n<p><strong>Lugar: <\/strong>Piscina Estadio Mayor<\/p>\n\n\n\n<p><strong>Horario:\n<\/strong>desde 07:30 horas<\/p>\n\n\n\n<p><strong>Categor\u00edas:\n<\/strong>Iniciantes \u2013 menores \u2013 infantiles<\/p>\n\n\n\n<p>Profesores a cargo: Marly Delgado \u2013 Sim\u00f3n Fern\u00e1ndez\n\u2013 Nicol\u00e1s Fr\u00edas<\/p>\n\n\n\n<p class=\"has-background has-very-light-gray-background-color\"><strong>Tenis Selecci\u00f3n<\/strong><\/p>\n\n\n\n<p><strong>TORNEO\nTENIS CHILE<\/strong><\/p>\n\n\n\n<p><strong>Lugar: <\/strong>Hacienda Chicureo, camino Chicureo s\/r Chicureo, colina<\/p>\n\n\n\n<p><strong>Horario<\/strong>: todo el d\u00eda<\/p>\n\n\n\n<p><strong>ENTRENAMIENTO\nSUSPENDIDO<\/strong><\/p>\n\n\n\n<p class=\"has-background has-very-light-gray-background-color\"><strong>Voleibol\nFemenino<\/strong><\/p>\n\n\n\n<p><strong>TONREO\nUC CMPE V\/S COLEGIO SAN ANSELMO<\/strong><\/p>\n\n\n\n<p><strong>Lugar:<\/strong> Colegio San Anselmo \/ camino Guay 10031, Chicureo<\/p>\n\n\n\n<p><strong>Categor\u00eda<\/strong>: Mini \/ Infantil <\/p>\n\n\n\n<p><strong>Horario:<\/strong> Desde las 08:20 horas<\/p>\n\n\n\n<p>Profesores a cargo: Joaqu\u00edn M\u00e9ndez \u2013\nMaximiliano Ram\u00edrez<\/p>\n\n\n\n<p><strong>ENTRENAMIENTOS\nSUSPENDIDOS SUPERIOR<\/strong><\/p>\n\n\n\n<p class=\"has-background has-very-light-gray-background-color\"><strong>Voleibol\nMasculino<\/strong><\/p>\n\n\n\n<p><strong>TORNEO\nUC CMPE V\/S SAINT GABRIEL<\/strong><\/p>\n\n\n\n<p><strong>Lugar: <\/strong>Colegio San Benito, parque Antonio Rabat 6150<\/p>\n\n\n\n<p><strong>Horario:\n<\/strong>08:15 horas<\/p>\n\n\n\n<p><strong>Categor\u00eda:\n<\/strong>Infantil \u2013 Mini<\/p>\n\n\n\n<p><strong>Profesores\na cargo<\/strong>: Valent\u00edn Tamayo \u2013 Pablo Beltr\u00e1n <\/p>\n\n\n\n<p><strong>ENTRENAMIENTO\nSUSPENDIDO<\/strong><\/p>\n","protected":false},"excerpt":{"rendered":"<p>Atletismo Selecci\u00f3n: TORNEO ATL\u00c9TICO FRANC\u00c9S S\u00c1BADO 05 Y DOMINGO 06 Lugar: Estadio San Carlos de Apoquindo Profesores a cargo: Carlos Soto ENTRENAMIENTO CMPE Lugar: Pista atl\u00e9tica estadio mayor Horario: desde las 09:00 horas Categor\u00edas: preparatoria \u2013 infantil \u2013 intermedia \u2013 superior Profesores a cargo: \u00darsula&nbsp;<a href=\"https:\/\/webpe.colegiomayor.cl\/?p=32183\">&hellip;<\/a><\/p>\n","protected":false},"author":5,"featured_media":32107,"comment_status":"closed","ping_status":"closed","sticky":false,"template":"","format":"standard","meta":{"content-type":"","footnotes":""},"categories":[25],"tags":[],"class_list":["post-32183","post","type-post","status-publish","format-standard","has-post-thumbnail","hentry","category-deportes","odd"],"rttpg_featured_image_url":null,"rttpg_author":{"display_name":"Flor Parragu\u00e9z","author_link":"https:\/\/webpe.colegiomayor.cl\/?author=5"},"rttpg_comment":0,"rttpg_category":"<a href=\"https:\/\/webpe.colegiomayor.cl\/?cat=25\" rel=\"category\">DEPORTES<\/a>","rttpg_excerpt":"Atletismo Selecci\u00f3n: TORNEO ATL\u00c9TICO FRANC\u00c9S S\u00c1BADO 05 Y DOMINGO 06 Lugar: Estadio San Carlos de Apoquindo Profesores a cargo: Carlos Soto ENTRENAMIENTO CMPE Lugar: Pista atl\u00e9tica estadio mayor Horario: desde las 09:00 horas Categor\u00edas: preparatoria \u2013 infantil \u2013 intermedia \u2013 superior Profesores a cargo: \u00darsula&nbsp;&hellip;","_links":{"self":[{"href":"https:\/\/webpe.colegiomayor.cl\/index.php?rest_route=\/wp\/v2\/posts\/32183","targetHints":{"allow":["GET"]}}],"collection":[{"href":"https:\/\/webpe.colegiomayor.cl\/index.php?rest_route=\/wp\/v2\/posts"}],"about":[{"href":"https:\/\/webpe.colegiomayor.cl\/index.php?rest_route=\/wp\/v2\/types\/post"}],"author":[{"embeddable":true,"href":"https:\/\/webpe.colegiomayor.cl\/index.php?rest_route=\/wp\/v2\/users\/5"}],"replies":[{"embeddable":true,"href":"https:\/\/webpe.colegiomayor.cl\/index.php?rest_route=%2Fwp%2Fv2%2Fcomments&post=32183"}],"version-history":[{"count":0,"href":"https:\/\/webpe.colegiomayor.cl\/index.php?rest_route=\/wp\/v2\/posts\/32183\/revisions"}],"wp:featuredmedia":[{"embeddable":true,"href":"https:\/\/webpe.colegiomayor.cl\/index.php?rest_route=\/"}],"wp:attachment":[{"href":"https:\/\/webpe.colegiomayor.cl\/index.php?rest_route=%2Fwp%2Fv2%2Fmedia&parent=32183"}],"wp:term":[{"taxonomy":"category","embeddable":true,"href":"https:\/\/webpe.colegiomayor.cl\/index.php?rest_route=%2Fwp%2Fv2%2Fcategories&post=32183"},{"taxonomy":"post_tag","embeddable":true,"href":"https:\/\/webpe.colegiomayor.cl\/index.php?rest_route=%2Fwp%2Fv2%2Ftags&post=32183"}],"curies":[{"name":"wp","href":"https:\/\/api.w.org\/{rel}","templated":true}]}}