{"id":32153,"date":"2024-09-30T18:32:01","date_gmt":"2024-09-30T18:32:01","guid":{"rendered":"https:\/\/webpe.colegiomayor.cl\/?p=32153"},"modified":"2024-09-30T18:32:01","modified_gmt":"2024-09-30T18:32:01","slug":"guitarras-por-la-musica-chilena-en-cmpe","status":"publish","type":"post","link":"https:\/\/webpe.colegiomayor.cl\/?p=32153","title":{"rendered":"&#8220;Guitarras por la m\u00fasica chilena&#8221; en CMPE."},"content":{"rendered":"\n<p class=\"has-background has-text-align-center has-very-light-gray-background-color\"><em><strong>Colegio Mayor Pe\u00f1alol\u00e9n celebrar\u00e1  de forma interna, con estudiantes de 3\u00ba B\u00e1sico a IV\u00ba Medio el d\u00eda de la m\u00fasica chilena, este pr\u00f3ximo lunes 7 de octubre en el Patio Central<\/strong><\/em>.<\/p>\n\n\n\n<p class=\"has-text-align-left\">Para celebrar juntos ingresa  a la carpeta de<strong> m\u00fasica<\/strong> en el portal, ah\u00ed encontrar\u00e1s la canci\u00f3n, su letra y acordes con la que celebraremos.<\/p>\n\n\n\n<p>Este&nbsp;evento cultural se realiza anualmente con el objetivo de que&nbsp;artistas emergentes y consagrados se re\u00fanan&nbsp;en torno a la m\u00fasica nacional. Desde&nbsp;2015,&nbsp;por ley se celebra cada 4 de octubre,&nbsp;misma fecha que marca el natalicio de la&nbsp;cantautora, pintora, escultora y bordadora, Violeta Parra. <\/p>\n\n\n\n<figure class=\"wp-block-embed-youtube wp-block-embed is-type-video is-provider-youtube wp-embed-aspect-16-9 wp-has-aspect-ratio\"><div class=\"wp-block-embed__wrapper\">\n<iframe loading=\"lazy\" title=\"D\u00eda de la m\u00fasica chilena\" width=\"1200\" height=\"675\" src=\"https:\/\/www.youtube.com\/embed\/NAfAPNMhlPA?feature=oembed\" frameborder=\"0\" allow=\"accelerometer; autoplay; clipboard-write; encrypted-media; gyroscope; picture-in-picture; web-share\" referrerpolicy=\"strict-origin-when-cross-origin\" allowfullscreen><\/iframe>\n<\/div><\/figure>\n","protected":false},"excerpt":{"rendered":"<p>Colegio Mayor Pe\u00f1alol\u00e9n celebrar\u00e1 de forma interna, con estudiantes de 3\u00ba B\u00e1sico a IV\u00ba Medio el d\u00eda de la m\u00fasica chilena, este pr\u00f3ximo lunes 7 de octubre en el Patio Central. Para celebrar juntos ingresa a la carpeta de m\u00fasica en el portal, ah\u00ed encontrar\u00e1s&nbsp;<a href=\"https:\/\/webpe.colegiomayor.cl\/?p=32153\">&hellip;<\/a><\/p>\n","protected":false},"author":5,"featured_media":32155,"comment_status":"closed","ping_status":"closed","sticky":false,"template":"","format":"standard","meta":{"content-type":"","footnotes":""},"categories":[23],"tags":[],"class_list":["post-32153","post","type-post","status-publish","format-standard","has-post-thumbnail","hentry","category-actualidad","odd"],"rttpg_featured_image_url":null,"rttpg_author":{"display_name":"Flor Parragu\u00e9z","author_link":"https:\/\/webpe.colegiomayor.cl\/?author=5"},"rttpg_comment":0,"rttpg_category":"<a href=\"https:\/\/webpe.colegiomayor.cl\/?cat=23\" rel=\"category\">COLEGIO<\/a>","rttpg_excerpt":"Colegio Mayor Pe\u00f1alol\u00e9n celebrar\u00e1 de forma interna, con estudiantes de 3\u00ba B\u00e1sico a IV\u00ba Medio el d\u00eda de la m\u00fasica chilena, este pr\u00f3ximo lunes 7 de octubre en el Patio Central. Para celebrar juntos ingresa a la carpeta de m\u00fasica en el portal, ah\u00ed encontrar\u00e1s&nbsp;&hellip;","_links":{"self":[{"href":"https:\/\/webpe.colegiomayor.cl\/index.php?rest_route=\/wp\/v2\/posts\/32153","targetHints":{"allow":["GET"]}}],"collection":[{"href":"https:\/\/webpe.colegiomayor.cl\/index.php?rest_route=\/wp\/v2\/posts"}],"about":[{"href":"https:\/\/webpe.colegiomayor.cl\/index.php?rest_route=\/wp\/v2\/types\/post"}],"author":[{"embeddable":true,"href":"https:\/\/webpe.colegiomayor.cl\/index.php?rest_route=\/wp\/v2\/users\/5"}],"replies":[{"embeddable":true,"href":"https:\/\/webpe.colegiomayor.cl\/index.php?rest_route=%2Fwp%2Fv2%2Fcomments&post=32153"}],"version-history":[{"count":0,"href":"https:\/\/webpe.colegiomayor.cl\/index.php?rest_route=\/wp\/v2\/posts\/32153\/revisions"}],"wp:featuredmedia":[{"embeddable":true,"href":"https:\/\/webpe.colegiomayor.cl\/index.php?rest_route=\/"}],"wp:attachment":[{"href":"https:\/\/webpe.colegiomayor.cl\/index.php?rest_route=%2Fwp%2Fv2%2Fmedia&parent=32153"}],"wp:term":[{"taxonomy":"category","embeddable":true,"href":"https:\/\/webpe.colegiomayor.cl\/index.php?rest_route=%2Fwp%2Fv2%2Fcategories&post=32153"},{"taxonomy":"post_tag","embeddable":true,"href":"https:\/\/webpe.colegiomayor.cl\/index.php?rest_route=%2Fwp%2Fv2%2Ftags&post=32153"}],"curies":[{"name":"wp","href":"https:\/\/api.w.org\/{rel}","templated":true}]}}