{"id":32137,"date":"2024-09-10T23:18:05","date_gmt":"2024-09-10T23:18:05","guid":{"rendered":"https:\/\/webpe.colegiomayor.cl\/?p=32137"},"modified":"2024-09-10T23:18:05","modified_gmt":"2024-09-10T23:18:05","slug":"torneo-de-tenis-entre-tenis-universidad-catolica","status":"publish","type":"post","link":"https:\/\/webpe.colegiomayor.cl\/?p=32137","title":{"rendered":"Torneo de Tenis Entre Tenis Universidad Cat\u00f3lica"},"content":{"rendered":"\n<p class=\"has-background has-text-align-center has-very-light-gray-background-color\"><strong><em>El fin de semana del 24 y 25 de agosto parte de la Selecci\u00f3n de Tenis de nuestro colegio particip\u00f3 en una nueva etapa de Entre Tenis.<\/em><\/strong><\/p>\n\n\n\n<figure class=\"wp-block-image size-large\"><img decoding=\"async\" src=\"https:\/\/webpe.colegiomayor.cl\/wp-content\/uploads\/1724858165624.jpg\" alt=\"\" class=\"wp-image-32138\"\/><\/figure>\n\n\n\n<p> En esta etapa  participaron estudiantes  del colegio espec\u00edficamente en la cancha roja, naranja, Categor\u00eda 12 y 14 a\u00f1os.<\/p>\n\n\n\n<p> Felicitaciones a quienes participaron de esta etapa entregando lo mejor de cada uno en cada punto en especial a la alumna Matilde Correa del Primero Medio A quien obtuvo el segundo lugar de su categor\u00eda (damas 14).<\/p>\n\n\n\n<figure class=\"wp-block-image size-large\"><img decoding=\"async\" src=\"https:\/\/webpe.colegiomayor.cl\/wp-content\/uploads\/1724858165688.jpg\" alt=\"\" class=\"wp-image-32139\"\/><\/figure>\n","protected":false},"excerpt":{"rendered":"<p>El fin de semana del 24 y 25 de agosto parte de la Selecci\u00f3n de Tenis de nuestro colegio particip\u00f3 en una nueva etapa de Entre Tenis. En esta etapa participaron estudiantes del colegio espec\u00edficamente en la cancha roja, naranja, Categor\u00eda 12 y 14 a\u00f1os.&nbsp;<a href=\"https:\/\/webpe.colegiomayor.cl\/?p=32137\">&hellip;<\/a><\/p>\n","protected":false},"author":5,"featured_media":32139,"comment_status":"closed","ping_status":"closed","sticky":false,"template":"","format":"standard","meta":{"content-type":"","footnotes":""},"categories":[25],"tags":[],"class_list":["post-32137","post","type-post","status-publish","format-standard","has-post-thumbnail","hentry","category-deportes","odd"],"rttpg_featured_image_url":null,"rttpg_author":{"display_name":"Flor Parragu\u00e9z","author_link":"https:\/\/webpe.colegiomayor.cl\/?author=5"},"rttpg_comment":0,"rttpg_category":"<a href=\"https:\/\/webpe.colegiomayor.cl\/?cat=25\" rel=\"category\">DEPORTES<\/a>","rttpg_excerpt":"El fin de semana del 24 y 25 de agosto parte de la Selecci\u00f3n de Tenis de nuestro colegio particip\u00f3 en una nueva etapa de Entre Tenis. En esta etapa participaron estudiantes del colegio espec\u00edficamente en la cancha roja, naranja, Categor\u00eda 12 y 14 a\u00f1os.&nbsp;&hellip;","_links":{"self":[{"href":"https:\/\/webpe.colegiomayor.cl\/index.php?rest_route=\/wp\/v2\/posts\/32137","targetHints":{"allow":["GET"]}}],"collection":[{"href":"https:\/\/webpe.colegiomayor.cl\/index.php?rest_route=\/wp\/v2\/posts"}],"about":[{"href":"https:\/\/webpe.colegiomayor.cl\/index.php?rest_route=\/wp\/v2\/types\/post"}],"author":[{"embeddable":true,"href":"https:\/\/webpe.colegiomayor.cl\/index.php?rest_route=\/wp\/v2\/users\/5"}],"replies":[{"embeddable":true,"href":"https:\/\/webpe.colegiomayor.cl\/index.php?rest_route=%2Fwp%2Fv2%2Fcomments&post=32137"}],"version-history":[{"count":0,"href":"https:\/\/webpe.colegiomayor.cl\/index.php?rest_route=\/wp\/v2\/posts\/32137\/revisions"}],"wp:featuredmedia":[{"embeddable":true,"href":"https:\/\/webpe.colegiomayor.cl\/index.php?rest_route=\/"}],"wp:attachment":[{"href":"https:\/\/webpe.colegiomayor.cl\/index.php?rest_route=%2Fwp%2Fv2%2Fmedia&parent=32137"}],"wp:term":[{"taxonomy":"category","embeddable":true,"href":"https:\/\/webpe.colegiomayor.cl\/index.php?rest_route=%2Fwp%2Fv2%2Fcategories&post=32137"},{"taxonomy":"post_tag","embeddable":true,"href":"https:\/\/webpe.colegiomayor.cl\/index.php?rest_route=%2Fwp%2Fv2%2Ftags&post=32137"}],"curies":[{"name":"wp","href":"https:\/\/api.w.org\/{rel}","templated":true}]}}