{"id":32130,"date":"2024-09-05T22:34:52","date_gmt":"2024-09-05T22:34:52","guid":{"rendered":"https:\/\/webpe.colegiomayor.cl\/?p=32130"},"modified":"2024-09-05T22:34:52","modified_gmt":"2024-09-05T22:34:52","slug":"cross-country-talagante-2","status":"publish","type":"post","link":"https:\/\/webpe.colegiomayor.cl\/?p=32130","title":{"rendered":"Cross Country Talagante"},"content":{"rendered":"\n<p class=\"has-background has-text-align-center has-very-light-gray-background-color\"><em><strong>La Selecci\u00f3n de Atletismo del \u00e1rea de medio fondo, compiti\u00f3 el fin de agosto el tradicional Cross Country de la comuna de Talagante, con una destacada participaci\u00f3n de todos los atletas del colegio.<\/strong><\/em><\/p>\n\n\n\n<figure class=\"wp-block-gallery columns-2 is-cropped wp-block-gallery-1 is-layout-flex wp-block-gallery-is-layout-flex\"><ul class=\"blocks-gallery-grid\"><li class=\"blocks-gallery-item\"><figure><img decoding=\"async\" src=\"https:\/\/webpe.colegiomayor.cl\/wp-content\/uploads\/1725289376130-768x1024.jpg\" alt=\"\" data-id=\"32132\" data-full-url=\"https:\/\/webpe.colegiomayor.cl\/wp-content\/uploads\/1725289376130.jpg\" data-link=\"https:\/\/webpe.colegiomayor.cl\/?attachment_id=32132\" class=\"wp-image-32132\"\/><\/figure><\/li><li class=\"blocks-gallery-item\"><figure><img decoding=\"async\" src=\"https:\/\/webpe.colegiomayor.cl\/wp-content\/uploads\/1725289376111.jpg\" alt=\"\" data-id=\"32131\" data-full-url=\"https:\/\/webpe.colegiomayor.cl\/wp-content\/uploads\/1725289376111.jpg\" data-link=\"https:\/\/webpe.colegiomayor.cl\/?attachment_id=32131\" class=\"wp-image-32131\"\/><\/figure><\/li><\/ul><\/figure>\n\n\n\n<p>Podemos destacar a Aline de Almeida Segunda en su categor\u00eda.<\/p>\n\n\n\n<p>Adem\u00e1s, a Salvador Mu\u00f1oz Tercero en su categor\u00eda.<\/p>\n\n\n\n<p>A seguir trabajando con constancia y dedicaci\u00f3n para alcanzar las metas propuestas.<\/p>\n\n\n\n<figure class=\"wp-block-gallery columns-2 is-cropped wp-block-gallery-2 is-layout-flex wp-block-gallery-is-layout-flex\"><ul class=\"blocks-gallery-grid\"><li class=\"blocks-gallery-item\"><figure><img decoding=\"async\" src=\"https:\/\/webpe.colegiomayor.cl\/wp-content\/uploads\/1725289376186-768x1024.jpg\" alt=\"\" data-id=\"32135\" data-full-url=\"https:\/\/webpe.colegiomayor.cl\/wp-content\/uploads\/1725289376186.jpg\" data-link=\"https:\/\/webpe.colegiomayor.cl\/?attachment_id=32135\" class=\"wp-image-32135\"\/><\/figure><\/li><li class=\"blocks-gallery-item\"><figure><img decoding=\"async\" src=\"https:\/\/webpe.colegiomayor.cl\/wp-content\/uploads\/1725289376157-768x1024.jpg\" alt=\"\" data-id=\"32134\" data-full-url=\"https:\/\/webpe.colegiomayor.cl\/wp-content\/uploads\/1725289376157.jpg\" data-link=\"https:\/\/webpe.colegiomayor.cl\/?attachment_id=32134\" class=\"wp-image-32134\"\/><\/figure><\/li><\/ul><\/figure>\n\n\n\n<p>\u00a1Felicitaciones!<\/p>\n","protected":false},"excerpt":{"rendered":"<p>La Selecci\u00f3n de Atletismo del \u00e1rea de medio fondo, compiti\u00f3 el fin de agosto el tradicional Cross Country de la comuna de Talagante, con una destacada participaci\u00f3n de todos los atletas del colegio. Podemos destacar a Aline de Almeida Segunda en su categor\u00eda. Adem\u00e1s, a&nbsp;<a href=\"https:\/\/webpe.colegiomayor.cl\/?p=32130\">&hellip;<\/a><\/p>\n","protected":false},"author":5,"featured_media":32131,"comment_status":"closed","ping_status":"closed","sticky":false,"template":"","format":"standard","meta":{"content-type":"","footnotes":""},"categories":[25],"tags":[],"class_list":["post-32130","post","type-post","status-publish","format-standard","has-post-thumbnail","hentry","category-deportes","odd"],"rttpg_featured_image_url":null,"rttpg_author":{"display_name":"Flor Parragu\u00e9z","author_link":"https:\/\/webpe.colegiomayor.cl\/?author=5"},"rttpg_comment":0,"rttpg_category":"<a href=\"https:\/\/webpe.colegiomayor.cl\/?cat=25\" rel=\"category\">DEPORTES<\/a>","rttpg_excerpt":"La Selecci\u00f3n de Atletismo del \u00e1rea de medio fondo, compiti\u00f3 el fin de agosto el tradicional Cross Country de la comuna de Talagante, con una destacada participaci\u00f3n de todos los atletas del colegio. Podemos destacar a Aline de Almeida Segunda en su categor\u00eda. Adem\u00e1s, a&nbsp;&hellip;","_links":{"self":[{"href":"https:\/\/webpe.colegiomayor.cl\/index.php?rest_route=\/wp\/v2\/posts\/32130","targetHints":{"allow":["GET"]}}],"collection":[{"href":"https:\/\/webpe.colegiomayor.cl\/index.php?rest_route=\/wp\/v2\/posts"}],"about":[{"href":"https:\/\/webpe.colegiomayor.cl\/index.php?rest_route=\/wp\/v2\/types\/post"}],"author":[{"embeddable":true,"href":"https:\/\/webpe.colegiomayor.cl\/index.php?rest_route=\/wp\/v2\/users\/5"}],"replies":[{"embeddable":true,"href":"https:\/\/webpe.colegiomayor.cl\/index.php?rest_route=%2Fwp%2Fv2%2Fcomments&post=32130"}],"version-history":[{"count":0,"href":"https:\/\/webpe.colegiomayor.cl\/index.php?rest_route=\/wp\/v2\/posts\/32130\/revisions"}],"wp:featuredmedia":[{"embeddable":true,"href":"https:\/\/webpe.colegiomayor.cl\/index.php?rest_route=\/"}],"wp:attachment":[{"href":"https:\/\/webpe.colegiomayor.cl\/index.php?rest_route=%2Fwp%2Fv2%2Fmedia&parent=32130"}],"wp:term":[{"taxonomy":"category","embeddable":true,"href":"https:\/\/webpe.colegiomayor.cl\/index.php?rest_route=%2Fwp%2Fv2%2Fcategories&post=32130"},{"taxonomy":"post_tag","embeddable":true,"href":"https:\/\/webpe.colegiomayor.cl\/index.php?rest_route=%2Fwp%2Fv2%2Ftags&post=32130"}],"curies":[{"name":"wp","href":"https:\/\/api.w.org\/{rel}","templated":true}]}}