{"id":32102,"date":"2024-09-03T18:34:32","date_gmt":"2024-09-03T18:34:32","guid":{"rendered":"https:\/\/webpe.colegiomayor.cl\/?p=32102"},"modified":"2024-09-03T18:34:32","modified_gmt":"2024-09-03T18:34:32","slug":"seleccion-de-voleibol-femenino-en-torneo-escolar-uc","status":"publish","type":"post","link":"https:\/\/webpe.colegiomayor.cl\/?p=32102","title":{"rendered":"Selecci\u00f3n de v\u00f3leibol femenino en Torneo Escolar UC"},"content":{"rendered":"\n<p class=\"has-background has-text-align-center has-very-light-gray-background-color\"><strong><em>El pasado 31 de agosto la Selecci\u00f3n de V\u00f3leibol particip\u00f3 en el Torneo Escolar UC, torneo de tradici\u00f3n en el colegio y en el que este segundo semestre compite con las categor\u00edas Mini e Infantil.<\/em><\/strong><\/p>\n\n\n\n<figure class=\"wp-block-image size-large\"><img decoding=\"async\" src=\"https:\/\/webpe.colegiomayor.cl\/wp-content\/uploads\/Categor\u00eda-Mini-4ta-fecha.jpg\" alt=\"\" class=\"wp-image-32103\"\/><\/figure>\n\n\n\n<p>En esta tercera fecha del torneo en el Colegio Sagrados Corazones de Alameda.<\/p>\n\n\n\n<p>El partido la categor\u00eda Mini obtuvo una victoria por 2 &#8211; 0\u00a0 sobre el colegio local, obteniendo as\u00ed el mejor resultado posible.<br><\/p>\n","protected":false},"excerpt":{"rendered":"<p>El pasado 31 de agosto la Selecci\u00f3n de V\u00f3leibol particip\u00f3 en el Torneo Escolar UC, torneo de tradici\u00f3n en el colegio y en el que este segundo semestre compite con las categor\u00edas Mini e Infantil. En esta tercera fecha del torneo en el Colegio Sagrados&nbsp;<a href=\"https:\/\/webpe.colegiomayor.cl\/?p=32102\">&hellip;<\/a><\/p>\n","protected":false},"author":5,"featured_media":32103,"comment_status":"closed","ping_status":"closed","sticky":false,"template":"","format":"standard","meta":{"content-type":"","footnotes":""},"categories":[25],"tags":[],"class_list":["post-32102","post","type-post","status-publish","format-standard","has-post-thumbnail","hentry","category-deportes","odd"],"rttpg_featured_image_url":null,"rttpg_author":{"display_name":"Flor Parragu\u00e9z","author_link":"https:\/\/webpe.colegiomayor.cl\/?author=5"},"rttpg_comment":0,"rttpg_category":"<a href=\"https:\/\/webpe.colegiomayor.cl\/?cat=25\" rel=\"category\">DEPORTES<\/a>","rttpg_excerpt":"El pasado 31 de agosto la Selecci\u00f3n de V\u00f3leibol particip\u00f3 en el Torneo Escolar UC, torneo de tradici\u00f3n en el colegio y en el que este segundo semestre compite con las categor\u00edas Mini e Infantil. En esta tercera fecha del torneo en el Colegio Sagrados&nbsp;&hellip;","_links":{"self":[{"href":"https:\/\/webpe.colegiomayor.cl\/index.php?rest_route=\/wp\/v2\/posts\/32102","targetHints":{"allow":["GET"]}}],"collection":[{"href":"https:\/\/webpe.colegiomayor.cl\/index.php?rest_route=\/wp\/v2\/posts"}],"about":[{"href":"https:\/\/webpe.colegiomayor.cl\/index.php?rest_route=\/wp\/v2\/types\/post"}],"author":[{"embeddable":true,"href":"https:\/\/webpe.colegiomayor.cl\/index.php?rest_route=\/wp\/v2\/users\/5"}],"replies":[{"embeddable":true,"href":"https:\/\/webpe.colegiomayor.cl\/index.php?rest_route=%2Fwp%2Fv2%2Fcomments&post=32102"}],"version-history":[{"count":0,"href":"https:\/\/webpe.colegiomayor.cl\/index.php?rest_route=\/wp\/v2\/posts\/32102\/revisions"}],"wp:featuredmedia":[{"embeddable":true,"href":"https:\/\/webpe.colegiomayor.cl\/index.php?rest_route=\/"}],"wp:attachment":[{"href":"https:\/\/webpe.colegiomayor.cl\/index.php?rest_route=%2Fwp%2Fv2%2Fmedia&parent=32102"}],"wp:term":[{"taxonomy":"category","embeddable":true,"href":"https:\/\/webpe.colegiomayor.cl\/index.php?rest_route=%2Fwp%2Fv2%2Fcategories&post=32102"},{"taxonomy":"post_tag","embeddable":true,"href":"https:\/\/webpe.colegiomayor.cl\/index.php?rest_route=%2Fwp%2Fv2%2Ftags&post=32102"}],"curies":[{"name":"wp","href":"https:\/\/api.w.org\/{rel}","templated":true}]}}