{"id":32096,"date":"2024-08-30T16:39:35","date_gmt":"2024-08-30T16:39:35","guid":{"rendered":"https:\/\/webpe.colegiomayor.cl\/?p=32096"},"modified":"2024-08-30T16:39:35","modified_gmt":"2024-08-30T16:39:35","slug":"selecciones-deportivas-colegio-mayor-penalolen-sabado-31-de-agosto","status":"publish","type":"post","link":"https:\/\/webpe.colegiomayor.cl\/?p=32096","title":{"rendered":"Selecciones Deportivas, Colegio Mayor Pe\u00f1alol\u00e9n, s\u00e1bado 31 de agosto"},"content":{"rendered":"\n<figure class=\"wp-block-image size-large\"><img decoding=\"async\" src=\"https:\/\/webpe.colegiomayor.cl\/wp-content\/uploads\/Deporte-1.jpg\" alt=\"\" class=\"wp-image-22921\"\/><\/figure>\n\n\n\n<p class=\"has-background has-very-light-gray-background-color\"><strong>Atletismo\nSelecci\u00f3n:<\/strong><\/p>\n\n\n\n<p><strong>COPA DE\nATLETISMO ESCOLAR<\/strong><\/p>\n\n\n\n<p><strong>Lugar:<\/strong> San Carlos de Apoquindo<\/p>\n\n\n\n<p><strong>Horario:<\/strong> 09:00 a 14:00 horas.<\/p>\n\n\n\n<p><strong>Categor\u00eda:\n<\/strong>Mini &#8211; Selecci\u00f3n<\/p>\n\n\n\n<p><strong>Profesores\na Cargo:<\/strong> Carlos Soto \u2013 \u00darsula Rebolledo \u2013 Claudio\nUlloa<\/p>\n\n\n\n<p><strong>ENTRENAMIENTO\nSUSPENDIDO<\/strong><\/p>\n\n\n\n<p><strong>DOMINGO\n01 DE SEPTIEMBRE<\/strong><\/p>\n\n\n\n<p><strong>CROSS\nCOUNTRY TALAGANTE<\/strong><\/p>\n\n\n\n<p><strong>Lugar:<\/strong> Talagante <\/p>\n\n\n\n<p><strong>Categor\u00eda:\n<\/strong>Todas<\/p>\n\n\n\n<p><strong>Profesor\na Cargo: <\/strong>Claudio Ulloa<\/p>\n\n\n\n<p class=\"has-background has-very-light-gray-background-color\"><strong>B\u00e1squetbol<\/strong><\/p>\n\n\n\n<p><strong>TORNEO\nUC CMPE V\/S AGUSTINIANO EL BOSQUE<\/strong><\/p>\n\n\n\n<p><strong>Lugar:<\/strong>&nbsp; Carpeta Estadio Mayor<\/p>\n\n\n\n<p><strong>Horario:\n<\/strong>desde las 08:40 horas <\/p>\n\n\n\n<p><strong>Categor\u00edas:<\/strong> Mini &#8211; Infantil <\/p>\n\n\n\n<p><strong>Profesora\na cargo:<\/strong> Carlos Cerecera<\/p>\n\n\n\n<p><strong>ENTRENAMIENTO\nSUSPENDIDOS INTERMEDIA &#8211; SUPERIOR<\/strong><\/p>\n\n\n\n<p class=\"has-background has-very-light-gray-background-color\"><strong>Cheerleaders<\/strong><\/p>\n\n\n\n<p><strong>ENTRENAMIENTO\nNORMAL<\/strong><\/p>\n\n\n\n<p><strong>Lugar:<\/strong> Foro<\/p>\n\n\n\n<p><strong>Horario:\n<\/strong>09:00 a 11:00 horas<\/p>\n\n\n\n<p><strong>Categor\u00edas:<\/strong> Junior<\/p>\n\n\n\n<p><strong>Horario:\n<\/strong>11:00 a 13:00 horas<\/p>\n\n\n\n<p><strong>Categor\u00edas:<\/strong> Senior<\/p>\n\n\n\n<p><strong>Profesora\na cargo:<\/strong> Daniela Acu\u00f1a \u2013 Ricardo Vergara<\/p>\n\n\n\n<p class=\"has-background has-very-light-gray-background-color\"><strong>F\u00fatbol Selecci\u00f3n<\/strong><\/p>\n\n\n\n<p><strong>TORNEO\nUC CMPE V\/S SAN AGUSTIN<\/strong><\/p>\n\n\n\n<p><strong>Lugar: <\/strong>Cancha de f\u00fatbol Estadio Mayor<\/p>\n\n\n\n<p><strong>Horario:\n<\/strong>Desde las 09:15 horas<\/p>\n\n\n\n<p><strong>Categor\u00edas:<\/strong> Mini \u2013 Infantil <\/p>\n\n\n\n<p><strong>ENTRENAMIENTO\nSUSPENDIDO INTERMEDIA&nbsp; &#8211; SUPERIOR<\/strong><\/p>\n\n\n\n<p class=\"has-background has-very-light-gray-background-color\"><strong>Gimnasia Art\u00edstica Selecci\u00f3n<\/strong><\/p>\n\n\n\n<p><strong>LEGA\nNIVEL 2 <\/strong><\/p>\n\n\n\n<p><strong>Lugar:<\/strong> Colegio El Carmen Teresiano la Reina, av. Pr\u00edncipe de Gales 8050, La\nReina<\/p>\n\n\n\n<p><strong>Horario:\n<\/strong>Desde las 10:50 horas<\/p>\n\n\n\n<p><strong>Profesores\na Cargo:<\/strong> Loreto Erazo \u2013 Millaray Albornoz, Yabhet\nOblitas<\/p>\n\n\n\n<p><strong>ENTRENAMIENTO\nSUSPENDIDO<\/strong><\/p>\n\n\n\n<p class=\"has-background has-very-light-gray-background-color\"><strong>Nataci\u00f3n Selecci\u00f3n<\/strong><\/p>\n\n\n\n<p><strong>ENTRENAMIENTO\nNORMAL<\/strong><\/p>\n\n\n\n<p><strong>Lugar:<\/strong> Piscina Estadio Mayor<\/p>\n\n\n\n<p><strong>Horario:<\/strong> 10:30 a 12:00 horas<\/p>\n\n\n\n<p><strong>Categor\u00edas:<\/strong> Todas<\/p>\n\n\n\n<p><strong>Profesores\na Cargo:<\/strong> Marly Delgado \u2013 Sim\u00f3n Fern\u00e1ndez \u2013 Mat\u00edas\nJaque<\/p>\n\n\n\n<p class=\"has-background has-very-light-gray-background-color\"><strong>Tenis Selecci\u00f3n<\/strong><\/p>\n\n\n\n<p><strong>ENTRENAMIENTO\nNORMAL<\/strong><\/p>\n\n\n\n<p><strong>Lugar: <\/strong>Canchas de tenis <\/p>\n\n\n\n<p><strong>Horario:\n<\/strong>09:00 a 10:20 horas<\/p>\n\n\n\n<p><strong>Categor\u00eda:\n<\/strong>Grupo 1\u00ba y 2\u00ba b\u00e1sico<\/p>\n\n\n\n<p><strong>Horario:\n<\/strong>10:30 a 12:00 horas<\/p>\n\n\n\n<p><strong>Categor\u00eda:\n<\/strong>Grupo 4\u00ba y 5\u00ba b\u00e1sico<\/p>\n\n\n\n<p class=\"has-background has-very-light-gray-background-color\"><strong>Voleibol\nFemenino<\/strong><\/p>\n\n\n\n<p><strong>TORNEO\nUC CMPE V\/S SSCC ALAMEDA<\/strong><\/p>\n\n\n\n<p><strong>Lugar:<\/strong> Colegio Sagrados Corazones de Alameda <\/p>\n\n\n\n<p><strong>Horario:<\/strong> citaci\u00f3n desde las 08:15 horas<\/p>\n\n\n\n<p>Profesores a cargo: Joaqu\u00edn M\u00e9ndez \u2013\nMaximiliano Ram\u00edrez<\/p>\n\n\n\n<p><strong>ENTRENAMIENTOS\nSUSPENDIDOS<\/strong><\/p>\n\n\n\n<p class=\"has-background has-very-light-gray-background-color\"><strong>Voleibol\nMasculino<\/strong><\/p>\n\n\n\n<p><strong>ENTRENAMIENTO\nNORMAL<\/strong><\/p>\n\n\n\n<p><strong>Lugar:<\/strong> Foro<\/p>\n\n\n\n<p><strong>Horario:<\/strong> 09:00 a 10:30 horas<\/p>\n\n\n\n<p><strong>Categor\u00eda:\n<\/strong>Mini \u2013 Infantil <\/p>\n\n\n\n<p>Profesores a cargo: Pablo Beltr\u00e1n \u2013 Valent\u00edn\nTamayo<\/p>\n","protected":false},"excerpt":{"rendered":"<p>Atletismo Selecci\u00f3n: COPA DE ATLETISMO ESCOLAR Lugar: San Carlos de Apoquindo Horario: 09:00 a 14:00 horas. Categor\u00eda: Mini &#8211; Selecci\u00f3n Profesores a Cargo: Carlos Soto \u2013 \u00darsula Rebolledo \u2013 Claudio Ulloa ENTRENAMIENTO SUSPENDIDO DOMINGO 01 DE SEPTIEMBRE CROSS COUNTRY TALAGANTE Lugar: Talagante Categor\u00eda: Todas Profesor&nbsp;<a href=\"https:\/\/webpe.colegiomayor.cl\/?p=32096\">&hellip;<\/a><\/p>\n","protected":false},"author":5,"featured_media":22921,"comment_status":"closed","ping_status":"closed","sticky":false,"template":"","format":"standard","meta":{"content-type":"","footnotes":""},"categories":[25],"tags":[],"class_list":["post-32096","post","type-post","status-publish","format-standard","has-post-thumbnail","hentry","category-deportes","odd"],"rttpg_featured_image_url":null,"rttpg_author":{"display_name":"Flor Parragu\u00e9z","author_link":"https:\/\/webpe.colegiomayor.cl\/?author=5"},"rttpg_comment":0,"rttpg_category":"<a href=\"https:\/\/webpe.colegiomayor.cl\/?cat=25\" rel=\"category\">DEPORTES<\/a>","rttpg_excerpt":"Atletismo Selecci\u00f3n: COPA DE ATLETISMO ESCOLAR Lugar: San Carlos de Apoquindo Horario: 09:00 a 14:00 horas. Categor\u00eda: Mini &#8211; Selecci\u00f3n Profesores a Cargo: Carlos Soto \u2013 \u00darsula Rebolledo \u2013 Claudio Ulloa ENTRENAMIENTO SUSPENDIDO DOMINGO 01 DE SEPTIEMBRE CROSS COUNTRY TALAGANTE Lugar: Talagante Categor\u00eda: Todas Profesor&nbsp;&hellip;","_links":{"self":[{"href":"https:\/\/webpe.colegiomayor.cl\/index.php?rest_route=\/wp\/v2\/posts\/32096","targetHints":{"allow":["GET"]}}],"collection":[{"href":"https:\/\/webpe.colegiomayor.cl\/index.php?rest_route=\/wp\/v2\/posts"}],"about":[{"href":"https:\/\/webpe.colegiomayor.cl\/index.php?rest_route=\/wp\/v2\/types\/post"}],"author":[{"embeddable":true,"href":"https:\/\/webpe.colegiomayor.cl\/index.php?rest_route=\/wp\/v2\/users\/5"}],"replies":[{"embeddable":true,"href":"https:\/\/webpe.colegiomayor.cl\/index.php?rest_route=%2Fwp%2Fv2%2Fcomments&post=32096"}],"version-history":[{"count":0,"href":"https:\/\/webpe.colegiomayor.cl\/index.php?rest_route=\/wp\/v2\/posts\/32096\/revisions"}],"wp:featuredmedia":[{"embeddable":true,"href":"https:\/\/webpe.colegiomayor.cl\/index.php?rest_route=\/"}],"wp:attachment":[{"href":"https:\/\/webpe.colegiomayor.cl\/index.php?rest_route=%2Fwp%2Fv2%2Fmedia&parent=32096"}],"wp:term":[{"taxonomy":"category","embeddable":true,"href":"https:\/\/webpe.colegiomayor.cl\/index.php?rest_route=%2Fwp%2Fv2%2Fcategories&post=32096"},{"taxonomy":"post_tag","embeddable":true,"href":"https:\/\/webpe.colegiomayor.cl\/index.php?rest_route=%2Fwp%2Fv2%2Ftags&post=32096"}],"curies":[{"name":"wp","href":"https:\/\/api.w.org\/{rel}","templated":true}]}}