{"id":32089,"date":"2024-08-28T14:52:12","date_gmt":"2024-08-28T14:52:12","guid":{"rendered":"https:\/\/webpe.colegiomayor.cl\/?p=32089"},"modified":"2024-08-28T14:52:12","modified_gmt":"2024-08-28T14:52:12","slug":"seleccionados-para-el-xiv-festival-de-la-voz-en-mi-mayor","status":"publish","type":"post","link":"https:\/\/webpe.colegiomayor.cl\/?p=32089","title":{"rendered":"Seleccionados para el XIV\u00b0 Festival de la voz en Mi Mayor"},"content":{"rendered":"\n<figure class=\"wp-block-image size-large\"><img decoding=\"async\" src=\"https:\/\/webpe.colegiomayor.cl\/wp-content\/uploads\/FESTIVAL-DE-LA-VOZ-WEB-1024x589.jpg\" alt=\"\" class=\"wp-image-32094\"\/><\/figure>\n\n\n\n<p class=\"has-background has-text-align-center has-very-light-gray-background-color\"><em><strong>Este a\u00f1o 105 estudiantes se&nbsp;inscribieron y realizaron audici\u00f3n para participar en el XIV\u00b0 Festival de la voz en Mi Mayor. Durante las primeras semanas del mes de agosto, la sala de m\u00fasica se llen\u00f3 de canto y mucha emoci\u00f3n. Felicitamos a cada participante por su valor y talento. <\/strong><\/em><\/p>\n\n\n\n<p>Luego de una exhaustiva&nbsp;revisi\u00f3n de cada una de las audiciones, ya tenemos a los seleccionados para participar en el XIV\u00b0 Festival de la voz en <strong><em>&#8220;Mi Mayor&#8221; <\/em><\/strong>que se realizar\u00e1 el viernes 25 de octubre a las 18:30 hrs., en el patio central de nuestro Colegio.&nbsp;<\/p>\n\n\n\n<p class=\"has-background has-very-light-gray-background-color\"><strong>SELECCIONADOS  XIV\u00b0 Festival de la voz en \u201cMi Mayor\u201d \u2013 2024 <\/strong><\/p>\n\n\n\n<figure class=\"wp-block-image size-large\"><a href=\"https:\/\/webpe.colegiomayor.cl\/wp-content\/uploads\/Seleccionados_XIV\u00b0_festival-de-la-voz_2024-1.pdf\"><img decoding=\"async\" src=\"https:\/\/webpe.colegiomayor.cl\/wp-content\/uploads\/descargasrpdf-1.png\" alt=\"\" class=\"wp-image-13199\"\/><\/a><\/figure>\n","protected":false},"excerpt":{"rendered":"<p>Este a\u00f1o 105 estudiantes se&nbsp;inscribieron y realizaron audici\u00f3n para participar en el XIV\u00b0 Festival de la voz en Mi Mayor. Durante las primeras semanas del mes de agosto, la sala de m\u00fasica se llen\u00f3 de canto y mucha emoci\u00f3n. Felicitamos a cada participante por su&nbsp;<a href=\"https:\/\/webpe.colegiomayor.cl\/?p=32089\">&hellip;<\/a><\/p>\n","protected":false},"author":5,"featured_media":32094,"comment_status":"closed","ping_status":"closed","sticky":false,"template":"","format":"standard","meta":{"content-type":"","footnotes":""},"categories":[23],"tags":[],"class_list":["post-32089","post","type-post","status-publish","format-standard","has-post-thumbnail","hentry","category-actualidad","odd"],"rttpg_featured_image_url":null,"rttpg_author":{"display_name":"Flor Parragu\u00e9z","author_link":"https:\/\/webpe.colegiomayor.cl\/?author=5"},"rttpg_comment":0,"rttpg_category":"<a href=\"https:\/\/webpe.colegiomayor.cl\/?cat=23\" rel=\"category\">COLEGIO<\/a>","rttpg_excerpt":"Este a\u00f1o 105 estudiantes se&nbsp;inscribieron y realizaron audici\u00f3n para participar en el XIV\u00b0 Festival de la voz en Mi Mayor. Durante las primeras semanas del mes de agosto, la sala de m\u00fasica se llen\u00f3 de canto y mucha emoci\u00f3n. Felicitamos a cada participante por su&nbsp;&hellip;","_links":{"self":[{"href":"https:\/\/webpe.colegiomayor.cl\/index.php?rest_route=\/wp\/v2\/posts\/32089","targetHints":{"allow":["GET"]}}],"collection":[{"href":"https:\/\/webpe.colegiomayor.cl\/index.php?rest_route=\/wp\/v2\/posts"}],"about":[{"href":"https:\/\/webpe.colegiomayor.cl\/index.php?rest_route=\/wp\/v2\/types\/post"}],"author":[{"embeddable":true,"href":"https:\/\/webpe.colegiomayor.cl\/index.php?rest_route=\/wp\/v2\/users\/5"}],"replies":[{"embeddable":true,"href":"https:\/\/webpe.colegiomayor.cl\/index.php?rest_route=%2Fwp%2Fv2%2Fcomments&post=32089"}],"version-history":[{"count":0,"href":"https:\/\/webpe.colegiomayor.cl\/index.php?rest_route=\/wp\/v2\/posts\/32089\/revisions"}],"wp:featuredmedia":[{"embeddable":true,"href":"https:\/\/webpe.colegiomayor.cl\/index.php?rest_route=\/"}],"wp:attachment":[{"href":"https:\/\/webpe.colegiomayor.cl\/index.php?rest_route=%2Fwp%2Fv2%2Fmedia&parent=32089"}],"wp:term":[{"taxonomy":"category","embeddable":true,"href":"https:\/\/webpe.colegiomayor.cl\/index.php?rest_route=%2Fwp%2Fv2%2Fcategories&post=32089"},{"taxonomy":"post_tag","embeddable":true,"href":"https:\/\/webpe.colegiomayor.cl\/index.php?rest_route=%2Fwp%2Fv2%2Ftags&post=32089"}],"curies":[{"name":"wp","href":"https:\/\/api.w.org\/{rel}","templated":true}]}}