{"id":32064,"date":"2024-08-13T15:51:14","date_gmt":"2024-08-13T15:51:14","guid":{"rendered":"https:\/\/webpe.colegiomayor.cl\/?p=32064"},"modified":"2024-08-13T15:51:14","modified_gmt":"2024-08-13T15:51:14","slug":"cross-country-talagante","status":"publish","type":"post","link":"https:\/\/webpe.colegiomayor.cl\/?p=32064","title":{"rendered":"Cross Country Talagante"},"content":{"rendered":"\n<p class=\"has-background has-text-align-center has-very-light-gray-background-color\"><strong><em>La Selecci\u00f3n de Atletismo del \u00e1rea de medio fondo, compiti\u00f3 el fin de semana pasado en el tradicional Cross Country de la comuna de Talagante, con una destacada participaci\u00f3n de todos los atletas del colegio.<\/em><\/strong><\/p>\n\n\n\n<figure class=\"wp-block-image size-large\"><img decoding=\"async\" src=\"https:\/\/webpe.colegiomayor.cl\/wp-content\/uploads\/1723474320330-768x1024.jpg\" alt=\"\" class=\"wp-image-32065\"\/><\/figure>\n\n\n\n<p>Podemos destacar a Aline de Almeida primera en su categor\u00eda.<\/p>\n\n\n\n<figure class=\"wp-block-gallery columns-1 is-cropped wp-block-gallery-1 is-layout-flex wp-block-gallery-is-layout-flex\"><ul class=\"blocks-gallery-grid\"><li class=\"blocks-gallery-item\"><figure><img decoding=\"async\" src=\"https:\/\/webpe.colegiomayor.cl\/wp-content\/uploads\/1723474320309-688x1024.jpg\" alt=\"\" data-id=\"32066\" data-full-url=\"https:\/\/webpe.colegiomayor.cl\/wp-content\/uploads\/1723474320309.jpg\" data-link=\"https:\/\/webpe.colegiomayor.cl\/?attachment_id=32066\" class=\"wp-image-32066\"\/><\/figure><\/li><\/ul><\/figure>\n\n\n\n<p>Adem\u00e1s, dos segundos lugares con Monserrat Flores y Benjam\u00edn P\u00e9rez Malebr\u00e1n en sus respectivas categor\u00edas.<\/p>\n\n\n\n<figure class=\"wp-block-image size-large\"><img decoding=\"async\" src=\"https:\/\/webpe.colegiomayor.cl\/wp-content\/uploads\/1723474320316-1024x954.jpg\" alt=\"\" class=\"wp-image-32067\"\/><\/figure>\n\n\n\n<p>A seguir trabajando con constancia y dedicaci\u00f3n para\nalcanzar las metas propuestas.<\/p>\n\n\n\n<p>Felicitaciones.<\/p>\n","protected":false},"excerpt":{"rendered":"<p>La Selecci\u00f3n de Atletismo del \u00e1rea de medio fondo, compiti\u00f3 el fin de semana pasado en el tradicional Cross Country de la comuna de Talagante, con una destacada participaci\u00f3n de todos los atletas del colegio. Podemos destacar a Aline de Almeida primera en su categor\u00eda.&nbsp;<a href=\"https:\/\/webpe.colegiomayor.cl\/?p=32064\">&hellip;<\/a><\/p>\n","protected":false},"author":5,"featured_media":32065,"comment_status":"closed","ping_status":"closed","sticky":false,"template":"","format":"standard","meta":{"content-type":"","footnotes":""},"categories":[25],"tags":[],"class_list":["post-32064","post","type-post","status-publish","format-standard","has-post-thumbnail","hentry","category-deportes","odd"],"rttpg_featured_image_url":null,"rttpg_author":{"display_name":"Flor Parragu\u00e9z","author_link":"https:\/\/webpe.colegiomayor.cl\/?author=5"},"rttpg_comment":0,"rttpg_category":"<a href=\"https:\/\/webpe.colegiomayor.cl\/?cat=25\" rel=\"category\">DEPORTES<\/a>","rttpg_excerpt":"La Selecci\u00f3n de Atletismo del \u00e1rea de medio fondo, compiti\u00f3 el fin de semana pasado en el tradicional Cross Country de la comuna de Talagante, con una destacada participaci\u00f3n de todos los atletas del colegio. Podemos destacar a Aline de Almeida primera en su categor\u00eda.&nbsp;&hellip;","_links":{"self":[{"href":"https:\/\/webpe.colegiomayor.cl\/index.php?rest_route=\/wp\/v2\/posts\/32064","targetHints":{"allow":["GET"]}}],"collection":[{"href":"https:\/\/webpe.colegiomayor.cl\/index.php?rest_route=\/wp\/v2\/posts"}],"about":[{"href":"https:\/\/webpe.colegiomayor.cl\/index.php?rest_route=\/wp\/v2\/types\/post"}],"author":[{"embeddable":true,"href":"https:\/\/webpe.colegiomayor.cl\/index.php?rest_route=\/wp\/v2\/users\/5"}],"replies":[{"embeddable":true,"href":"https:\/\/webpe.colegiomayor.cl\/index.php?rest_route=%2Fwp%2Fv2%2Fcomments&post=32064"}],"version-history":[{"count":0,"href":"https:\/\/webpe.colegiomayor.cl\/index.php?rest_route=\/wp\/v2\/posts\/32064\/revisions"}],"wp:featuredmedia":[{"embeddable":true,"href":"https:\/\/webpe.colegiomayor.cl\/index.php?rest_route=\/"}],"wp:attachment":[{"href":"https:\/\/webpe.colegiomayor.cl\/index.php?rest_route=%2Fwp%2Fv2%2Fmedia&parent=32064"}],"wp:term":[{"taxonomy":"category","embeddable":true,"href":"https:\/\/webpe.colegiomayor.cl\/index.php?rest_route=%2Fwp%2Fv2%2Fcategories&post=32064"},{"taxonomy":"post_tag","embeddable":true,"href":"https:\/\/webpe.colegiomayor.cl\/index.php?rest_route=%2Fwp%2Fv2%2Ftags&post=32064"}],"curies":[{"name":"wp","href":"https:\/\/api.w.org\/{rel}","templated":true}]}}