{"id":32061,"date":"2024-08-13T15:29:53","date_gmt":"2024-08-13T15:29:53","guid":{"rendered":"https:\/\/webpe.colegiomayor.cl\/?p=32061"},"modified":"2024-08-13T15:29:53","modified_gmt":"2024-08-13T15:29:53","slug":"noticia-seleccion-de-voleibol-masculino","status":"publish","type":"post","link":"https:\/\/webpe.colegiomayor.cl\/?p=32061","title":{"rendered":"Noticia selecci\u00f3n de V\u00f3leibol Masculino:"},"content":{"rendered":"\n<p class=\"has-background has-text-align-center has-very-light-gray-background-color\"><strong><em>El jueves 8 de agosto de desarroll\u00f3 la competencia provincial del v\u00f3leibol masculino sub 14, en el gimnasio del Colegio Eleuterio Ram\u00edrez en la comuna de La Reina<\/em><\/strong>.<\/p>\n\n\n\n<figure class=\"wp-block-image size-large\"><img decoding=\"async\" src=\"https:\/\/webpe.colegiomayor.cl\/wp-content\/uploads\/Volei.png\" alt=\"\" class=\"wp-image-32062\"\/><\/figure>\n\n\n\n<p>Nuestra categor\u00eda sub 14 se qued\u00f3 con la final del campeonato v\/s el Colegio San Gabriel, la final fue por un 2&#215;0, donde nuestra selecci\u00f3n logr\u00f3 de manera consecutiva quedarse una vez m\u00e1s con el torneo provincial oriente, la pr\u00f3xima semana se disputar\u00e1 el torneo regional en la comuna de San Ram\u00f3n, donde esperamos que nuestros jugadores sigan demostrando un buen nivel de juego. <\/p>\n","protected":false},"excerpt":{"rendered":"<p>El jueves 8 de agosto de desarroll\u00f3 la competencia provincial del v\u00f3leibol masculino sub 14, en el gimnasio del Colegio Eleuterio Ram\u00edrez en la comuna de La Reina. Nuestra categor\u00eda sub 14 se qued\u00f3 con la final del campeonato v\/s el Colegio San Gabriel, la&nbsp;<a href=\"https:\/\/webpe.colegiomayor.cl\/?p=32061\">&hellip;<\/a><\/p>\n","protected":false},"author":5,"featured_media":32062,"comment_status":"closed","ping_status":"closed","sticky":false,"template":"","format":"standard","meta":{"content-type":"","footnotes":""},"categories":[25],"tags":[],"class_list":["post-32061","post","type-post","status-publish","format-standard","has-post-thumbnail","hentry","category-deportes","odd"],"rttpg_featured_image_url":null,"rttpg_author":{"display_name":"Flor Parragu\u00e9z","author_link":"https:\/\/webpe.colegiomayor.cl\/?author=5"},"rttpg_comment":0,"rttpg_category":"<a href=\"https:\/\/webpe.colegiomayor.cl\/?cat=25\" rel=\"category\">DEPORTES<\/a>","rttpg_excerpt":"El jueves 8 de agosto de desarroll\u00f3 la competencia provincial del v\u00f3leibol masculino sub 14, en el gimnasio del Colegio Eleuterio Ram\u00edrez en la comuna de La Reina. Nuestra categor\u00eda sub 14 se qued\u00f3 con la final del campeonato v\/s el Colegio San Gabriel, la&nbsp;&hellip;","_links":{"self":[{"href":"https:\/\/webpe.colegiomayor.cl\/index.php?rest_route=\/wp\/v2\/posts\/32061","targetHints":{"allow":["GET"]}}],"collection":[{"href":"https:\/\/webpe.colegiomayor.cl\/index.php?rest_route=\/wp\/v2\/posts"}],"about":[{"href":"https:\/\/webpe.colegiomayor.cl\/index.php?rest_route=\/wp\/v2\/types\/post"}],"author":[{"embeddable":true,"href":"https:\/\/webpe.colegiomayor.cl\/index.php?rest_route=\/wp\/v2\/users\/5"}],"replies":[{"embeddable":true,"href":"https:\/\/webpe.colegiomayor.cl\/index.php?rest_route=%2Fwp%2Fv2%2Fcomments&post=32061"}],"version-history":[{"count":0,"href":"https:\/\/webpe.colegiomayor.cl\/index.php?rest_route=\/wp\/v2\/posts\/32061\/revisions"}],"wp:featuredmedia":[{"embeddable":true,"href":"https:\/\/webpe.colegiomayor.cl\/index.php?rest_route=\/"}],"wp:attachment":[{"href":"https:\/\/webpe.colegiomayor.cl\/index.php?rest_route=%2Fwp%2Fv2%2Fmedia&parent=32061"}],"wp:term":[{"taxonomy":"category","embeddable":true,"href":"https:\/\/webpe.colegiomayor.cl\/index.php?rest_route=%2Fwp%2Fv2%2Fcategories&post=32061"},{"taxonomy":"post_tag","embeddable":true,"href":"https:\/\/webpe.colegiomayor.cl\/index.php?rest_route=%2Fwp%2Fv2%2Ftags&post=32061"}],"curies":[{"name":"wp","href":"https:\/\/api.w.org\/{rel}","templated":true}]}}