{"id":32043,"date":"2024-08-12T15:18:00","date_gmt":"2024-08-12T15:18:00","guid":{"rendered":"https:\/\/webpe.colegiomayor.cl\/?p=32043"},"modified":"2024-08-12T15:18:00","modified_gmt":"2024-08-12T15:18:00","slug":"teatro-para-apoderados-obra-atrapados","status":"publish","type":"post","link":"https:\/\/webpe.colegiomayor.cl\/?p=32043","title":{"rendered":"Teatro para apoderados: Obra Atrapados"},"content":{"rendered":"\n<p class=\"has-background has-text-align-center has-very-light-gray-background-color\"><strong><em>El d\u00eda 1 de agosto del a\u00f1o 2024, en el auditorio del colegio se present\u00f3 la obra \u201cAtrapado\u201d con la tem\u00e1tica relativa a Salud Mental y Alcohol-Drogas, dramatizada por la compa\u00f1\u00eda de teatro <\/em><\/strong><em><strong>\u201cTEATRO NO M\u00c1S\u201d<\/strong><\/em><strong><em>, y estuvo dirigida a los padres y apoderados, de 5to a IV\u00b0 a\u00f1o de Educaci\u00f3n Media.<\/em><\/strong><\/p>\n\n\n\n<figure class=\"wp-block-image size-large\"><img decoding=\"async\" src=\"https:\/\/webpe.colegiomayor.cl\/wp-content\/uploads\/FOTOGRAF\u00cdA-OBRA-DE-TEATRO-ATRAPADO-2-1024x462.jpg\" alt=\"\" class=\"wp-image-32046\"\/><\/figure>\n\n\n\n<p>&nbsp;Este encuentro teatral tuvo una muy buena concurrencia de padres y apoderados, algunos asistieron acompa\u00f1ados por sus hijos e hijas y que represent\u00f3 a los distintos niveles para los fue planificada esta presentaci\u00f3n.<\/p>\n\n\n\n<p>Esta compa\u00f1\u00eda aplica una Cultura Preventiva Teatral, la que es una eficaz herramienta para planificar acciones que ayuden a mantener un clima de sana convivencia y a estimular el pensamiento cr\u00edtico en post del autocuidado.<\/p>\n\n\n\n<figure class=\"wp-block-image size-large\"><img decoding=\"async\" src=\"https:\/\/webpe.colegiomayor.cl\/wp-content\/uploads\/FOTO-OBRA-ATRAPADO.jpg\" alt=\"\" class=\"wp-image-32047\"\/><\/figure>\n\n\n\n<p> Al t\u00e9rmino de la obra el actor principal hace una alocuci\u00f3n personal e insta al p\u00fablico presente a intercambiar experiencias, algunas muy personales que logran generar un ambiente propicio a la reflexi\u00f3n. La obra y el conversatorio final lograron impactar a los padres, apoderados y estudiantes presentes. <\/p>\n","protected":false},"excerpt":{"rendered":"<p>El d\u00eda 1 de agosto del a\u00f1o 2024, en el auditorio del colegio se present\u00f3 la obra \u201cAtrapado\u201d con la tem\u00e1tica relativa a Salud Mental y Alcohol-Drogas, dramatizada por la compa\u00f1\u00eda de teatro \u201cTEATRO NO M\u00c1S\u201d, y estuvo dirigida a los padres y apoderados, de&nbsp;<a href=\"https:\/\/webpe.colegiomayor.cl\/?p=32043\">&hellip;<\/a><\/p>\n","protected":false},"author":5,"featured_media":32046,"comment_status":"closed","ping_status":"closed","sticky":false,"template":"","format":"standard","meta":{"content-type":"","footnotes":""},"categories":[23],"tags":[],"class_list":["post-32043","post","type-post","status-publish","format-standard","has-post-thumbnail","hentry","category-actualidad","odd"],"rttpg_featured_image_url":null,"rttpg_author":{"display_name":"Flor Parragu\u00e9z","author_link":"https:\/\/webpe.colegiomayor.cl\/?author=5"},"rttpg_comment":0,"rttpg_category":"<a href=\"https:\/\/webpe.colegiomayor.cl\/?cat=23\" rel=\"category\">COLEGIO<\/a>","rttpg_excerpt":"El d\u00eda 1 de agosto del a\u00f1o 2024, en el auditorio del colegio se present\u00f3 la obra \u201cAtrapado\u201d con la tem\u00e1tica relativa a Salud Mental y Alcohol-Drogas, dramatizada por la compa\u00f1\u00eda de teatro \u201cTEATRO NO M\u00c1S\u201d, y estuvo dirigida a los padres y apoderados, de&nbsp;&hellip;","_links":{"self":[{"href":"https:\/\/webpe.colegiomayor.cl\/index.php?rest_route=\/wp\/v2\/posts\/32043","targetHints":{"allow":["GET"]}}],"collection":[{"href":"https:\/\/webpe.colegiomayor.cl\/index.php?rest_route=\/wp\/v2\/posts"}],"about":[{"href":"https:\/\/webpe.colegiomayor.cl\/index.php?rest_route=\/wp\/v2\/types\/post"}],"author":[{"embeddable":true,"href":"https:\/\/webpe.colegiomayor.cl\/index.php?rest_route=\/wp\/v2\/users\/5"}],"replies":[{"embeddable":true,"href":"https:\/\/webpe.colegiomayor.cl\/index.php?rest_route=%2Fwp%2Fv2%2Fcomments&post=32043"}],"version-history":[{"count":0,"href":"https:\/\/webpe.colegiomayor.cl\/index.php?rest_route=\/wp\/v2\/posts\/32043\/revisions"}],"wp:featuredmedia":[{"embeddable":true,"href":"https:\/\/webpe.colegiomayor.cl\/index.php?rest_route=\/"}],"wp:attachment":[{"href":"https:\/\/webpe.colegiomayor.cl\/index.php?rest_route=%2Fwp%2Fv2%2Fmedia&parent=32043"}],"wp:term":[{"taxonomy":"category","embeddable":true,"href":"https:\/\/webpe.colegiomayor.cl\/index.php?rest_route=%2Fwp%2Fv2%2Fcategories&post=32043"},{"taxonomy":"post_tag","embeddable":true,"href":"https:\/\/webpe.colegiomayor.cl\/index.php?rest_route=%2Fwp%2Fv2%2Ftags&post=32043"}],"curies":[{"name":"wp","href":"https:\/\/api.w.org\/{rel}","templated":true}]}}