{"id":32009,"date":"2024-08-07T19:03:39","date_gmt":"2024-08-07T19:03:39","guid":{"rendered":"https:\/\/webpe.colegiomayor.cl\/?p=32009"},"modified":"2024-08-07T19:03:39","modified_gmt":"2024-08-07T19:03:39","slug":"agosto-tiempo-para-solidarizar-en-comunidad","status":"publish","type":"post","link":"https:\/\/webpe.colegiomayor.cl\/?p=32009","title":{"rendered":"Agosto, tiempo para solidarizar en comunidad"},"content":{"rendered":"\n<p class=\"has-background has-text-align-center has-very-light-gray-background-color\"><strong><em>Con diversas actividades se llevar\u00e1 a cabo el mes de la solidaridad en nuestro Colegio Mayor Pe\u00f1alol\u00e9n. Campa\u00f1as y acciones solidarias, actividades en Ruta Aprendizaje, cuenta cuentos y otros.<\/em><\/strong><\/p>\n\n\n\n<figure class=\"wp-block-image size-large\"><img decoding=\"async\" src=\"https:\/\/webpe.colegiomayor.cl\/wp-content\/uploads\/apaisado_web-1-1024x589.jpg\" alt=\"\" class=\"wp-image-32011\"\/><\/figure>\n\n\n\n<figure class=\"wp-block-image size-large\"><img decoding=\"async\" src=\"https:\/\/webpe.colegiomayor.cl\/wp-content\/uploads\/Afiche-solidaridad-2-819x1024.jpg\" alt=\"\" class=\"wp-image-32012\"\/><\/figure>\n","protected":false},"excerpt":{"rendered":"<p>Con diversas actividades se llevar\u00e1 a cabo el mes de la solidaridad en nuestro Colegio Mayor Pe\u00f1alol\u00e9n. Campa\u00f1as y acciones solidarias, actividades en Ruta Aprendizaje, cuenta cuentos y otros.<\/p>\n","protected":false},"author":5,"featured_media":32010,"comment_status":"closed","ping_status":"closed","sticky":false,"template":"","format":"standard","meta":{"content-type":"","footnotes":""},"categories":[23],"tags":[],"class_list":["post-32009","post","type-post","status-publish","format-standard","has-post-thumbnail","hentry","category-actualidad","odd"],"rttpg_featured_image_url":null,"rttpg_author":{"display_name":"Flor Parragu\u00e9z","author_link":"https:\/\/webpe.colegiomayor.cl\/?author=5"},"rttpg_comment":0,"rttpg_category":"<a href=\"https:\/\/webpe.colegiomayor.cl\/?cat=23\" rel=\"category\">COLEGIO<\/a>","rttpg_excerpt":"Con diversas actividades se llevar\u00e1 a cabo el mes de la solidaridad en nuestro Colegio Mayor Pe\u00f1alol\u00e9n. Campa\u00f1as y acciones solidarias, actividades en Ruta Aprendizaje, cuenta cuentos y otros.","_links":{"self":[{"href":"https:\/\/webpe.colegiomayor.cl\/index.php?rest_route=\/wp\/v2\/posts\/32009","targetHints":{"allow":["GET"]}}],"collection":[{"href":"https:\/\/webpe.colegiomayor.cl\/index.php?rest_route=\/wp\/v2\/posts"}],"about":[{"href":"https:\/\/webpe.colegiomayor.cl\/index.php?rest_route=\/wp\/v2\/types\/post"}],"author":[{"embeddable":true,"href":"https:\/\/webpe.colegiomayor.cl\/index.php?rest_route=\/wp\/v2\/users\/5"}],"replies":[{"embeddable":true,"href":"https:\/\/webpe.colegiomayor.cl\/index.php?rest_route=%2Fwp%2Fv2%2Fcomments&post=32009"}],"version-history":[{"count":0,"href":"https:\/\/webpe.colegiomayor.cl\/index.php?rest_route=\/wp\/v2\/posts\/32009\/revisions"}],"wp:featuredmedia":[{"embeddable":true,"href":"https:\/\/webpe.colegiomayor.cl\/index.php?rest_route=\/"}],"wp:attachment":[{"href":"https:\/\/webpe.colegiomayor.cl\/index.php?rest_route=%2Fwp%2Fv2%2Fmedia&parent=32009"}],"wp:term":[{"taxonomy":"category","embeddable":true,"href":"https:\/\/webpe.colegiomayor.cl\/index.php?rest_route=%2Fwp%2Fv2%2Fcategories&post=32009"},{"taxonomy":"post_tag","embeddable":true,"href":"https:\/\/webpe.colegiomayor.cl\/index.php?rest_route=%2Fwp%2Fv2%2Ftags&post=32009"}],"curies":[{"name":"wp","href":"https:\/\/api.w.org\/{rel}","templated":true}]}}