{"id":32003,"date":"2024-08-29T18:36:56","date_gmt":"2024-08-29T18:36:56","guid":{"rendered":"https:\/\/webpe.colegiomayor.cl\/?p=32003"},"modified":"2024-08-29T18:36:56","modified_gmt":"2024-08-29T18:36:56","slug":"participa-en-el-3er-campeonato-de-cueca-mayor","status":"publish","type":"post","link":"https:\/\/webpe.colegiomayor.cl\/?p=32003","title":{"rendered":"\u00a1Participa en el 3er Campeonato de cueca Mayor!"},"content":{"rendered":"\n<p class=\"has-background has-text-align-center has-very-light-gray-background-color\"><strong><em>Inf\u00f3rmate aqu\u00ed sobre fechas de inscripci\u00f3n, categor\u00edas, fechas de campeonato y bases.<\/em><\/strong><\/p>\n\n\n\n<figure class=\"wp-block-image size-large\"><img decoding=\"async\" src=\"https:\/\/webpe.colegiomayor.cl\/wp-content\/uploads\/2024_-Afiche-campeonato-de-cueca-665x1024.jpg\" alt=\"\" class=\"wp-image-32004\"\/><\/figure>\n\n\n\n<figure class=\"wp-block-image size-large\"><a href=\"https:\/\/webpe.colegiomayor.cl\/wp-content\/uploads\/2024_-Bases-3er-Campeonato-de-Cueca-1.pdf\"><img decoding=\"async\" src=\"https:\/\/webpe.colegiomayor.cl\/wp-content\/uploads\/descargasrpdf-1.png\" alt=\"\" class=\"wp-image-13199\"\/><\/a><\/figure>\n\n\n\n<figure class=\"wp-block-gallery columns-0 is-cropped wp-block-gallery-1 is-layout-flex wp-block-gallery-is-layout-flex\"><ul class=\"blocks-gallery-grid\"><\/ul><\/figure>\n","protected":false},"excerpt":{"rendered":"<p>Inf\u00f3rmate aqu\u00ed sobre fechas de inscripci\u00f3n, categor\u00edas, fechas de campeonato y bases.<\/p>\n","protected":false},"author":5,"featured_media":30043,"comment_status":"closed","ping_status":"closed","sticky":false,"template":"","format":"standard","meta":{"content-type":"","footnotes":""},"categories":[23],"tags":[],"class_list":["post-32003","post","type-post","status-publish","format-standard","has-post-thumbnail","hentry","category-actualidad","odd"],"rttpg_featured_image_url":null,"rttpg_author":{"display_name":"Flor Parragu\u00e9z","author_link":"https:\/\/webpe.colegiomayor.cl\/?author=5"},"rttpg_comment":0,"rttpg_category":"<a href=\"https:\/\/webpe.colegiomayor.cl\/?cat=23\" rel=\"category\">COLEGIO<\/a>","rttpg_excerpt":"Inf\u00f3rmate aqu\u00ed sobre fechas de inscripci\u00f3n, categor\u00edas, fechas de campeonato y bases.","_links":{"self":[{"href":"https:\/\/webpe.colegiomayor.cl\/index.php?rest_route=\/wp\/v2\/posts\/32003","targetHints":{"allow":["GET"]}}],"collection":[{"href":"https:\/\/webpe.colegiomayor.cl\/index.php?rest_route=\/wp\/v2\/posts"}],"about":[{"href":"https:\/\/webpe.colegiomayor.cl\/index.php?rest_route=\/wp\/v2\/types\/post"}],"author":[{"embeddable":true,"href":"https:\/\/webpe.colegiomayor.cl\/index.php?rest_route=\/wp\/v2\/users\/5"}],"replies":[{"embeddable":true,"href":"https:\/\/webpe.colegiomayor.cl\/index.php?rest_route=%2Fwp%2Fv2%2Fcomments&post=32003"}],"version-history":[{"count":0,"href":"https:\/\/webpe.colegiomayor.cl\/index.php?rest_route=\/wp\/v2\/posts\/32003\/revisions"}],"wp:featuredmedia":[{"embeddable":true,"href":"https:\/\/webpe.colegiomayor.cl\/index.php?rest_route=\/"}],"wp:attachment":[{"href":"https:\/\/webpe.colegiomayor.cl\/index.php?rest_route=%2Fwp%2Fv2%2Fmedia&parent=32003"}],"wp:term":[{"taxonomy":"category","embeddable":true,"href":"https:\/\/webpe.colegiomayor.cl\/index.php?rest_route=%2Fwp%2Fv2%2Fcategories&post=32003"},{"taxonomy":"post_tag","embeddable":true,"href":"https:\/\/webpe.colegiomayor.cl\/index.php?rest_route=%2Fwp%2Fv2%2Ftags&post=32003"}],"curies":[{"name":"wp","href":"https:\/\/api.w.org\/{rel}","templated":true}]}}