{"id":31978,"date":"2024-08-07T17:59:36","date_gmt":"2024-08-07T17:59:36","guid":{"rendered":"https:\/\/webpe.colegiomayor.cl\/?p=31978"},"modified":"2024-08-07T17:59:36","modified_gmt":"2024-08-07T17:59:36","slug":"feria-universitaria-mayor-2024","status":"publish","type":"post","link":"https:\/\/webpe.colegiomayor.cl\/?p=31978","title":{"rendered":"Feria Universitaria Mayor 2024"},"content":{"rendered":"\n<p class=\"has-background has-text-align-center has-very-light-gray-background-color\"><strong><em>El pasado 25 de julio, se llev\u00f3 a cabo la esperada &#8220;Feria Universitaria 2024&#8221; en las instalaciones del colegio, contando con la entusiasta participaci\u00f3n de estudiantes desde I a IV\u00b0 Medio. <\/em><\/strong><\/p>\n\n\n\n<figure class=\"wp-block-image size-large\"><img decoding=\"async\" src=\"https:\/\/webpe.colegiomayor.cl\/wp-content\/uploads\/IMG_20240725_095703-1024x768.jpg\" alt=\"\" class=\"wp-image-31979\"\/><\/figure>\n\n\n\n<p>El evento tuvo como principal objetivo proporcionar a los alumnos de ense\u00f1anza media, y especialmente a los de la promoci\u00f3n de IV\u00b0 Medio, una visi\u00f3n amplia y detallada de la variada oferta de carreras universitarias disponibles, as\u00ed como la oportunidad de conocer directamente a las instituciones de educaci\u00f3n superior y los diversos beneficios y becas a los que pueden postular.<\/p>\n\n\n\n<figure class=\"wp-block-gallery columns-2 is-cropped wp-block-gallery-1 is-layout-flex wp-block-gallery-is-layout-flex\"><ul class=\"blocks-gallery-grid\"><li class=\"blocks-gallery-item\"><figure><img decoding=\"async\" src=\"https:\/\/webpe.colegiomayor.cl\/wp-content\/uploads\/IMG_20240725_095619-768x1024.jpg\" alt=\"\" data-id=\"31983\" data-full-url=\"https:\/\/webpe.colegiomayor.cl\/wp-content\/uploads\/IMG_20240725_095619.jpg\" data-link=\"https:\/\/webpe.colegiomayor.cl\/?attachment_id=31983\" class=\"wp-image-31983\"\/><\/figure><\/li><li class=\"blocks-gallery-item\"><figure><img decoding=\"async\" src=\"https:\/\/webpe.colegiomayor.cl\/wp-content\/uploads\/IMG_20240725_095643-768x1024.jpg\" alt=\"\" data-id=\"31984\" data-full-url=\"https:\/\/webpe.colegiomayor.cl\/wp-content\/uploads\/IMG_20240725_095643.jpg\" data-link=\"https:\/\/webpe.colegiomayor.cl\/?attachment_id=31984\" class=\"wp-image-31984\"\/><\/figure><\/li><\/ul><\/figure>\n\n\n\n<p>Durante la jornada, los\nestudiantes tuvieron la oportunidad de interactuar con representantes de\ndiversas universidades, quienes proporcionaron informaci\u00f3n crucial sobre los\nprogramas acad\u00e9micos, requisitos de admisi\u00f3n, y opciones de financiamiento\ndisponibles. Esta iniciativa permiti\u00f3 a los alumnos aclarar dudas y obtener una\ncomprensi\u00f3n m\u00e1s profunda de las m\u00faltiples alternativas para su futuro acad\u00e9mico\ny profesional.<\/p>\n\n\n\n<figure class=\"wp-block-gallery columns-2 is-cropped wp-block-gallery-2 is-layout-flex wp-block-gallery-is-layout-flex\"><ul class=\"blocks-gallery-grid\"><li class=\"blocks-gallery-item\"><figure><img decoding=\"async\" src=\"https:\/\/webpe.colegiomayor.cl\/wp-content\/uploads\/IMG_20240725_095535-768x1024.jpg\" alt=\"\" data-id=\"31980\" data-full-url=\"https:\/\/webpe.colegiomayor.cl\/wp-content\/uploads\/IMG_20240725_095535.jpg\" data-link=\"https:\/\/webpe.colegiomayor.cl\/?attachment_id=31980\" class=\"wp-image-31980\"\/><\/figure><\/li><li class=\"blocks-gallery-item\"><figure><img decoding=\"async\" src=\"https:\/\/webpe.colegiomayor.cl\/wp-content\/uploads\/IMG_20240725_100059-768x1024.jpg\" alt=\"\" data-id=\"31981\" data-full-url=\"https:\/\/webpe.colegiomayor.cl\/wp-content\/uploads\/IMG_20240725_100059.jpg\" data-link=\"https:\/\/webpe.colegiomayor.cl\/?attachment_id=31981\" class=\"wp-image-31981\"\/><\/figure><\/li><\/ul><\/figure>\n\n\n\n<p>En la oportunidad el orientador del colegio, Fabi\u00e1n P\u00e9rez nos se\u00f1al\u00f3 <strong><em>&#8220;Es fundamental para nosotros ofrecer a nuestros estudiantes la posibilidad de acercarse al mundo universitario desde el colegio. Al traer la feria a nuestro entorno escolar, buscamos que todos los alumnos tengan la oportunidad de tomar decisiones informadas sobre su carrera y su futuro. Nuestro compromiso es apoyar a cada estudiante en su camino hacia el \u00e9xito, brind\u00e1ndoles las herramientas y la informaci\u00f3n necesarias para que puedan elegir la opci\u00f3n que mejor se adapte a sus intereses y habilidades&#8221;.<\/em><\/strong><\/p>\n\n\n\n<figure class=\"wp-block-gallery columns-2 is-cropped wp-block-gallery-3 is-layout-flex wp-block-gallery-is-layout-flex\"><ul class=\"blocks-gallery-grid\"><li class=\"blocks-gallery-item\"><figure><img decoding=\"async\" src=\"https:\/\/webpe.colegiomayor.cl\/wp-content\/uploads\/IMG_20240725_095507-768x1024.jpg\" alt=\"\" data-id=\"31986\" data-full-url=\"https:\/\/webpe.colegiomayor.cl\/wp-content\/uploads\/IMG_20240725_095507.jpg\" data-link=\"https:\/\/webpe.colegiomayor.cl\/?attachment_id=31986\" class=\"wp-image-31986\"\/><\/figure><\/li><li class=\"blocks-gallery-item\"><figure><img decoding=\"async\" src=\"https:\/\/webpe.colegiomayor.cl\/wp-content\/uploads\/IMG_20240725_095741-768x1024.jpg\" alt=\"\" data-id=\"31987\" data-full-url=\"https:\/\/webpe.colegiomayor.cl\/wp-content\/uploads\/IMG_20240725_095741.jpg\" data-link=\"https:\/\/webpe.colegiomayor.cl\/?attachment_id=31987\" class=\"wp-image-31987\"\/><\/figure><\/li><\/ul><\/figure>\n\n\n\n<p>La Feria Universitaria 2024 no solo cumpli\u00f3 con sus objetivos informativos, sino que tambi\u00e9n inspir\u00f3 a los j\u00f3venes a visualizar su camino hacia la educaci\u00f3n superior, generando un ambiente de entusiasmo y motivaci\u00f3n por las futuras etapas de su formaci\u00f3n acad\u00e9mica.<\/p>\n\n\n\n<figure class=\"wp-block-image size-large\"><img decoding=\"async\" src=\"https:\/\/webpe.colegiomayor.cl\/wp-content\/uploads\/IMG_20240725_095907-1024x768.jpg\" alt=\"\" class=\"wp-image-31989\"\/><\/figure>\n\n\n\n<p class=\"has-background has-very-light-gray-background-color\"><strong>Algunas de las Universidades e Institutos que participaron:<\/strong><\/p>\n\n\n\n<figure class=\"wp-block-table\"><table class=\"has-subtle-pale-blue-background-color has-background\"><tbody><tr><td>\n  Pontificia Universidad\n  Cat\u00f3lica de Chile\n  <\/td><\/tr><tr><td>\n  Universidad Del Desarrollo\n  <\/td><\/tr><tr><td>\n  Universidad de Chile\n  <\/td><\/tr><tr><td>\n  Universidad Adolfo Ib\u00e1\u00f1ez\n  <\/td><\/tr><tr><td>\n  Universidad de los Andes\n  <\/td><\/tr><tr><td>\n  Universidad T\u00e9cnica\n  Federico Santa Mar\u00eda\n  <\/td><\/tr><tr><td>\n  Universidad Aut\u00f3noma\n  <\/td><\/tr><tr><td>\n  Universidad Mayor\n  <\/td><\/tr><tr><td>\n  Universidad de Santiago\n  USACH\n  <\/td><\/tr><tr><td>\n  Universidad Federico Santa\n  Mar\u00eda\n  <\/td><\/tr><tr><td>\n  Universidad de Chile &#8211;\n  Eco. y Negocios\n  <\/td><\/tr><tr><td>\n  Universidad Uniacc\n  <\/td><\/tr><tr><td>\n  Universidad Santo Tom\u00e1s\n  <\/td><\/tr><tr><td>\n  CPECH\n  <\/td><\/tr><tr><td>\n  Preuniversitario PEDRO DE\n  VALDIVIA\n  <\/td><\/tr><tr><td>\n  Universidad de las\n  Am\u00e9ricas\n  <\/td><\/tr><tr><td>\n  Universidad Pedro de\n  Valdivia\n  <\/td><\/tr><tr><td>\n  DuocUC\n  <\/td><\/tr><tr><td>\n  Universidad San Sebasti\u00e1n\n  <\/td><\/tr><tr><td>\n  Escuela de Aviaci\u00f3n\n  Capit\u00e1n \u00c1valos\n  <\/td><\/tr><tr><td>\n  Universidad Finis Terrae\n  <\/td><\/tr><tr><td>\n  Universidad Andr\u00e9s Bello\n  <\/td><\/tr><\/tbody><\/table><\/figure>\n\n\n\n<figure class=\"wp-block-image size-large\"><img decoding=\"async\" src=\"https:\/\/webpe.colegiomayor.cl\/wp-content\/uploads\/IMG_20240725_095802-1024x768.jpg\" alt=\"\" class=\"wp-image-31990\"\/><\/figure>\n","protected":false},"excerpt":{"rendered":"<p>El pasado 25 de julio, se llev\u00f3 a cabo la esperada &#8220;Feria Universitaria 2024&#8221; en las instalaciones del colegio, contando con la entusiasta participaci\u00f3n de estudiantes desde I a IV\u00b0 Medio. El evento tuvo como principal objetivo proporcionar a los alumnos de ense\u00f1anza media, y&nbsp;<a href=\"https:\/\/webpe.colegiomayor.cl\/?p=31978\">&hellip;<\/a><\/p>\n","protected":false},"author":5,"featured_media":31979,"comment_status":"closed","ping_status":"closed","sticky":false,"template":"","format":"standard","meta":{"content-type":"","footnotes":""},"categories":[23],"tags":[],"class_list":["post-31978","post","type-post","status-publish","format-standard","has-post-thumbnail","hentry","category-actualidad","odd"],"rttpg_featured_image_url":null,"rttpg_author":{"display_name":"Flor Parragu\u00e9z","author_link":"https:\/\/webpe.colegiomayor.cl\/?author=5"},"rttpg_comment":0,"rttpg_category":"<a href=\"https:\/\/webpe.colegiomayor.cl\/?cat=23\" rel=\"category\">COLEGIO<\/a>","rttpg_excerpt":"El pasado 25 de julio, se llev\u00f3 a cabo la esperada &#8220;Feria Universitaria 2024&#8221; en las instalaciones del colegio, contando con la entusiasta participaci\u00f3n de estudiantes desde I a IV\u00b0 Medio. El evento tuvo como principal objetivo proporcionar a los alumnos de ense\u00f1anza media, y&nbsp;&hellip;","_links":{"self":[{"href":"https:\/\/webpe.colegiomayor.cl\/index.php?rest_route=\/wp\/v2\/posts\/31978","targetHints":{"allow":["GET"]}}],"collection":[{"href":"https:\/\/webpe.colegiomayor.cl\/index.php?rest_route=\/wp\/v2\/posts"}],"about":[{"href":"https:\/\/webpe.colegiomayor.cl\/index.php?rest_route=\/wp\/v2\/types\/post"}],"author":[{"embeddable":true,"href":"https:\/\/webpe.colegiomayor.cl\/index.php?rest_route=\/wp\/v2\/users\/5"}],"replies":[{"embeddable":true,"href":"https:\/\/webpe.colegiomayor.cl\/index.php?rest_route=%2Fwp%2Fv2%2Fcomments&post=31978"}],"version-history":[{"count":0,"href":"https:\/\/webpe.colegiomayor.cl\/index.php?rest_route=\/wp\/v2\/posts\/31978\/revisions"}],"wp:featuredmedia":[{"embeddable":true,"href":"https:\/\/webpe.colegiomayor.cl\/index.php?rest_route=\/"}],"wp:attachment":[{"href":"https:\/\/webpe.colegiomayor.cl\/index.php?rest_route=%2Fwp%2Fv2%2Fmedia&parent=31978"}],"wp:term":[{"taxonomy":"category","embeddable":true,"href":"https:\/\/webpe.colegiomayor.cl\/index.php?rest_route=%2Fwp%2Fv2%2Fcategories&post=31978"},{"taxonomy":"post_tag","embeddable":true,"href":"https:\/\/webpe.colegiomayor.cl\/index.php?rest_route=%2Fwp%2Fv2%2Ftags&post=31978"}],"curies":[{"name":"wp","href":"https:\/\/api.w.org\/{rel}","templated":true}]}}