{"id":31945,"date":"2024-07-25T15:29:59","date_gmt":"2024-07-25T15:29:59","guid":{"rendered":"https:\/\/webpe.colegiomayor.cl\/?p=31945"},"modified":"2024-07-25T15:29:59","modified_gmt":"2024-07-25T15:29:59","slug":"actividades-deportivas-sabado-27-de-julio","status":"publish","type":"post","link":"https:\/\/webpe.colegiomayor.cl\/?p=31945","title":{"rendered":"Actividades Deportivas, s\u00e1bado 27 de julio"},"content":{"rendered":"\n<figure class=\"wp-block-image size-large\"><img decoding=\"async\" src=\"https:\/\/webpe.colegiomayor.cl\/wp-content\/uploads\/1820cc2d-2177-4509-8bf6-dd2e35f396e6-1024x768.jpg\" alt=\"\" class=\"wp-image-31901\"\/><\/figure>\n\n\n\n<p class=\"has-background has-very-light-gray-background-color\"><strong>Atletismo Selecci\u00f3n:<\/strong><\/p>\n\n\n\n<p><strong>COPA ATLETISMO\nESCOLAR <\/strong><\/p>\n\n\n\n<p><strong>Lugar:<\/strong> Pista Atl\u00e9tica Estadio San Carlos Apoquindo.<\/p>\n\n\n\n<p><strong>Horario:<\/strong> 09:00 a\n14:00 horas.<\/p>\n\n\n\n<p><strong>Categor\u00edas:<\/strong> Sub\npenecas \/ Sub preparatoria \/ sub infantil <\/p>\n\n\n\n<p><strong>Profesores a cargo:<\/strong> \u00darsula Rebolledo, Javiera Gonz\u00e1lez, Carlos Soto, Claudio Ulloa.<\/p>\n\n\n\n<p><strong>ENTRENAMIENTO\nSUSPENDIDO <\/strong><\/p>\n\n\n\n<p class=\"has-background has-very-light-gray-background-color\"><strong>B\u00e1squetbol<\/strong><\/p>\n\n\n\n<p><strong>TORNEO UC SEMIFINAL\nCMPE V\/S COLEGIO SAN AGUST\u00cdN <\/strong><\/p>\n\n\n\n<p><strong>Lugar:<\/strong>&nbsp; Gimnasio San Agust\u00edn, \u00d1u\u00f1oa<\/p>\n\n\n\n<p><strong>Horario: <\/strong>desde\nlas 08:30 horas <\/p>\n\n\n\n<p><strong>Categor\u00edas:<\/strong> Superior\n<\/p>\n\n\n\n<p><strong>Profesora a cargo:<\/strong> Nicol\u00e1s Ortiz<\/p>\n\n\n\n<p><strong> Partidos amistosos:<\/strong> Colegio Mayor v\/s Club Universidad de Chile<\/p>\n\n\n\n<p><strong>Mini primer a\u00f1o: <\/strong>9:00 hrs.<\/p>\n\n\n\n<p><strong>Mini segundo a\u00f1o: <\/strong>10:00 hrs.<\/p>\n\n\n\n<p><strong>Infantil: <\/strong>11:00 hrs.<\/p>\n\n\n\n<p><strong>Lugar: <\/strong>carpeta norte gimnasio.<\/p>\n\n\n\n<p><strong>Profesor a cargo: <\/strong>Carlos Cerecera <\/p>\n\n\n\n<p class=\"has-background has-very-light-gray-background-color\"><strong>Cheerleaders<\/strong><\/p>\n\n\n\n<p><strong>ENTRENAMIENTO NORMAL<\/strong><\/p>\n\n\n\n<p><strong>Lugar:<\/strong> Foro\nColegio Mayor<\/p>\n\n\n\n<p><strong>Categor\u00eda:<\/strong> Junior<\/p>\n\n\n\n<p><strong>Horario: <\/strong>09:00 a\n10:30 horas<\/p>\n\n\n\n<p><strong>Categor\u00eda:<\/strong> Senior<\/p>\n\n\n\n<p><strong>Horario:<\/strong> 10:30 a\n12:00 horas <\/p>\n\n\n\n<p><strong>Profesores a Cargo:<\/strong>\nDaniela Acu\u00f1a \u2013 Ricardo Vergara&nbsp; <\/p>\n\n\n\n<p class=\"has-background has-very-light-gray-background-color\"><strong>F\u00fatbol:<\/strong><\/p>\n\n\n\n<p><strong>ENTRENAMIENTO NORMAL<\/strong><\/p>\n\n\n\n<p><strong>Lugar:<\/strong> Cancha de\nf\u00fatbol Estadio Mayor <\/p>\n\n\n\n<p><strong>Horario<\/strong>: 09:00 a\n10:30 horas<\/p>\n\n\n\n<p><strong>Categor\u00edas:<\/strong> Superior<strong> &#8211; <\/strong>Intermedia<\/p>\n\n\n\n<p><strong>Profesores a Cargo:<\/strong>\nRa\u00fal briones &#8211; Edgar Vargas<\/p>\n\n\n\n<p><strong>Horario<\/strong>: 10:30 a\n12:00 horas<\/p>\n\n\n\n<p><strong>Categor\u00edas:<\/strong>\nInfantil \u2013 Mini<\/p>\n\n\n\n<p><strong>Profesores a Cargo:<\/strong>\nPablo S\u00e1nchez <\/p>\n\n\n\n<p class=\"has-background has-very-light-gray-background-color\"><strong>Gimnasia Art\u00edstica:<\/strong><\/p>\n\n\n\n<p><strong>COMPETENCIA NIVEL 3<\/strong><\/p>\n\n\n\n<p><strong>Lugar: <\/strong>Colegio\nCarmen Teresiano <\/p>\n\n\n\n<p><strong>Direcci\u00f3n:<\/strong>\nPr\u00edncipe de Gales 8050, La Reina<\/p>\n\n\n\n<p><strong>Citaci\u00f3n: <\/strong>07:45\nhoras<\/p>\n\n\n\n<p><strong>Profesores a cargo<\/strong>:\nLoreto Erazo \u2013 Yabhet Oblitas<\/p>\n\n\n\n<p><strong>ENTRENAMIENTO NORMAL <\/strong><\/p>\n\n\n\n<p><strong>Lugar:<\/strong> Carpeta\nEstadio Mayor <\/p>\n\n\n\n<p><strong>Categor\u00eda:<\/strong> 0 y 1<\/p>\n\n\n\n<p><strong>Horario: <\/strong>09:00 a\n10:30 horas<\/p>\n\n\n\n<p><strong>Categor\u00eda:<\/strong> 2 \u2013 4\ny 5<\/p>\n\n\n\n<p><strong>Horario:<\/strong> 10:30 a\n12:00 horas <\/p>\n\n\n\n<p><strong>Profesores a Cargo:<\/strong>\nMillaray Albornoz <\/p>\n\n\n\n<p class=\"has-background has-very-light-gray-background-color\"><strong>Nataci\u00f3n:<\/strong><\/p>\n\n\n\n<p><strong>ENTRENAMIENTO NORMAL<\/strong><\/p>\n\n\n\n<p><strong>Lugar:<\/strong> Piscina\nEstadio Mayor<\/p>\n\n\n\n<p><strong>Horario Primer Bloque:<\/strong>\n09:00 a 10:20 horas<\/p>\n\n\n\n<p><strong>Categor\u00edas:<\/strong> (3\nB\u00e1sico a III\u00ba Medio)<\/p>\n\n\n\n<p><strong>Horario Segundo\nBloque:<\/strong> 10:30 a 12:00 horas<\/p>\n\n\n\n<p><strong>Categor\u00edas:<\/strong> (2\u00ba a\n4\u00ba B\u00e1sico).<\/p>\n\n\n\n<p><strong>Profesores a Cargo:<\/strong>\nMarly Delgado \u2013 Mat\u00edas Jaque \u2013 Sim\u00f3n Fern\u00e1ndez <\/p>\n\n\n\n<p class=\"has-background has-very-light-gray-background-color\"><strong>Tenis:<\/strong><\/p>\n\n\n\n<p><strong>ENTRENAMIENTO NORMAL<\/strong><\/p>\n\n\n\n<p><strong>Lugar:<\/strong> Canchas de\nTenis Estadio Mayor<\/p>\n\n\n\n<p><strong>Horario: <\/strong>09:00 a\n10:30 horas <\/p>\n\n\n\n<p><strong>Categor\u00eda:<\/strong> grupo\n1ero y 2do b\u00e1sico<\/p>\n\n\n\n<p><strong>Horario: 1<\/strong>0:30 a\n12:00 horas <\/p>\n\n\n\n<p><strong>Categor\u00eda:<\/strong> grupo\n1ero y 2do b\u00e1sico<\/p>\n\n\n\n<p><strong>Profesores a Cargo:<\/strong>\nSebasti\u00e1n Mondaca \u2013 Claudio Catal\u00e1n<\/p>\n\n\n\n<p class=\"has-background has-very-light-gray-background-color\"><strong>Voleibol Femenino<\/strong><\/p>\n\n\n\n<p><strong>ENTRENAMIENTO NORMAL <\/strong><\/p>\n\n\n\n<p><strong>Lugar:<\/strong> Colegio\nMayor<\/p>\n\n\n\n<p><strong>Categor\u00eda<\/strong>: Mini <\/p>\n\n\n\n<p><strong>Horario:<\/strong> 09:00 a\n10:30 horas<\/p>\n\n\n\n<p>&nbsp;<strong>Categor\u00eda<\/strong>: infantil &#8211; superior<\/p>\n\n\n\n<p><strong>Horario:<\/strong> 10:30 \u2013\n12:00 horas<\/p>\n\n\n\n<p>Profesores a cargo: Joaqu\u00edn M\u00e9ndez \u2013 Maximiliano Ram\u00edrez<\/p>\n\n\n\n<p class=\"has-background has-very-light-gray-background-color\"><strong>Voleibol Masculino<\/strong><\/p>\n\n\n\n<p><strong>MASIVO DE VOLEIBOL\nPRE MINI<\/strong><\/p>\n\n\n\n<p><strong>Lugar:<\/strong> Colegio Mayor\nPe\u00f1alol\u00e9n<\/p>\n\n\n\n<p><strong>Horario:<\/strong> citaci\u00f3n\n09:00 horas<\/p>\n\n\n\n<p><strong>Categor\u00eda<\/strong>: Pre\nmini<\/p>\n\n\n\n<p><strong>Profesores a cargo<\/strong>:\nPablo Beltr\u00e1n \u2013 Valent\u00edn Tamayo<\/p>\n\n\n\n<p><strong>AMISTOSO SUB13<\/strong><\/p>\n\n\n\n<p><strong>Lugar:<\/strong> Colegio\nMayor <\/p>\n\n\n\n<p><strong>Horario:<\/strong> citaci\u00f3n\n08:45 horas<\/p>\n\n\n\n<p><strong>Categor\u00eda<\/strong>: Mini<\/p>\n\n\n\n<p><strong>Profesores a cargo<\/strong>:\nPablo Beltr\u00e1n \u2013 Valent\u00edn Tamayo<\/p>\n\n\n\n<p><strong>PARTIDO AMISTOSO\nSUB15<\/strong><\/p>\n\n\n\n<p><strong>Lugar: <\/strong>Colegio\nMayor<\/p>\n\n\n\n<p><strong>Horario: <\/strong>09:45\nhoras<\/p>\n","protected":false},"excerpt":{"rendered":"<p>Atletismo Selecci\u00f3n: COPA ATLETISMO ESCOLAR Lugar: Pista Atl\u00e9tica Estadio San Carlos Apoquindo. Horario: 09:00 a 14:00 horas. Categor\u00edas: Sub penecas \/ Sub preparatoria \/ sub infantil Profesores a cargo: \u00darsula Rebolledo, Javiera Gonz\u00e1lez, Carlos Soto, Claudio Ulloa. ENTRENAMIENTO SUSPENDIDO B\u00e1squetbol TORNEO UC SEMIFINAL CMPE V\/S&nbsp;<a href=\"https:\/\/webpe.colegiomayor.cl\/?p=31945\">&hellip;<\/a><\/p>\n","protected":false},"author":5,"featured_media":31787,"comment_status":"closed","ping_status":"closed","sticky":false,"template":"","format":"standard","meta":{"content-type":"","footnotes":""},"categories":[25],"tags":[],"class_list":["post-31945","post","type-post","status-publish","format-standard","has-post-thumbnail","hentry","category-deportes","odd"],"rttpg_featured_image_url":null,"rttpg_author":{"display_name":"Flor Parragu\u00e9z","author_link":"https:\/\/webpe.colegiomayor.cl\/?author=5"},"rttpg_comment":0,"rttpg_category":"<a href=\"https:\/\/webpe.colegiomayor.cl\/?cat=25\" rel=\"category\">DEPORTES<\/a>","rttpg_excerpt":"Atletismo Selecci\u00f3n: COPA ATLETISMO ESCOLAR Lugar: Pista Atl\u00e9tica Estadio San Carlos Apoquindo. Horario: 09:00 a 14:00 horas. Categor\u00edas: Sub penecas \/ Sub preparatoria \/ sub infantil Profesores a cargo: \u00darsula Rebolledo, Javiera Gonz\u00e1lez, Carlos Soto, Claudio Ulloa. ENTRENAMIENTO SUSPENDIDO B\u00e1squetbol TORNEO UC SEMIFINAL CMPE V\/S&nbsp;&hellip;","_links":{"self":[{"href":"https:\/\/webpe.colegiomayor.cl\/index.php?rest_route=\/wp\/v2\/posts\/31945","targetHints":{"allow":["GET"]}}],"collection":[{"href":"https:\/\/webpe.colegiomayor.cl\/index.php?rest_route=\/wp\/v2\/posts"}],"about":[{"href":"https:\/\/webpe.colegiomayor.cl\/index.php?rest_route=\/wp\/v2\/types\/post"}],"author":[{"embeddable":true,"href":"https:\/\/webpe.colegiomayor.cl\/index.php?rest_route=\/wp\/v2\/users\/5"}],"replies":[{"embeddable":true,"href":"https:\/\/webpe.colegiomayor.cl\/index.php?rest_route=%2Fwp%2Fv2%2Fcomments&post=31945"}],"version-history":[{"count":0,"href":"https:\/\/webpe.colegiomayor.cl\/index.php?rest_route=\/wp\/v2\/posts\/31945\/revisions"}],"wp:featuredmedia":[{"embeddable":true,"href":"https:\/\/webpe.colegiomayor.cl\/index.php?rest_route=\/"}],"wp:attachment":[{"href":"https:\/\/webpe.colegiomayor.cl\/index.php?rest_route=%2Fwp%2Fv2%2Fmedia&parent=31945"}],"wp:term":[{"taxonomy":"category","embeddable":true,"href":"https:\/\/webpe.colegiomayor.cl\/index.php?rest_route=%2Fwp%2Fv2%2Fcategories&post=31945"},{"taxonomy":"post_tag","embeddable":true,"href":"https:\/\/webpe.colegiomayor.cl\/index.php?rest_route=%2Fwp%2Fv2%2Ftags&post=31945"}],"curies":[{"name":"wp","href":"https:\/\/api.w.org\/{rel}","templated":true}]}}