{"id":31925,"date":"2024-07-15T09:20:00","date_gmt":"2024-07-15T09:20:00","guid":{"rendered":"https:\/\/webpe.colegiomayor.cl\/?p=31925"},"modified":"2024-07-15T09:20:00","modified_gmt":"2024-07-15T09:20:00","slug":"fisec-games-rumania-bucarest-2024","status":"publish","type":"post","link":"https:\/\/webpe.colegiomayor.cl\/?p=31925","title":{"rendered":"FISEC Games Rumania Bucarest 2024"},"content":{"rendered":"\n<p class=\"has-background has-text-align-center has-very-light-gray-background-color\"><strong><em>Entre los d\u00edas 15 y 21 julio se llevar\u00e1 a cabo el evento deportivo FISEC, campeonato de car\u00e1cter mundial a nivel escolar, que este a\u00f1o se realizar\u00e1 en Rumania, capital Bucarest, donde deportistas de distintos pa\u00edses vivir\u00e1n y evidenciar\u00e1n una fiesta deportiva durante siete d\u00edas de competencias. <\/em><\/strong><\/p>\n\n\n\n<figure class=\"wp-block-image size-large\"><img decoding=\"async\" src=\"https:\/\/webpe.colegiomayor.cl\/wp-content\/uploads\/Sin-t\u00edtulo-73.png\" alt=\"\" class=\"wp-image-31926\"\/><\/figure>\n\n\n\n<p>Los estudiantes del Colegio Mayor y de la Selecci\u00f3n de Nataci\u00f3n, mediante un clasificatorio realizado a comienzo de a\u00f1o, obtuvieron el cupo para ser parte de la Selecci\u00f3n Chilena Escolar. Instancia en la que mostraron un excelente desempe\u00f1o y muy buenos resultados.<\/p>\n\n\n\n<p>El evento\ndeportivo contar\u00e1 con m\u00e1s de 750 participantes, atletas nacidos en 2007, 2008 y\n2009 y adultos acompa\u00f1antes, de pa\u00edses tales como: Austria, B\u00e9lgica, Brasil,\nChile, Rep\u00fablica Checa, Francia, Alemania, Hungr\u00eda, India, Italia, Malta,\nPa\u00edses Bajos, Portugal, Rumania y Espa\u00f1a.<\/p>\n\n\n\n<p class=\"has-background has-cyan-bluish-gray-background-color\"><strong>Los siguientes son deportistas viajan como delegaci\u00f3n Chile, y participar\u00e1n en competici\u00f3n deportiva de nataci\u00f3n<\/strong>:<\/p>\n\n\n\n<p class=\"has-background has-very-light-gray-background-color\"> <strong>Vicente Rivas <\/strong>\u00a0&#8211; Primero Medio D<\/p>\n\n\n\n<p class=\"has-background has-very-light-gray-background-color\"><strong> Juan Martin Duarte\u00a0<\/strong> &#8211; Primero Medio A<\/p>\n\n\n\n<p class=\"has-background has-very-light-gray-background-color\"><strong>Alonso Miranda\u00a0<\/strong> &#8211; Primero Medio A<\/p>\n\n\n\n<p> El profesor a cargo de la delegaci\u00f3n de Colegio Mayor Pe\u00f1alol\u00e9n, Sim\u00f3n Fern\u00e1ndez, nos se\u00f1al\u00f3 al respecto<strong><em> \u201cEste evento nos motiva mucho, los deportistas en vista de este campeonato mundial han entrenado de buena manera confiamos que nos ira bien, estamos entusiasmados por conocer un nuevo pa\u00eds fuera de am\u00e9rica empaparnos en su cultura y poder entrelazar amistades, ser\u00e1 un viaje muy provechoso para delegaci\u00f3n chilena, aprovecho de agradecer al colegio por brindarnos las mejores condiciones para desarrollar a nuestros deportistas estudiantes y darme la oportunidad de representarlos fuera de Chile\u201d.<\/em><\/strong><\/p>\n\n\n\n<p class=\"has-background has-very-light-gray-background-color\"><strong> \u201cColegio Mayor les desea el mayor de los \u00e9xitos en este nuevo desaf\u00edo\u201d<\/strong><\/p>\n","protected":false},"excerpt":{"rendered":"<p>Entre los d\u00edas 15 y 21 julio se llevar\u00e1 a cabo el evento deportivo FISEC, campeonato de car\u00e1cter mundial a nivel escolar, que este a\u00f1o se realizar\u00e1 en Rumania, capital Bucarest, donde deportistas de distintos pa\u00edses vivir\u00e1n y evidenciar\u00e1n una fiesta deportiva durante siete d\u00edas&nbsp;<a href=\"https:\/\/webpe.colegiomayor.cl\/?p=31925\">&hellip;<\/a><\/p>\n","protected":false},"author":5,"featured_media":31926,"comment_status":"closed","ping_status":"closed","sticky":false,"template":"","format":"standard","meta":{"content-type":"","footnotes":""},"categories":[25],"tags":[],"class_list":["post-31925","post","type-post","status-publish","format-standard","has-post-thumbnail","hentry","category-deportes","odd"],"rttpg_featured_image_url":null,"rttpg_author":{"display_name":"Flor Parragu\u00e9z","author_link":"https:\/\/webpe.colegiomayor.cl\/?author=5"},"rttpg_comment":0,"rttpg_category":"<a href=\"https:\/\/webpe.colegiomayor.cl\/?cat=25\" rel=\"category\">DEPORTES<\/a>","rttpg_excerpt":"Entre los d\u00edas 15 y 21 julio se llevar\u00e1 a cabo el evento deportivo FISEC, campeonato de car\u00e1cter mundial a nivel escolar, que este a\u00f1o se realizar\u00e1 en Rumania, capital Bucarest, donde deportistas de distintos pa\u00edses vivir\u00e1n y evidenciar\u00e1n una fiesta deportiva durante siete d\u00edas&nbsp;&hellip;","_links":{"self":[{"href":"https:\/\/webpe.colegiomayor.cl\/index.php?rest_route=\/wp\/v2\/posts\/31925","targetHints":{"allow":["GET"]}}],"collection":[{"href":"https:\/\/webpe.colegiomayor.cl\/index.php?rest_route=\/wp\/v2\/posts"}],"about":[{"href":"https:\/\/webpe.colegiomayor.cl\/index.php?rest_route=\/wp\/v2\/types\/post"}],"author":[{"embeddable":true,"href":"https:\/\/webpe.colegiomayor.cl\/index.php?rest_route=\/wp\/v2\/users\/5"}],"replies":[{"embeddable":true,"href":"https:\/\/webpe.colegiomayor.cl\/index.php?rest_route=%2Fwp%2Fv2%2Fcomments&post=31925"}],"version-history":[{"count":0,"href":"https:\/\/webpe.colegiomayor.cl\/index.php?rest_route=\/wp\/v2\/posts\/31925\/revisions"}],"wp:featuredmedia":[{"embeddable":true,"href":"https:\/\/webpe.colegiomayor.cl\/index.php?rest_route=\/"}],"wp:attachment":[{"href":"https:\/\/webpe.colegiomayor.cl\/index.php?rest_route=%2Fwp%2Fv2%2Fmedia&parent=31925"}],"wp:term":[{"taxonomy":"category","embeddable":true,"href":"https:\/\/webpe.colegiomayor.cl\/index.php?rest_route=%2Fwp%2Fv2%2Fcategories&post=31925"},{"taxonomy":"post_tag","embeddable":true,"href":"https:\/\/webpe.colegiomayor.cl\/index.php?rest_route=%2Fwp%2Fv2%2Ftags&post=31925"}],"curies":[{"name":"wp","href":"https:\/\/api.w.org\/{rel}","templated":true}]}}