{"id":31907,"date":"2024-07-19T15:10:37","date_gmt":"2024-07-19T15:10:37","guid":{"rendered":"https:\/\/webpe.colegiomayor.cl\/?p=31907"},"modified":"2024-07-19T15:10:37","modified_gmt":"2024-07-19T15:10:37","slug":"actividades-deportivas-sabado-20-de-julio","status":"publish","type":"post","link":"https:\/\/webpe.colegiomayor.cl\/?p=31907","title":{"rendered":"Actividades deportivas, s\u00e1bado 20 de julio."},"content":{"rendered":"\n<figure class=\"wp-block-image size-large\"><img decoding=\"async\" src=\"https:\/\/webpe.colegiomayor.cl\/wp-content\/uploads\/dest_deportes_01-1024x589.jpg\" alt=\"\" class=\"wp-image-25929\"\/><\/figure>\n\n\n\n<p class=\"has-background has-very-light-gray-background-color\"><strong>Atletismo Selecci\u00f3n:<\/strong><\/p>\n\n\n\n<p><strong>ENTRENAMIENTO NORMAL<\/strong><\/p>\n\n\n\n<p><strong>Lugar:<\/strong> Pista\natl\u00e9tica Estadio Mayor.<\/p>\n\n\n\n<p><strong>Horario:<\/strong> 09:00 a\n10:20 horas.<\/p>\n\n\n\n<p><strong>Categor\u00edas:<\/strong> Penecas\n\/ Preparatoria<\/p>\n\n\n\n<p><strong>Horario:<\/strong> 10:30 a\n12:00 horas.<\/p>\n\n\n\n<p><strong>Categor\u00edas:<\/strong> Infantil \/ Intermedia \/ Superior.<\/p>\n\n\n\n<p><strong>Profesores a Cargo:<\/strong> \u00darsula Rebolledo \u2013 Carlos Soto \u2013 Javiera Gonz\u00e1lez.<\/p>\n\n\n\n<p class=\"has-background has-very-light-gray-background-color\"><strong>B\u00e1squetbol<\/strong>:<\/p>\n\n\n\n<p><strong>TORNEO UC SEMIFINAL\nCMPE V\/S COLEGIO SAN AGUST\u00cdN <\/strong><\/p>\n\n\n\n<p><strong>Lugar:<\/strong>\u00a0 Gimnasio San Agust\u00edn, \u00d1u\u00f1oa.<\/p>\n\n\n\n<p><strong>Horario: <\/strong>desde las 08:30 horas.<\/p>\n\n\n\n<p><strong>Categor\u00edas:<\/strong> Superior.<\/p>\n\n\n\n<p><strong>Profesora a cargo:<\/strong> Nicol\u00e1s Ort\u00edz.<\/p>\n\n\n\n<p class=\"has-background has-very-light-gray-background-color\"><strong>Cheerleaders<\/strong>:<\/p>\n\n\n\n<p><strong>ENTRENAMIENTO NORMAL<\/strong><\/p>\n\n\n\n<p><strong>Lugar:<\/strong> Foro.<\/p>\n\n\n\n<p><strong>Horario: <\/strong>desde las 09:00 horas.<\/p>\n\n\n\n<p><strong>Categor\u00edas:<\/strong> Junior &#8211; Senior.<\/p>\n\n\n\n<p><strong>Profesora a cargo:<\/strong> Daniela Acu\u00f1a \u2013 Ricardo Vergara.<\/p>\n\n\n\n<p class=\"has-background has-very-light-gray-background-color\"><strong>F\u00fatbol:<\/strong><\/p>\n\n\n\n<p><strong>PLAY OFF UC CMPE V\/S\nSAN FRANCISCO JAVIER<\/strong><\/p>\n\n\n\n<p><strong>Lugar:<\/strong> Avenida\nSanta Rosa 6790, Huechuraba <\/p>\n\n\n\n<p><strong>Horario<\/strong>: citaci\u00f3n\n09:15 horas<\/p>\n\n\n\n<p><strong>Categor\u00edas:<\/strong> Superior<\/p>\n\n\n\n<p><strong>Profesores a Cargo:<\/strong> Ra\u00fal Briones &#8211; Edgar Vargas.<\/p>\n\n\n\n<p><strong>Gimnasia Art\u00edstica\nSelecci\u00f3n:<\/strong><\/p>\n\n\n\n<p><strong>ENTRENAMIENTO NORMAL\nNIVELES 0 \u2013 1- 2 -3 \u2013 4 \u2013 5 &#8211; 6<\/strong><\/p>\n\n\n\n<p><strong>Lugar:<\/strong> Carpeta\nEstadio Mayor <\/p>\n\n\n\n<p><strong>Horario: <\/strong>09:00 a\n12:00 horas<\/p>\n\n\n\n<p><strong>Profesores a Cargo:<\/strong>\nMillaray Albornoz \u2013 Yabhet Oblitas \u2013 Loreto Erazo<\/p>\n\n\n\n<p class=\"has-background has-very-light-gray-background-color\"><strong>Nataci\u00f3n:<\/strong><\/p>\n\n\n\n<p><strong>ENTRENAMIENTO NORMAL<\/strong><\/p>\n\n\n\n<p><strong>Lugar:<\/strong> Piscina\nEstadio Mayor<\/p>\n\n\n\n<p><strong>Horario Primer\nBloque:<\/strong> 09:00 a 10:20 horas<\/p>\n\n\n\n<p><strong>Categor\u00edas:<\/strong> (3\nB\u00e1sico a III\u00ba Medio)<\/p>\n\n\n\n<p>Profesores a cargo: Nicol\u00e1s Fr\u00edas \u2013 Marly Delgado <\/p>\n\n\n\n<p><strong>Horario Segundo\nBloque:<\/strong> 10:30 a 12:00 horas<\/p>\n\n\n\n<p><strong>Categor\u00edas:<\/strong> (2\u00ba a\n4\u00ba B\u00e1sico).<\/p>\n\n\n\n<p><strong>Profesores a Cargo:<\/strong>\nNicol\u00e1s Fr\u00edas<\/p>\n\n\n\n<p><strong>SELECTIVO JDE 2024<\/strong><\/p>\n\n\n\n<p><strong>Lugar<\/strong>: Centro\nAcu\u00e1tico Kristell Kobrich <\/p>\n\n\n\n<p><strong>Horario<\/strong>: 08:00\nhoras<\/p>\n\n\n\n<p><strong>Categor\u00eda<\/strong>: 2012 a\n2007<\/p>\n\n\n\n<p><strong>Profesor a Cargo<\/strong>:\nMat\u00edas Jaque<\/p>\n\n\n\n<p class=\"has-background has-very-light-gray-background-color\"><strong>Tenis<\/strong>:<\/p>\n\n\n\n<p><strong>ENTRENAMIENTO NORMAL<\/strong><\/p>\n\n\n\n<p><strong>Lugar:<\/strong> Canchas de\nTenis Estadio Mayor<\/p>\n\n\n\n<p><strong>Horario: <\/strong>Desde\nlas 09:00 horas<\/p>\n\n\n\n<p><strong>Profesores a Cargo:<\/strong>\nSebasti\u00e1n Mondaca \u2013 Claudio Catal\u00e1n<\/p>\n\n\n\n<p class=\"has-background has-very-light-gray-background-color\"><strong>Voleibol Femenino<\/strong>:<\/p>\n\n\n\n<p><strong>PARTIDO AMISTOSO CMPE\n<\/strong><\/p>\n\n\n\n<p><strong>Lugar:<\/strong> Colegio Mayor<\/p>\n\n\n\n<p><strong>Categor\u00eda<\/strong>: Mini &#8211;\ninfantil<\/p>\n\n\n\n<p><strong>Horario:<\/strong> Desde\nlas 09:00 horas <\/p>\n\n\n\n<p>Profesores a cargo: Joaqu\u00edn M\u00e9ndez \u2013 Maximiliano Ram\u00edrez<\/p>\n\n\n\n<p><strong>ENTRENAMIENTOS\nSUSPENDIDO SUPERIOR<\/strong><\/p>\n\n\n\n<p class=\"has-background has-very-light-gray-background-color\"><strong>Voleibol Masculino<\/strong><\/p>\n\n\n\n<p><strong>TORNEO UC CMPE V\/S EVEREST\n<\/strong><\/p>\n\n\n\n<p><strong>Lugar:<\/strong> Colegio\nSSCC Manquehue<\/p>\n\n\n\n<p><strong>Horario:<\/strong> citaci\u00f3n 09:00 horas.<\/p>\n\n\n\n<p><strong>Categor\u00eda<\/strong>:\nSuperior<\/p>\n\n\n\n<p><strong>Profesores a cargo<\/strong>: Pablo Beltr\u00e1n \u2013 Valent\u00edn Tamayo.<\/p>\n\n\n\n<p><strong>PARTIDO AMISTOSO\nSUB13<\/strong><\/p>\n\n\n\n<p><strong>Lugar: <\/strong>Colegio Mayor.<\/p>\n\n\n\n<p><strong>Horario: <\/strong>09:00 horas.<\/p>\n\n\n\n<p><strong>Categor\u00eda: <\/strong>Sub13.<\/p>\n","protected":false},"excerpt":{"rendered":"<p>Atletismo Selecci\u00f3n: ENTRENAMIENTO NORMAL Lugar: Pista atl\u00e9tica Estadio Mayor. Horario: 09:00 a 10:20 horas. Categor\u00edas: Penecas \/ Preparatoria Horario: 10:30 a 12:00 horas. Categor\u00edas: Infantil \/ Intermedia \/ Superior. Profesores a Cargo: \u00darsula Rebolledo \u2013 Carlos Soto \u2013 Javiera Gonz\u00e1lez. B\u00e1squetbol: TORNEO UC SEMIFINAL CMPE&nbsp;<a href=\"https:\/\/webpe.colegiomayor.cl\/?p=31907\">&hellip;<\/a><\/p>\n","protected":false},"author":5,"featured_media":25929,"comment_status":"closed","ping_status":"closed","sticky":false,"template":"","format":"standard","meta":{"content-type":"","footnotes":""},"categories":[25],"tags":[],"class_list":["post-31907","post","type-post","status-publish","format-standard","has-post-thumbnail","hentry","category-deportes","odd"],"rttpg_featured_image_url":null,"rttpg_author":{"display_name":"Flor Parragu\u00e9z","author_link":"https:\/\/webpe.colegiomayor.cl\/?author=5"},"rttpg_comment":0,"rttpg_category":"<a href=\"https:\/\/webpe.colegiomayor.cl\/?cat=25\" rel=\"category\">DEPORTES<\/a>","rttpg_excerpt":"Atletismo Selecci\u00f3n: ENTRENAMIENTO NORMAL Lugar: Pista atl\u00e9tica Estadio Mayor. Horario: 09:00 a 10:20 horas. Categor\u00edas: Penecas \/ Preparatoria Horario: 10:30 a 12:00 horas. Categor\u00edas: Infantil \/ Intermedia \/ Superior. Profesores a Cargo: \u00darsula Rebolledo \u2013 Carlos Soto \u2013 Javiera Gonz\u00e1lez. B\u00e1squetbol: TORNEO UC SEMIFINAL CMPE&nbsp;&hellip;","_links":{"self":[{"href":"https:\/\/webpe.colegiomayor.cl\/index.php?rest_route=\/wp\/v2\/posts\/31907","targetHints":{"allow":["GET"]}}],"collection":[{"href":"https:\/\/webpe.colegiomayor.cl\/index.php?rest_route=\/wp\/v2\/posts"}],"about":[{"href":"https:\/\/webpe.colegiomayor.cl\/index.php?rest_route=\/wp\/v2\/types\/post"}],"author":[{"embeddable":true,"href":"https:\/\/webpe.colegiomayor.cl\/index.php?rest_route=\/wp\/v2\/users\/5"}],"replies":[{"embeddable":true,"href":"https:\/\/webpe.colegiomayor.cl\/index.php?rest_route=%2Fwp%2Fv2%2Fcomments&post=31907"}],"version-history":[{"count":0,"href":"https:\/\/webpe.colegiomayor.cl\/index.php?rest_route=\/wp\/v2\/posts\/31907\/revisions"}],"wp:featuredmedia":[{"embeddable":true,"href":"https:\/\/webpe.colegiomayor.cl\/index.php?rest_route=\/"}],"wp:attachment":[{"href":"https:\/\/webpe.colegiomayor.cl\/index.php?rest_route=%2Fwp%2Fv2%2Fmedia&parent=31907"}],"wp:term":[{"taxonomy":"category","embeddable":true,"href":"https:\/\/webpe.colegiomayor.cl\/index.php?rest_route=%2Fwp%2Fv2%2Fcategories&post=31907"},{"taxonomy":"post_tag","embeddable":true,"href":"https:\/\/webpe.colegiomayor.cl\/index.php?rest_route=%2Fwp%2Fv2%2Ftags&post=31907"}],"curies":[{"name":"wp","href":"https:\/\/api.w.org\/{rel}","templated":true}]}}